{"id":27191,"date":"2023-07-27T07:59:30","date_gmt":"2023-07-27T10:59:30","guid":{"rendered":"https:\/\/wpa.wscom.com.br\/?p=914228"},"modified":"2023-07-27T07:59:30","modified_gmt":"2023-07-27T10:59:30","slug":"bolsonarista-suspeito-de-participar-do-ataque-a-sede-da-pf-em-dezembro-e-preso","status":"publish","type":"post","link":"https:\/\/sindaopcpb.org.br\/index.php\/2023\/07\/27\/bolsonarista-suspeito-de-participar-do-ataque-a-sede-da-pf-em-dezembro-e-preso\/","title":{"rendered":"Bolsonarista suspeito de participar do ataque \u00e0 sede da PF em dezembro \u00e9 preso"},"content":{"rendered":"<p>O influenciador bolsonarista Allan Frutuozo da Silva, suspeito de participar dos ataques \u00e0 sede da Pol\u00edcia Federal em Bras\u00edlia no \u00faltimo 12 de dezembro, foi preso nesta quarta-feira (26) no Aeroporto do Gale\u00e3o, no Rio de Janeiro. Ele foi preso no momento em que tentava embarcar em um voo com destino \u00e0 Argentina, informa o\u00a0<a href=\"https:\/\/www.estadao.com.br\/politica\/bolsonarista-investigado-por-ataque-a-sede-da-pf-e-preso-ao-tentar-fugir-para-argentina\/\" rel=\"noopener nofollow\" target=\"_blank\">Estado de S. Paulo<\/a>. Agentes policiais o interceptaram enquanto ele passava pela fila de emigra\u00e7\u00e3o. Um mandado de pris\u00e3o preventiva havia sido emitido contra ele em dezembro do ano anterior, pela Justi\u00e7a Federal do Distrito Federal.<\/p>\n<p>Logo ap\u00f3s ser detido, no in\u00edcio da tarde, Frutuozo foi conduzido a uma sala da pol\u00edcia, onde iniciou uma transmiss\u00e3o ao vivo pelo YouTube e Twitter para informar sobre sua pris\u00e3o. Ele postou no Twitter: &#8220;parece que realmente v\u00e3o me recolher. N\u00e3o percam a esperan\u00e7a no Brasil&#8221;.<\/p>\n<p>Conforme a decis\u00e3o judicial, Frutuozo \u00e9 suspeito de associa\u00e7\u00e3o criminosa e coa\u00e7\u00e3o no curso do processo. Em v\u00eddeos registrados durante a invas\u00e3o \u00e0 Pol\u00edcia Federal, ele pode ser ouvido incentivando outros apoiadores de Bolsonaro com gritos de &#8220;\u00e9 guerra&#8221;, de acordo com o relat\u00f3rio policial.<\/p>\n<p>A decis\u00e3o que ordenou sua pris\u00e3o afirma: &#8220;h\u00e1 nos autos ind\u00edcios de que Allan n\u00e3o apenas divulgou os atos delituosos, como tamb\u00e9m conhecia e colaborava com os prop\u00f3sitos do grupo, inclusive no que se refere ao emprego de meios violentos&#8221;.<\/p>\n<p>Ap\u00f3s a pris\u00e3o, Frutuozo foi conduzido pelas autoridades para a penitenci\u00e1ria de Benfica, localizada na Zona Norte do Rio de Janeiro.<\/p>\n<p>O post <a rel=\"nofollow noopener\" href=\"https:\/\/wscom.com.br\/bolsonarista-suspeito-de-participar-do-ataque-a-sede-da-pf-em-dezembro-e-preso\/\" target=\"_blank\">Bolsonarista suspeito de participar do ataque \u00e0 sede da PF em dezembro \u00e9 preso<\/a> apareceu primeiro em <a rel=\"nofollow noopener\" href=\"https:\/\/wscom.com.br\/\" target=\"_blank\">WSCOM<\/a>.<\/p>\n","protected":false},"excerpt":{"rendered":"<p>O influenciador bolsonarista Allan Frutuozo da Silva, suspeito de participar dos ataques \u00e0 sede da Pol\u00edcia Federal em Bras\u00edlia no \u00faltimo 12 de dezembro, foi preso nesta quarta-feira (26) no Aeroporto do Gale\u00e3o, no Rio de Janeiro. Ele foi preso no momento em que tentava embarcar em um voo com destino \u00e0 Argentina, informa o\u00a0Estado [\u2026]<\/p>\n<p>O post <a rel=\"nofollow\" href=\"https:\/\/wscom.com.br\/bolsonarista-suspeito-de-participar-do-ataque-a-sede-da-pf-em-dezembro-e-preso\/\">Bolsonarista suspeito de participar do ataque \u00e0 sede da PF em dezembro \u00e9 preso<\/a> apareceu primeiro em <a rel=\"nofollow\" href=\"https:\/\/wscom.com.br\/\">WSCOM<\/a>.<\/p>\n","protected":false},"author":50,"featured_media":0,"comment_status":"closed","ping_status":"closed","sticky":false,"template":"","format":"standard","meta":{"advgb_blocks_editor_width":"","advgb_blocks_columns_visual_guide":"","footnotes":""},"categories":[441,7017,115,34,518],"tags":[35],"class_list":["post-27191","post","type-post","status-publish","format-standard","hentry","category-ataque","category-bolsonarista","category-brasil","category-g1","category-pf","tag-g1"],"author_meta":{"display_name":"Wallyson","author_link":"https:\/\/sindaopcpb.org.br\/author\/wallyson\/"},"featured_img":null,"coauthors":[],"tax_additional":{"categories":{"linked":["<a href=\"https:\/\/sindaopcpb.org.br\/ataque\/\" class=\"advgb-post-tax-term\">Ataque<\/a>","<a href=\"https:\/\/sindaopcpb.org.br\/bolsonarista\/\" class=\"advgb-post-tax-term\">Bolsonarista<\/a>","<a href=\"https:\/\/sindaopcpb.org.br\/brasil\/\" class=\"advgb-post-tax-term\">Brasil<\/a>","<a href=\"https:\/\/sindaopcpb.org.br\/g1\/\" class=\"advgb-post-tax-term\">G1<\/a>","<a href=\"https:\/\/sindaopcpb.org.br\/pf\/\" class=\"advgb-post-tax-term\">pf<\/a>"],"unlinked":["<span class=\"advgb-post-tax-term\">Ataque<\/span>","<span class=\"advgb-post-tax-term\">Bolsonarista<\/span>","<span class=\"advgb-post-tax-term\">Brasil<\/span>","<span class=\"advgb-post-tax-term\">G1<\/span>","<span class=\"advgb-post-tax-term\">pf<\/span>"]},"tags":{"linked":["<a href=\"https:\/\/sindaopcpb.org.br\/pf\/\" class=\"advgb-post-tax-term\">g1<\/a>"],"unlinked":["<span class=\"advgb-post-tax-term\">g1<\/span>"]}},"comment_count":"0","relative_dates":{"created":"Publicado 3 anos atr\u00e1s","modified":"Atualizado 3 anos atr\u00e1s"},"absolute_dates":{"created":"Publicado em 27 de julho de 2023","modified":"Atualizado em 27 de julho de 2023"},"absolute_dates_time":{"created":"Publicado em 27 de julho de 2023 07:59","modified":"Atualizado em 27 de julho de 2023 07:59"},"featured_img_caption":"","series_order":"","_links":{"self":[{"href":"https:\/\/sindaopcpb.org.br\/index.php\/wp-json\/wp\/v2\/posts\/27191","targetHints":{"allow":["GET"]}}],"collection":[{"href":"https:\/\/sindaopcpb.org.br\/index.php\/wp-json\/wp\/v2\/posts"}],"about":[{"href":"https:\/\/sindaopcpb.org.br\/index.php\/wp-json\/wp\/v2\/types\/post"}],"author":[{"embeddable":true,"href":"https:\/\/sindaopcpb.org.br\/index.php\/wp-json\/wp\/v2\/users\/50"}],"replies":[{"embeddable":true,"href":"https:\/\/sindaopcpb.org.br\/index.php\/wp-json\/wp\/v2\/comments?post=27191"}],"version-history":[{"count":1,"href":"https:\/\/sindaopcpb.org.br\/index.php\/wp-json\/wp\/v2\/posts\/27191\/revisions"}],"predecessor-version":[{"id":27192,"href":"https:\/\/sindaopcpb.org.br\/index.php\/wp-json\/wp\/v2\/posts\/27191\/revisions\/27192"}],"wp:attachment":[{"href":"https:\/\/sindaopcpb.org.br\/index.php\/wp-json\/wp\/v2\/media?parent=27191"}],"wp:term":[{"taxonomy":"category","embeddable":true,"href":"https:\/\/sindaopcpb.org.br\/index.php\/wp-json\/wp\/v2\/categories?post=27191"},{"taxonomy":"post_tag","embeddable":true,"href":"https:\/\/sindaopcpb.org.br\/index.php\/wp-json\/wp\/v2\/tags?post=27191"}],"curies":[{"name":"wp","href":"https:\/\/api.w.org\/{rel}","templated":true}]}}