{"id":27163,"date":"2023-07-26T19:43:59","date_gmt":"2023-07-26T22:43:59","guid":{"rendered":"https:\/\/wpa.wscom.com.br\/?p=914181"},"modified":"2023-07-26T19:43:59","modified_gmt":"2023-07-26T22:43:59","slug":"azul-anuncia-10-novos-voos-fretados-para-alta-temporada-na-paraiba","status":"publish","type":"post","link":"https:\/\/sindaopcpb.org.br\/index.php\/2023\/07\/26\/azul-anuncia-10-novos-voos-fretados-para-alta-temporada-na-paraiba\/","title":{"rendered":"Azul anuncia 10 novos voos fretados para alta temporada na Para\u00edba"},"content":{"rendered":"<p>O fluxo de turistas na Para\u00edba deve crescer 30% na chegada de 10 novos voos semanais para a alta temporada a partir de dezembro de 2023. O an\u00fancio foi feito na manh\u00e3 desta quarta-feira (26) por representantes da Azul Viagens numa coletiva de imprensa, que contou com a presen\u00e7a gestores do Governo do Estado e de representantes do trade tur\u00edstico em Jo\u00e3o Pessoa.<\/p>\n<p>De acordo com a gerente de produtos da Azul Viagens, Giulliana Mesquita, os novos voos v\u00e3o operar da segunda quinzena de dezembro deste ano at\u00e9 o final de janeiro de 2024 semanalmente, partindo de aeroportos nas seguintes cidades: Belo Horizonte, Campinas, Congonhas, Uberl\u00e2ndia, Goi\u00e2nia, S\u00e3o Jos\u00e9 do Rio Preto e Ribeir\u00e3o Preto.<\/p>\n<p>\u201cA Para\u00edba \u00e9 o destino que mais cresce dentro do portf\u00f3lio da Azul Viagens\u201d, destacou Giulliana, explicando que os 10 novos voos semanais v\u00e3o representar 11 mil assentos durante o per\u00edodo, quando na alta temporada anterior foram sete mil. \u201cSomente at\u00e9 a metade desse ano, a gente j\u00e1 superou 64% em rela\u00e7\u00e3o ao primeiro semestre do ano passado\u201d, acrescentou.<\/p>\n<p>O an\u00fancio da Azul foi visto como uma not\u00edcia extraordin\u00e1ria pelo trade e os gestores p\u00fablicos presentes \u00e0 entrevista coletiva. O presidente da Empresa Paraibana de Turismo (PBTur), Ferdinando Lucena, destacou que tudo \u00e9 fruto de um trabalho em conjunto. \u201cSomente esse ano, o Governo do Estado, atrav\u00e9s da Setde e PBTur, j\u00e1 investiu R$ 3,5 milh\u00f5es em promo\u00e7\u00e3o e divulga\u00e7\u00e3o do Destino Para\u00edba. \u00c9 um trabalho que realmente virou a chave do turismo no Estado\u201d.<\/p>\n<p>A secret\u00e1ria estadual de Turismo e Desenvolvimento Econ\u00f4mico (Setde), Ros\u00e1lia Lucas, agradeceu a parceria e destacou que esse \u00e9 um trabalho que vem sendo desenvolvido e amadurecido h\u00e1 algum tempo e que inclui a chegada de novos equipamentos tur\u00edsticos e atra\u00e7\u00e3o de eventos importantes. \u201c\u00c9 uma soma de a\u00e7\u00f5es que corroboram com esse momento especial do Destino Para\u00edba\u201d.<\/p>\n<p>\u201c\u00c9 uma alegria receber a not\u00edcia desses investimentos \u00e0s v\u00e9speras de mais um anivers\u00e1rio de Jo\u00e3o Pessoa\u201d, lembrou o secret\u00e1rio municipal de turismo, Daniel Rodrigues. Tamb\u00e9m presente ao an\u00fancio, a prefeita do Conde, Karla Pimentel, comemorou o momento tur\u00edstico que a Para\u00edba vive. \u201cNunca houve tanto investimento dentro do Estado quanto agora\u201d.<\/p>\n<p>&nbsp;<\/p>\n<p>De acordo com a Azul Viagens, os novos voos v\u00e3o come\u00e7ar a ser distribu\u00eddos a partir da segunda quinzena de agosto, num evento que acontecer\u00e1 em Campinas.<\/p>\n<p>O post <a rel=\"nofollow noopener\" href=\"https:\/\/wscom.com.br\/azul-anuncia-10-novos-voos-fretados-para-alta-temporada-na-paraiba\/\" target=\"_blank\">Azul anuncia 10 novos voos fretados para alta temporada na Para\u00edba<\/a> apareceu primeiro em <a rel=\"nofollow noopener\" href=\"https:\/\/wscom.com.br\/\" target=\"_blank\">WSCOM<\/a>.<\/p>\n","protected":false},"excerpt":{"rendered":"<p>O fluxo de turistas na Para\u00edba deve crescer 30% na chegada de 10 novos voos semanais para a alta temporada a partir de dezembro de 2023. O an\u00fancio foi feito na manh\u00e3 desta quarta-feira (26) por representantes da Azul Viagens numa coletiva de imprensa, que contou com a presen\u00e7a gestores do Governo do Estado e [\u2026]<\/p>\n<p>O post <a rel=\"nofollow\" href=\"https:\/\/wscom.com.br\/azul-anuncia-10-novos-voos-fretados-para-alta-temporada-na-paraiba\/\">Azul anuncia 10 novos voos fretados para alta temporada na Para\u00edba<\/a> apareceu primeiro em <a rel=\"nofollow\" href=\"https:\/\/wscom.com.br\/\">WSCOM<\/a>.<\/p>\n","protected":false},"author":50,"featured_media":0,"comment_status":"closed","ping_status":"closed","sticky":false,"template":"","format":"standard","meta":{"advgb_blocks_editor_width":"","advgb_blocks_columns_visual_guide":"","footnotes":""},"categories":[6342,34,54,7011],"tags":[35],"class_list":["post-27163","post","type-post","status-publish","format-standard","hentry","category-azul","category-g1","category-paraiba","category-voos","tag-g1"],"author_meta":{"display_name":"Wallyson","author_link":"https:\/\/sindaopcpb.org.br\/author\/wallyson\/"},"featured_img":null,"coauthors":[],"tax_additional":{"categories":{"linked":["<a href=\"https:\/\/sindaopcpb.org.br\/azul\/\" class=\"advgb-post-tax-term\">Azul<\/a>","<a href=\"https:\/\/sindaopcpb.org.br\/g1\/\" class=\"advgb-post-tax-term\">G1<\/a>","<a href=\"https:\/\/sindaopcpb.org.br\/paraiba\/\" class=\"advgb-post-tax-term\">Para\u00edba<\/a>","<a href=\"https:\/\/sindaopcpb.org.br\/voos\/\" class=\"advgb-post-tax-term\">voos<\/a>"],"unlinked":["<span class=\"advgb-post-tax-term\">Azul<\/span>","<span class=\"advgb-post-tax-term\">G1<\/span>","<span class=\"advgb-post-tax-term\">Para\u00edba<\/span>","<span class=\"advgb-post-tax-term\">voos<\/span>"]},"tags":{"linked":["<a href=\"https:\/\/sindaopcpb.org.br\/voos\/\" class=\"advgb-post-tax-term\">g1<\/a>"],"unlinked":["<span class=\"advgb-post-tax-term\">g1<\/span>"]}},"comment_count":"0","relative_dates":{"created":"Publicado 3 anos atr\u00e1s","modified":"Atualizado 3 anos atr\u00e1s"},"absolute_dates":{"created":"Publicado em 26 de julho de 2023","modified":"Atualizado em 26 de julho de 2023"},"absolute_dates_time":{"created":"Publicado em 26 de julho de 2023 19:43","modified":"Atualizado em 26 de julho de 2023 19:43"},"featured_img_caption":"","series_order":"","_links":{"self":[{"href":"https:\/\/sindaopcpb.org.br\/index.php\/wp-json\/wp\/v2\/posts\/27163","targetHints":{"allow":["GET"]}}],"collection":[{"href":"https:\/\/sindaopcpb.org.br\/index.php\/wp-json\/wp\/v2\/posts"}],"about":[{"href":"https:\/\/sindaopcpb.org.br\/index.php\/wp-json\/wp\/v2\/types\/post"}],"author":[{"embeddable":true,"href":"https:\/\/sindaopcpb.org.br\/index.php\/wp-json\/wp\/v2\/users\/50"}],"replies":[{"embeddable":true,"href":"https:\/\/sindaopcpb.org.br\/index.php\/wp-json\/wp\/v2\/comments?post=27163"}],"version-history":[{"count":1,"href":"https:\/\/sindaopcpb.org.br\/index.php\/wp-json\/wp\/v2\/posts\/27163\/revisions"}],"predecessor-version":[{"id":27164,"href":"https:\/\/sindaopcpb.org.br\/index.php\/wp-json\/wp\/v2\/posts\/27163\/revisions\/27164"}],"wp:attachment":[{"href":"https:\/\/sindaopcpb.org.br\/index.php\/wp-json\/wp\/v2\/media?parent=27163"}],"wp:term":[{"taxonomy":"category","embeddable":true,"href":"https:\/\/sindaopcpb.org.br\/index.php\/wp-json\/wp\/v2\/categories?post=27163"},{"taxonomy":"post_tag","embeddable":true,"href":"https:\/\/sindaopcpb.org.br\/index.php\/wp-json\/wp\/v2\/tags?post=27163"}],"curies":[{"name":"wp","href":"https:\/\/api.w.org\/{rel}","templated":true}]}}