{"id":27159,"date":"2023-07-26T19:25:37","date_gmt":"2023-07-26T22:25:37","guid":{"rendered":"https:\/\/www.infomoney.com.br\/?p=2197897"},"modified":"2023-07-26T19:25:37","modified_gmt":"2023-07-26T22:25:37","slug":"governo-anuncia-marcio-pochmann-para-presidencia-do-ibge","status":"publish","type":"post","link":"https:\/\/sindaopcpb.org.br\/index.php\/2023\/07\/26\/governo-anuncia-marcio-pochmann-para-presidencia-do-ibge\/","title":{"rendered":"Governo anuncia M\u00e1rcio Pochmann para presid\u00eancia do IBGE"},"content":{"rendered":"<p><img loading=\"lazy\" width=\"300\" height=\"224\" src=\"https:\/\/www.infomoney.com.br\/wp-content\/uploads\/2019\/06\/marcio-pochmann.jpg?fit=300%2C224&amp;quality=70&amp;strip=all\" class=\"attachment-medium size-medium wp-post-image\" alt=\"\" decoding=\"async\" style=\"float:right; margin:0 0 10px 10px;\" srcset=\"https:\/\/www.infomoney.com.br\/wp-content\/uploads\/2019\/06\/marcio-pochmann.jpg?w=455&amp;quality=70&amp;strip=all 455w, https:\/\/www.infomoney.com.br\/wp-content\/uploads\/2019\/06\/marcio-pochmann.jpg?w=300&amp;quality=70&amp;strip=all 300w, https:\/\/www.infomoney.com.br\/wp-content\/uploads\/2019\/06\/marcio-pochmann.jpg?w=150&amp;quality=70&amp;strip=all 150w\" sizes=\"auto, (max-width: 300px) 100vw, 300px\" data-attachment-id=\"53473\" data-permalink=\"https:\/\/www.infomoney.com.br\/marcio-pochmann\/\" data-orig-file=\"https:\/\/www.infomoney.com.br\/wp-content\/uploads\/2019\/06\/marcio-pochmann.jpg?fit=455%2C340&amp;quality=70&amp;strip=all\" data-orig-size=\"455,340\" data-comments-opened=\"1\" data-image-meta=\"{&quot;aperture&quot;:&quot;0&quot;,&quot;credit&quot;:&quot;&quot;,&quot;camera&quot;:&quot;&quot;,&quot;caption&quot;:&quot;&quot;,&quot;created_timestamp&quot;:&quot;0&quot;,&quot;copyright&quot;:&quot;&quot;,&quot;focal_length&quot;:&quot;0&quot;,&quot;iso&quot;:&quot;0&quot;,&quot;shutter_speed&quot;:&quot;0&quot;,&quot;title&quot;:&quot;&quot;,&quot;orientation&quot;:&quot;0&quot;}\" data-image-title=\"marcio-pochmann\" data-image-description=\"\" data-image-caption=\"\" data-medium-file=\"https:\/\/www.infomoney.com.br\/wp-content\/uploads\/2019\/06\/marcio-pochmann.jpg?fit=300%2C224&amp;quality=70&amp;strip=all\" data-large-file=\"https:\/\/www.infomoney.com.br\/wp-content\/uploads\/2019\/06\/marcio-pochmann.jpg?fit=455%2C340&amp;quality=70&amp;strip=all\" title=\"\"><\/p>\n<p>Em meio \u00e0 press\u00e3o do Partido dos Trabalhadores (PT) e uma disputa dentro do pr\u00f3prio governo do presidente Luiz In\u00e1cio Lula da Silva (PT) nos bastidores, o economista M\u00e1rcio Pochmann vai assumir o comando do Instituto Brasileiro de Geografia e Estat\u00edstica (IBGE).<\/p>\n<p>A informa\u00e7\u00e3o foi confirmada nesta quarta-feira (26) pelo ministro da Comunica\u00e7\u00e3o Social, Paulo Pimenta (PT), que disse que a escolha n\u00e3o encontrou resist\u00eancias dentro do governo. A data da posse ainda n\u00e3o foi definida, mas dever\u00e1 ocorrer em agosto.<\/p>\n<p>Pochmann \u00e9 economista com gradua\u00e7\u00e3o em Ci\u00eancias Econ\u00f4micas pela Universidade Federal do Rio Grande do Sul (1984), p\u00f3s-gradua\u00e7\u00e3o em Ci\u00eancias Pol\u00edticas pela Associa\u00e7\u00e3o de Ensino Superior do Distrito Federal, doutorado em Ci\u00eancia Econ\u00f4mica pela Universidade Estadual de Campinas (1993) e concursos de pesquisador do Centro de Estudos Sindicais e de Economia do Trabalho (1989), de professor (1994), Livre Docente (2000) e Titular (2014) pela Unicamp.<\/p>\n<p>Foi presidente da Funda\u00e7\u00e3o Perseu Abramo (institui\u00e7\u00e3o ligada ao PT) de 2012 a 2020, presidente do Instituto de Pesquisa Econ\u00f4mica Aplicada (Ipea), entre 2007 e 2012, e secret\u00e1rio municipal de S\u00e3o Paulo de 2001 a 2004. Concorreu duas vezes a prefeitura de Campinas (2012 e 2016). Nas elei\u00e7\u00f5es de 2018, <a href=\"https:\/\/www.youtube.com\/watch?v=_SLqN2Dyny8\" rel=\"nofollow noopener\" target=\"_blank\">foi um dos formuladores do programa de governo de Lula<\/a>. Recentemente presidia o Instituto Lula.<\/p>\n<p>Ele vai assumir a vaga de Cimar Azeredo, que comandava interinamente o \u00f3rg\u00e3o e conduziu a entrega dos primeiros resultados do Censo 2022, em junho.<\/p>\n<p>Nos bastidores, o nome de Pochmann gerava preocupa\u00e7\u00e3o entre integrantes do Minist\u00e9rio do Planejamento e Or\u00e7amento \u2012 pasta comandada por Simone Tebet (MDB).<\/p>\n<p>H\u00e1 uma avalia\u00e7\u00e3o de que a escolha \u00e9 pol\u00edtica e que o indicado n\u00e3o tem especialidade em demografia e estat\u00edstica para ocupar o cargo, al\u00e9m do perfil heterodoxo na economia. Sob a condi\u00e7\u00e3o de anonimato, uma fonte classificou a not\u00edcia como uma \u201cderrota\u201d para a pasta e acha dif\u00edcil a possibilidade de revers\u00e3o.<\/p>\n<p>A not\u00edcia representa uma vit\u00f3ria de integrantes do Partido dos Trabalhadores, que insistiam pela indica\u00e7\u00e3o, e acende um sinal de alerta no Planejamento, por representar uma inger\u00eancia sobre as escolhas que Tebet vinha fazendo para sua equipe, e ocorre em um momento ainda sens\u00edvel para o IBGE, que ainda organiza os resultados do Censo 2022.<\/p>\n<p>Ontem (25), em entrevista \u00e0 r\u00e1dio CBN, Tebet chegou a dizer que o assunto do comando do IBGE n\u00e3o havia sido colocado \u00e0 sua mesa. \u201cNeste momento, n\u00e3o estamos discutindo mudan\u00e7a de nome. N\u00e3o chegou nada em rela\u00e7\u00e3o a qualquer tipo de pedido e n\u00e3o estamos discutindo nomes no IBGE\u201d, disse.<\/p>\n<p>The post <a rel=\"nofollow noopener\" href=\"https:\/\/www.infomoney.com.br\/politica\/governo-anuncia-marcio-pochmann-para-presidencia-do-ibge\/\" target=\"_blank\">Governo anuncia M\u00e1rcio Pochmann para presid\u00eancia do IBGE<\/a> appeared first on <a rel=\"nofollow noopener\" href=\"https:\/\/www.infomoney.com.br\/\" target=\"_blank\">InfoMoney<\/a>.<\/p>\n","protected":false},"excerpt":{"rendered":"<p><img loading=\"lazy\" decoding=\"async\" width=\"300\" height=\"224\" src=\"https:\/\/www.infomoney.com.br\/wp-content\/uploads\/2019\/06\/marcio-pochmann.jpg?fit=300%2C224&amp;quality=70&amp;strip=all\" class=\"attachment-medium size-medium wp-post-image\" alt=\"\" data-attachment-id=\"53473\" data-permalink=\"https:\/\/www.infomoney.com.br\/marcio-pochmann\/\" data-orig-file=\"https:\/\/www.infomoney.com.br\/wp-content\/uploads\/2019\/06\/marcio-pochmann.jpg?fit=455%2C340&amp;quality=70&amp;strip=all\" data-orig-size=\"455,340\" data-comments-opened=\"1\" data-image-meta='{\"aperture\":\"0\",\"credit\":\"\",\"camera\":\"\",\"caption\":\"\",\"created_timestamp\":\"0\",\"copyright\":\"\",\"focal_length\":\"0\",\"iso\":\"0\",\"shutter_speed\":\"0\",\"title\":\"\",\"orientation\":\"0\"}' data-image-title=\"marcio-pochmann\" data-image-description=\"\" data-image-caption=\"\" data-medium-file=\"https:\/\/www.infomoney.com.br\/wp-content\/uploads\/2019\/06\/marcio-pochmann.jpg?fit=300%2C224&amp;quality=70&amp;strip=all\" data-large-file=\"https:\/\/www.infomoney.com.br\/wp-content\/uploads\/2019\/06\/marcio-pochmann.jpg?fit=455%2C340&amp;quality=70&amp;strip=all\">Escolha de economista \u00e9 vista como derrota para Simone Tebet, que viu desejo de Lula e do PT se sobreporem \u00e0 sua autonomia em indicar equipe<\/p>\n<p>The post <a rel=\"nofollow\" href=\"https:\/\/www.infomoney.com.br\/politica\/governo-anuncia-marcio-pochmann-para-presidencia-do-ibge\/\">Governo anuncia M\u00e1rcio Pochmann para presid\u00eancia do IBGE<\/a> appeared first on <a rel=\"nofollow\" href=\"https:\/\/www.infomoney.com.br\/\">InfoMoney<\/a>.<\/p>\n","protected":false},"author":52,"featured_media":0,"comment_status":"closed","ping_status":"closed","sticky":false,"template":"","format":"standard","meta":{"advgb_blocks_editor_width":"","advgb_blocks_columns_visual_guide":"","footnotes":""},"categories":[69,34,129,6973,47,813,360],"tags":[35],"class_list":["post-27159","post","type-post","status-publish","format-standard","hentry","category-economia","category-g1","category-luiz-inacio-lula-da-silva","category-marcio-pochmann","category-politica","category-pt","category-simone-tebet","tag-g1"],"author_meta":{"display_name":"Marcos Mortari","author_link":"https:\/\/sindaopcpb.org.br\/author\/marcos-mortari\/"},"featured_img":null,"coauthors":[],"tax_additional":{"categories":{"linked":["<a href=\"https:\/\/sindaopcpb.org.br\/economia\/\" class=\"advgb-post-tax-term\">Economia<\/a>","<a href=\"https:\/\/sindaopcpb.org.br\/g1\/\" class=\"advgb-post-tax-term\">G1<\/a>","<a href=\"https:\/\/sindaopcpb.org.br\/luiz-inacio-lula-da-silva\/\" class=\"advgb-post-tax-term\">Luiz In\u00e1cio Lula da Silva<\/a>","<a href=\"https:\/\/sindaopcpb.org.br\/marcio-pochmann\/\" class=\"advgb-post-tax-term\">M\u00e1rcio Pochmann<\/a>","<a href=\"https:\/\/sindaopcpb.org.br\/politica\/\" class=\"advgb-post-tax-term\">POLITICA<\/a>","<a href=\"https:\/\/sindaopcpb.org.br\/pt\/\" class=\"advgb-post-tax-term\">PT<\/a>","<a href=\"https:\/\/sindaopcpb.org.br\/simone-tebet\/\" class=\"advgb-post-tax-term\">Simone Tebet<\/a>"],"unlinked":["<span class=\"advgb-post-tax-term\">Economia<\/span>","<span class=\"advgb-post-tax-term\">G1<\/span>","<span class=\"advgb-post-tax-term\">Luiz In\u00e1cio Lula da Silva<\/span>","<span class=\"advgb-post-tax-term\">M\u00e1rcio Pochmann<\/span>","<span class=\"advgb-post-tax-term\">POLITICA<\/span>","<span class=\"advgb-post-tax-term\">PT<\/span>","<span class=\"advgb-post-tax-term\">Simone Tebet<\/span>"]},"tags":{"linked":["<a href=\"https:\/\/sindaopcpb.org.br\/simone-tebet\/\" class=\"advgb-post-tax-term\">g1<\/a>"],"unlinked":["<span class=\"advgb-post-tax-term\">g1<\/span>"]}},"comment_count":"0","relative_dates":{"created":"Publicado 3 anos atr\u00e1s","modified":"Atualizado 3 anos atr\u00e1s"},"absolute_dates":{"created":"Publicado em 26 de julho de 2023","modified":"Atualizado em 26 de julho de 2023"},"absolute_dates_time":{"created":"Publicado em 26 de julho de 2023 19:25","modified":"Atualizado em 26 de julho de 2023 19:25"},"featured_img_caption":"","series_order":"","_links":{"self":[{"href":"https:\/\/sindaopcpb.org.br\/index.php\/wp-json\/wp\/v2\/posts\/27159","targetHints":{"allow":["GET"]}}],"collection":[{"href":"https:\/\/sindaopcpb.org.br\/index.php\/wp-json\/wp\/v2\/posts"}],"about":[{"href":"https:\/\/sindaopcpb.org.br\/index.php\/wp-json\/wp\/v2\/types\/post"}],"author":[{"embeddable":true,"href":"https:\/\/sindaopcpb.org.br\/index.php\/wp-json\/wp\/v2\/users\/52"}],"replies":[{"embeddable":true,"href":"https:\/\/sindaopcpb.org.br\/index.php\/wp-json\/wp\/v2\/comments?post=27159"}],"version-history":[{"count":1,"href":"https:\/\/sindaopcpb.org.br\/index.php\/wp-json\/wp\/v2\/posts\/27159\/revisions"}],"predecessor-version":[{"id":27160,"href":"https:\/\/sindaopcpb.org.br\/index.php\/wp-json\/wp\/v2\/posts\/27159\/revisions\/27160"}],"wp:attachment":[{"href":"https:\/\/sindaopcpb.org.br\/index.php\/wp-json\/wp\/v2\/media?parent=27159"}],"wp:term":[{"taxonomy":"category","embeddable":true,"href":"https:\/\/sindaopcpb.org.br\/index.php\/wp-json\/wp\/v2\/categories?post=27159"},{"taxonomy":"post_tag","embeddable":true,"href":"https:\/\/sindaopcpb.org.br\/index.php\/wp-json\/wp\/v2\/tags?post=27159"}],"curies":[{"name":"wp","href":"https:\/\/api.w.org\/{rel}","templated":true}]}}