{"id":27149,"date":"2023-07-26T18:34:03","date_gmt":"2023-07-26T21:34:03","guid":{"rendered":"https:\/\/wpa.wscom.com.br\/?p=914164"},"modified":"2023-07-26T18:34:03","modified_gmt":"2023-07-26T21:34:03","slug":"haddad-defende-que-lula-dispute-a-reeleicao-em-2026-e-diz-que-presidente-vai-lutar-por-esse-pais-o-quanto-ele-precisar","status":"publish","type":"post","link":"https:\/\/sindaopcpb.org.br\/index.php\/2023\/07\/26\/haddad-defende-que-lula-dispute-a-reeleicao-em-2026-e-diz-que-presidente-vai-lutar-por-esse-pais-o-quanto-ele-precisar\/","title":{"rendered":"Haddad defende que Lula dispute a reelei\u00e7\u00e3o em 2026 e diz que presidente vai \u201clutar por esse pa\u00eds o quanto ele precisar\u201d"},"content":{"rendered":"<p>O ministro da Fazenda, Fernando Haddad, defendeu nesta quarta-feira que o presidente Luiz In\u00e1cio Lula da Silva busque a reelei\u00e7\u00e3o na elei\u00e7\u00e3o de 2026 e afirmou que, caso Lula, que completar\u00e1 78 anos em outubro, n\u00e3o concorra, haver\u00e1 um candidato que representar\u00e1 o projeto liderado por ele.<\/p>\n<p>&#8220;O presidente Lula tem direito constitucional \u00e0 reelei\u00e7\u00e3o. Ele n\u00e3o vai precisar mudar a Constitui\u00e7\u00e3o para se reeleger. Grande parte das pessoas que eu conhe\u00e7o defendem que Lula seja candidato em 2026&#8230; Claro que eu defendo&#8221;, disse Haddad em entrevista ao portal Metr\u00f3poles.<\/p>\n<p>&#8220;O presidente Lula ter\u00e1 um candidato. Ele pr\u00f3prio ou algu\u00e9m que ele indicar. O Lula \u00e9 uma pessoa madura, sabe que vai fazer 78 anos esse ano. Para ele, o Brasil \u00e9 a coisa mais importante do mundo e ele vai lutar por esse pa\u00eds o quanto ele precisar lutar. Ent\u00e3o, ele n\u00e3o vai piscar se o Brasil precisar dele para servir&#8221;, acrescentou Haddad, que disputou a Presid\u00eancia na elei\u00e7\u00e3o de 2018 quando Lula estava impedido de concorrer.<\/p>\n<p>Durante a campanha eleitoral do ano passado, Lula chegou a sinalizar que n\u00e3o disputaria a reelei\u00e7\u00e3o em 2026 caso vencesse o pleito, afirmando que este seria &#8220;o mandato da minha vida&#8221;.<\/p>\n<p>Mais recentemente, no entanto, o petista acenou \u00e0 possibilidade de buscar um quarto mandato presidencial daqui a tr\u00eas anos, afirmando que o fato de o presidente dos Estados Unidos, Joe Biden, que est\u00e1 com 80 anos, disputar a reelei\u00e7\u00e3o no ano que vem \u00e9 um &#8220;est\u00edmulo&#8221; para uma eventual candidatura sua.<\/p>\n<p>O post <a rel=\"nofollow noopener\" href=\"https:\/\/wscom.com.br\/haddad-defende-que-lula-dispute-a-reeleicao-em-2026-e-diz-que-presidente-vai-lutar-por-esse-pais-o-quanto-ele-precisar\/\" target=\"_blank\">Haddad defende que Lula dispute a reelei\u00e7\u00e3o em 2026 e diz que presidente vai &#8220;lutar por esse pa\u00eds o quanto ele precisar&#8221;<\/a> apareceu primeiro em <a rel=\"nofollow noopener\" href=\"https:\/\/wscom.com.br\/\" target=\"_blank\">WSCOM<\/a>.<\/p>\n","protected":false},"excerpt":{"rendered":"<p>O ministro da Fazenda, Fernando Haddad, defendeu nesta quarta-feira que o presidente Luiz In\u00e1cio Lula da Silva busque a reelei\u00e7\u00e3o na elei\u00e7\u00e3o de 2026 e afirmou que, caso Lula, que completar\u00e1 78 anos em outubro, n\u00e3o concorra, haver\u00e1 um candidato que representar\u00e1 o projeto liderado por ele. \u201cO presidente Lula tem direito constitucional \u00e0 reelei\u00e7\u00e3o. [\u2026]<\/p>\n<p>O post <a rel=\"nofollow\" href=\"https:\/\/wscom.com.br\/haddad-defende-que-lula-dispute-a-reeleicao-em-2026-e-diz-que-presidente-vai-lutar-por-esse-pais-o-quanto-ele-precisar\/\">Haddad defende que Lula dispute a reelei\u00e7\u00e3o em 2026 e diz que presidente vai \u201clutar por esse pa\u00eds o quanto ele precisar\u201d<\/a> apareceu primeiro em <a rel=\"nofollow\" href=\"https:\/\/wscom.com.br\/\">WSCOM<\/a>.<\/p>\n","protected":false},"author":49,"featured_media":0,"comment_status":"closed","ping_status":"closed","sticky":false,"template":"","format":"standard","meta":{"advgb_blocks_editor_width":"","advgb_blocks_columns_visual_guide":"","footnotes":""},"categories":[6999,1636,34,1309,110,47],"tags":[35],"class_list":["post-27149","post","type-post","status-publish","format-standard","hentry","category-direito-constitucional","category-eleicoes-2026","category-g1","category-haddad","category-lula","category-politica","tag-g1"],"author_meta":{"display_name":"Cristiane Cavalcante","author_link":"https:\/\/sindaopcpb.org.br\/author\/cristiane-cavalcante\/"},"featured_img":null,"coauthors":[],"tax_additional":{"categories":{"linked":["<a href=\"https:\/\/sindaopcpb.org.br\/direito-constitucional\/\" class=\"advgb-post-tax-term\">direito constitucional<\/a>","<a href=\"https:\/\/sindaopcpb.org.br\/eleicoes-2026\/\" class=\"advgb-post-tax-term\">Elei\u00e7\u00f5es 2026<\/a>","<a href=\"https:\/\/sindaopcpb.org.br\/g1\/\" class=\"advgb-post-tax-term\">G1<\/a>","<a href=\"https:\/\/sindaopcpb.org.br\/haddad\/\" class=\"advgb-post-tax-term\">haddad<\/a>","<a href=\"https:\/\/sindaopcpb.org.br\/lula\/\" class=\"advgb-post-tax-term\">Lula<\/a>","<a href=\"https:\/\/sindaopcpb.org.br\/politica\/\" class=\"advgb-post-tax-term\">POLITICA<\/a>"],"unlinked":["<span class=\"advgb-post-tax-term\">direito constitucional<\/span>","<span class=\"advgb-post-tax-term\">Elei\u00e7\u00f5es 2026<\/span>","<span class=\"advgb-post-tax-term\">G1<\/span>","<span class=\"advgb-post-tax-term\">haddad<\/span>","<span class=\"advgb-post-tax-term\">Lula<\/span>","<span class=\"advgb-post-tax-term\">POLITICA<\/span>"]},"tags":{"linked":["<a href=\"https:\/\/sindaopcpb.org.br\/politica\/\" class=\"advgb-post-tax-term\">g1<\/a>"],"unlinked":["<span class=\"advgb-post-tax-term\">g1<\/span>"]}},"comment_count":"0","relative_dates":{"created":"Publicado 3 anos atr\u00e1s","modified":"Atualizado 3 anos atr\u00e1s"},"absolute_dates":{"created":"Publicado em 26 de julho de 2023","modified":"Atualizado em 26 de julho de 2023"},"absolute_dates_time":{"created":"Publicado em 26 de julho de 2023 18:34","modified":"Atualizado em 26 de julho de 2023 18:34"},"featured_img_caption":"","series_order":"","_links":{"self":[{"href":"https:\/\/sindaopcpb.org.br\/index.php\/wp-json\/wp\/v2\/posts\/27149","targetHints":{"allow":["GET"]}}],"collection":[{"href":"https:\/\/sindaopcpb.org.br\/index.php\/wp-json\/wp\/v2\/posts"}],"about":[{"href":"https:\/\/sindaopcpb.org.br\/index.php\/wp-json\/wp\/v2\/types\/post"}],"author":[{"embeddable":true,"href":"https:\/\/sindaopcpb.org.br\/index.php\/wp-json\/wp\/v2\/users\/49"}],"replies":[{"embeddable":true,"href":"https:\/\/sindaopcpb.org.br\/index.php\/wp-json\/wp\/v2\/comments?post=27149"}],"version-history":[{"count":1,"href":"https:\/\/sindaopcpb.org.br\/index.php\/wp-json\/wp\/v2\/posts\/27149\/revisions"}],"predecessor-version":[{"id":27150,"href":"https:\/\/sindaopcpb.org.br\/index.php\/wp-json\/wp\/v2\/posts\/27149\/revisions\/27150"}],"wp:attachment":[{"href":"https:\/\/sindaopcpb.org.br\/index.php\/wp-json\/wp\/v2\/media?parent=27149"}],"wp:term":[{"taxonomy":"category","embeddable":true,"href":"https:\/\/sindaopcpb.org.br\/index.php\/wp-json\/wp\/v2\/categories?post=27149"},{"taxonomy":"post_tag","embeddable":true,"href":"https:\/\/sindaopcpb.org.br\/index.php\/wp-json\/wp\/v2\/tags?post=27149"}],"curies":[{"name":"wp","href":"https:\/\/api.w.org\/{rel}","templated":true}]}}