{"id":27143,"date":"2023-07-26T17:54:54","date_gmt":"2023-07-26T20:54:54","guid":{"rendered":"https:\/\/www.infomoney.com.br\/?p=2197673"},"modified":"2023-07-26T17:54:54","modified_gmt":"2023-07-26T20:54:54","slug":"haddad-diz-que-tributacao-de-fundos-exclusivos-vai-equiparar-brasil-aos-paises-da-ocde","status":"publish","type":"post","link":"https:\/\/sindaopcpb.org.br\/index.php\/2023\/07\/26\/haddad-diz-que-tributacao-de-fundos-exclusivos-vai-equiparar-brasil-aos-paises-da-ocde\/","title":{"rendered":"Haddad diz que tributa\u00e7\u00e3o de fundos exclusivos vai equiparar Brasil aos pa\u00edses da OCDE"},"content":{"rendered":"<p><img loading=\"lazy\" width=\"300\" height=\"200\" src=\"https:\/\/www.infomoney.com.br\/wp-content\/uploads\/2023\/05\/52870680701_f92a7b2063_c.jpg?fit=300%2C200&amp;quality=70&amp;strip=all\" class=\"attachment-medium size-medium wp-post-image\" alt=\"\" decoding=\"async\" style=\"float:right; margin:0 0 10px 10px;\" srcset=\"https:\/\/www.infomoney.com.br\/wp-content\/uploads\/2023\/05\/52870680701_f92a7b2063_c.jpg?w=799&amp;quality=70&amp;strip=all 799w, https:\/\/www.infomoney.com.br\/wp-content\/uploads\/2023\/05\/52870680701_f92a7b2063_c.jpg?w=300&amp;quality=70&amp;strip=all 300w, https:\/\/www.infomoney.com.br\/wp-content\/uploads\/2023\/05\/52870680701_f92a7b2063_c.jpg?w=768&amp;quality=70&amp;strip=all 768w, https:\/\/www.infomoney.com.br\/wp-content\/uploads\/2023\/05\/52870680701_f92a7b2063_c.jpg?w=150&amp;quality=70&amp;strip=all 150w\" sizes=\"auto, (max-width: 300px) 100vw, 300px\" data-attachment-id=\"2125874\" data-permalink=\"https:\/\/www.infomoney.com.br\/politica\/governo-pode-nao-arrecadar-os-r-90-bilhoes-projetados-com-fim-de-subvencoes-sobre-icms\/attachment\/52870680701_f92a7b2063_c\/\" data-orig-file=\"https:\/\/www.infomoney.com.br\/wp-content\/uploads\/2023\/05\/52870680701_f92a7b2063_c.jpg?fit=799%2C533&amp;quality=70&amp;strip=all\" data-orig-size=\"799,533\" data-comments-opened=\"0\" data-image-meta=\"{&quot;aperture&quot;:&quot;0&quot;,&quot;credit&quot;:&quot;&quot;,&quot;camera&quot;:&quot;&quot;,&quot;caption&quot;:&quot;&quot;,&quot;created_timestamp&quot;:&quot;0&quot;,&quot;copyright&quot;:&quot;&quot;,&quot;focal_length&quot;:&quot;0&quot;,&quot;iso&quot;:&quot;0&quot;,&quot;shutter_speed&quot;:&quot;0&quot;,&quot;title&quot;:&quot;&quot;,&quot;orientation&quot;:&quot;0&quot;}\" data-image-title=\"Fernando Haddad\" data-image-description=\"\" data-image-caption=\"&lt;p&gt;O ministro da Fazenda, Fernando Haddad (PT), discursa em cerim\u00f4nia do Conselho de Desenvolvimento Econ\u00f4mico Social Sustent\u00e1vel (CDESS), no Pal\u00e1cio Itamaraty (Foto: Diogo Zacarias)&lt;\/p&gt;\n\" data-medium-file=\"https:\/\/www.infomoney.com.br\/wp-content\/uploads\/2023\/05\/52870680701_f92a7b2063_c.jpg?fit=300%2C200&amp;quality=70&amp;strip=all\" data-large-file=\"https:\/\/www.infomoney.com.br\/wp-content\/uploads\/2023\/05\/52870680701_f92a7b2063_c.jpg?fit=799%2C533&amp;quality=70&amp;strip=all\" title=\"\"><\/p>\n<p>O ministro <strong>Fernando Haddad (PT)<\/strong> voltou a defender a taxa\u00e7\u00e3o de fundos exclusivos como parte da solu\u00e7\u00e3o para promover o chamado equil\u00edbrio fiscal. A declara\u00e7\u00e3o foi dada ao site <em>Metr\u00f3poles<\/em>, durante entrevista realizada nesta quarta-feira (26).<\/p>\n<p>Segundo Haddad, atualmente h\u00e1 2,4 mil fundos fechados, que abrangem um patrim\u00f4nio de aproximadamente R$ 800 bilh\u00f5es. A proposta do governo \u00e9 que passe a incidir uma tributa\u00e7\u00e3o peri\u00f3dica sobre os rendimentos, como acontece no caso de fundos de investimento tributados semestralmente, por meio do chamado &#8220;come-cotas&#8221;.<\/p>\n<p>&#8220;Fundos fechados n\u00e3o s\u00e3o taxados e a taxa\u00e7\u00e3o \u00e9 diferida no tempo. Voc\u00ea corre o risco de legar as cotas desses fundos aos descendentes e o dia do pagamento nunca chega&#8221;, avaliou o ministro.<\/p>\n<p>Ao argumentar que o equil\u00edbrio fiscal n\u00e3o deve ser feito \u00e0s custas da parcela mais pobre da popula\u00e7\u00e3o, Haddad classificou a legisla\u00e7\u00e3o atual como &#8220;anacr\u00f4nica&#8221; ao permitir que &#8220;uma pessoa tenha R$ 300 milh\u00f5es rendendo em um para\u00edso fiscal s\u00f3 dela&#8221;.<\/p>\n<p>De acordo com o ministro da Fazenda, al\u00e9m de promover justi\u00e7a fiscal, a mudan\u00e7a na legisla\u00e7\u00e3o para regulamentar a tributa\u00e7\u00e3o de fundos exclusivos vai equiparar o Brasil aos pa\u00edses da OCDE.<\/p>\n<p>&#8220;\u00c9 uma coisa diferente, porque estamos falando de jabutis. Imposto sobre consumo afeta todo mundo, todo mundo consome. Isso n\u00e3o s\u00e3o coisas que afetam todo mundo, foram criadas na legisla\u00e7\u00e3o brasileira e se assemelha a para\u00edsos fiscais&#8221;, frisou.<\/p>\n<p>Segundo Haddad, a tend\u00eancia \u00e9 que o projeto sobre tributa\u00e7\u00e3o de fundos exclusivos seja encaminhado ao Congresso Nacional ainda em agosto, juntamente com a mudan\u00e7a nas regras de tributa\u00e7\u00e3o de \u201coffshores\u201d mantidas por brasileiros \u2012 que j\u00e1 tramitam na mesma Medida Provis\u00f3ria (MPV 1171\/2023) que trata da atualiza\u00e7\u00e3o da faixa de isen\u00e7\u00e3o do Imposto de Renda Pessoa F\u00edsica, para R$ 2.112,00 mensais.<\/p>\n<p>A Fazenda tamb\u00e9m trabalha com a ideia de encaminhar ao parlamento o debate sobre mudan\u00e7as envolvendo o\u00a0instrumento dos Juros sobre o Capital Pr\u00f3prio (JCP), no qual Haddad alega haver distor\u00e7\u00f5es e abusos. Dessa forma, os efeitos\u00a0 podem ser levados em considera\u00e7\u00e3o na elabora\u00e7\u00e3o do Projeto de Lei Or\u00e7ament\u00e1ria Anual (PLOA) de 2024.<\/p>\n<p>&#8220;A \u00faltima palavra \u00e9 do Congresso. Se amanh\u00e3, supondo que o Congresso n\u00e3o aprove, o relator ter\u00e1 que ajustar a pe\u00e7a or\u00e7ament\u00e1ria&#8221;, explicou o ministro.<\/p>\n<p>The post <a rel=\"nofollow noopener\" href=\"https:\/\/www.infomoney.com.br\/politica\/haddad-diz-que-tributacao-de-fundos-exclusivos-vai-equiparar-brasil-aos-paises-da-ocde\/\" target=\"_blank\">Haddad diz que tributa\u00e7\u00e3o de fundos exclusivos vai equiparar Brasil aos pa\u00edses da OCDE<\/a> appeared first on <a rel=\"nofollow noopener\" href=\"https:\/\/www.infomoney.com.br\/\" target=\"_blank\">InfoMoney<\/a>.<\/p>\n","protected":false},"excerpt":{"rendered":"<p><img loading=\"lazy\" decoding=\"async\" width=\"300\" height=\"200\" src=\"https:\/\/www.infomoney.com.br\/wp-content\/uploads\/2023\/05\/52870680701_f92a7b2063_c.jpg?fit=300%2C200&amp;quality=70&amp;strip=all\" class=\"attachment-medium size-medium wp-post-image\" alt=\"\" data-attachment-id=\"2125874\" data-permalink=\"https:\/\/www.infomoney.com.br\/politica\/governo-pode-nao-arrecadar-os-r-90-bilhoes-projetados-com-fim-de-subvencoes-sobre-icms\/attachment\/52870680701_f92a7b2063_c\/\" data-orig-file=\"https:\/\/www.infomoney.com.br\/wp-content\/uploads\/2023\/05\/52870680701_f92a7b2063_c.jpg?fit=799%2C533&amp;quality=70&amp;strip=all\" data-orig-size=\"799,533\" data-comments-opened=\"0\" data-image-meta='{\"aperture\":\"0\",\"credit\":\"\",\"camera\":\"\",\"caption\":\"\",\"created_timestamp\":\"0\",\"copyright\":\"\",\"focal_length\":\"0\",\"iso\":\"0\",\"shutter_speed\":\"0\",\"title\":\"\",\"orientation\":\"0\"}' data-image-title=\"Fernando Haddad\" data-image-description=\"\" data-image-caption=\"&lt;p&gt;O ministro da Fazenda, Fernando Haddad (PT), discursa em cerim\u00f4nia do Conselho de Desenvolvimento Econ\u00f4mico Social Sustent\u00e1vel (CDESS), no Pal\u00e1cio Itamaraty (Foto: Diogo Zacarias)&lt;\/p&gt;\n\" data-medium-file=\"https:\/\/www.infomoney.com.br\/wp-content\/uploads\/2023\/05\/52870680701_f92a7b2063_c.jpg?fit=300%2C200&amp;quality=70&amp;strip=all\" data-large-file=\"https:\/\/www.infomoney.com.br\/wp-content\/uploads\/2023\/05\/52870680701_f92a7b2063_c.jpg?fit=799%2C533&amp;quality=70&amp;strip=all\">Tend\u00eancia \u00e9 que a medida seja encaminhada ao Congresso ainda em agosto, juntamente com a mudan\u00e7a nas regras de tributa\u00e7\u00e3o de &#8216;offshores&#8217;<\/p>\n<p>The post <a rel=\"nofollow\" href=\"https:\/\/www.infomoney.com.br\/politica\/haddad-diz-que-tributacao-de-fundos-exclusivos-vai-equiparar-brasil-aos-paises-da-ocde\/\">Haddad diz que tributa\u00e7\u00e3o de fundos exclusivos vai equiparar Brasil aos pa\u00edses da OCDE<\/a> appeared first on <a rel=\"nofollow\" href=\"https:\/\/www.infomoney.com.br\/\">InfoMoney<\/a>.<\/p>\n","protected":false},"author":47,"featured_media":0,"comment_status":"closed","ping_status":"closed","sticky":false,"template":"","format":"standard","meta":{"advgb_blocks_editor_width":"","advgb_blocks_columns_visual_guide":"","footnotes":""},"categories":[109,6661,34,130,47,443],"tags":[35],"class_list":["post-27143","post","type-post","status-publish","format-standard","hentry","category-fernando-haddad","category-fundos-exclusivos","category-g1","category-ministerio-da-fazenda","category-politica","category-politica-fiscal","tag-g1"],"author_meta":{"display_name":"luispereira","author_link":"https:\/\/sindaopcpb.org.br\/author\/luispereira\/"},"featured_img":null,"coauthors":[],"tax_additional":{"categories":{"linked":["<a href=\"https:\/\/sindaopcpb.org.br\/fernando-haddad\/\" class=\"advgb-post-tax-term\">FERNANDO HADDAD<\/a>","<a href=\"https:\/\/sindaopcpb.org.br\/fundos-exclusivos\/\" class=\"advgb-post-tax-term\">Fundos Exclusivos<\/a>","<a href=\"https:\/\/sindaopcpb.org.br\/g1\/\" class=\"advgb-post-tax-term\">G1<\/a>","<a href=\"https:\/\/sindaopcpb.org.br\/ministerio-da-fazenda\/\" class=\"advgb-post-tax-term\">Minist\u00e9rio da Fazenda<\/a>","<a href=\"https:\/\/sindaopcpb.org.br\/politica\/\" class=\"advgb-post-tax-term\">POLITICA<\/a>","<a href=\"https:\/\/sindaopcpb.org.br\/politica-fiscal\/\" class=\"advgb-post-tax-term\">Pol\u00edtica Fiscal<\/a>"],"unlinked":["<span class=\"advgb-post-tax-term\">FERNANDO HADDAD<\/span>","<span class=\"advgb-post-tax-term\">Fundos Exclusivos<\/span>","<span class=\"advgb-post-tax-term\">G1<\/span>","<span class=\"advgb-post-tax-term\">Minist\u00e9rio da Fazenda<\/span>","<span class=\"advgb-post-tax-term\">POLITICA<\/span>","<span class=\"advgb-post-tax-term\">Pol\u00edtica Fiscal<\/span>"]},"tags":{"linked":["<a href=\"https:\/\/sindaopcpb.org.br\/politica-fiscal\/\" class=\"advgb-post-tax-term\">g1<\/a>"],"unlinked":["<span class=\"advgb-post-tax-term\">g1<\/span>"]}},"comment_count":"0","relative_dates":{"created":"Publicado 3 anos atr\u00e1s","modified":"Atualizado 3 anos atr\u00e1s"},"absolute_dates":{"created":"Publicado em 26 de julho de 2023","modified":"Atualizado em 26 de julho de 2023"},"absolute_dates_time":{"created":"Publicado em 26 de julho de 2023 17:54","modified":"Atualizado em 26 de julho de 2023 17:54"},"featured_img_caption":"","series_order":"","_links":{"self":[{"href":"https:\/\/sindaopcpb.org.br\/index.php\/wp-json\/wp\/v2\/posts\/27143","targetHints":{"allow":["GET"]}}],"collection":[{"href":"https:\/\/sindaopcpb.org.br\/index.php\/wp-json\/wp\/v2\/posts"}],"about":[{"href":"https:\/\/sindaopcpb.org.br\/index.php\/wp-json\/wp\/v2\/types\/post"}],"author":[{"embeddable":true,"href":"https:\/\/sindaopcpb.org.br\/index.php\/wp-json\/wp\/v2\/users\/47"}],"replies":[{"embeddable":true,"href":"https:\/\/sindaopcpb.org.br\/index.php\/wp-json\/wp\/v2\/comments?post=27143"}],"version-history":[{"count":1,"href":"https:\/\/sindaopcpb.org.br\/index.php\/wp-json\/wp\/v2\/posts\/27143\/revisions"}],"predecessor-version":[{"id":27144,"href":"https:\/\/sindaopcpb.org.br\/index.php\/wp-json\/wp\/v2\/posts\/27143\/revisions\/27144"}],"wp:attachment":[{"href":"https:\/\/sindaopcpb.org.br\/index.php\/wp-json\/wp\/v2\/media?parent=27143"}],"wp:term":[{"taxonomy":"category","embeddable":true,"href":"https:\/\/sindaopcpb.org.br\/index.php\/wp-json\/wp\/v2\/categories?post=27143"},{"taxonomy":"post_tag","embeddable":true,"href":"https:\/\/sindaopcpb.org.br\/index.php\/wp-json\/wp\/v2\/tags?post=27143"}],"curies":[{"name":"wp","href":"https:\/\/api.w.org\/{rel}","templated":true}]}}