{"id":27137,"date":"2023-07-26T17:00:39","date_gmt":"2023-07-26T20:00:39","guid":{"rendered":"https:\/\/wpa.wscom.com.br\/?p=914127"},"modified":"2023-07-26T17:00:39","modified_gmt":"2023-07-26T20:00:39","slug":"opera-paraiba-realiza-3-mutirao-de-catarata-deste-ano-no-hospital-regional-de-picui","status":"publish","type":"post","link":"https:\/\/sindaopcpb.org.br\/index.php\/2023\/07\/26\/opera-paraiba-realiza-3-mutirao-de-catarata-deste-ano-no-hospital-regional-de-picui\/","title":{"rendered":"Opera Para\u00edba realiza 3\u00b0 mutir\u00e3o de catarata deste ano no Hospital Regional de Picu\u00ed"},"content":{"rendered":"<p>ela terceira vez em 2023, o mutir\u00e3o de catarata do Programa Opera Para\u00edba volta ao Hospital Regional de Picu\u00ed, no Serid\u00f3 do estado. A a\u00e7\u00e3o atende a proposta do Programa, criado h\u00e1 quatro anos pelo Governo do Estado, com o objetivo de dar celeridade \u00e0 realiza\u00e7\u00e3o das cirurgias eletivas em todas as regi\u00f5es da Para\u00edba.<\/p>\n<p>Desta quarta (26) at\u00e9 sexta-feira (28), ser\u00e3o contemplados mais 150 paraibanos. A cirurgia \u00e9 r\u00e1pida e por isso \u00e9 poss\u00edvel a realiza\u00e7\u00e3o de aproximadamente 50 procedimentos a cada dia. A aposentada Maria Moreira, de 82 anos, conta que j\u00e1 fez a cirurgia do olho direito h\u00e1 cerca de nove meses e agora retornou para fazer o procedimento no outro olho.<\/p>\n<p>\u201cNo olho que eu j\u00e1 fiz a cirurgia, consigo enxergar, mas nesse outro, parece que tem uma nata cobrindo meu olho. Depois dessa cirurgia, se Deus quiser, vou ver bem com os dois, voltar a colocar linha na agulha e poder ler\u201d, conta.<\/p>\n<p>De acordo com o diretor-geral do hospital, Edjarde Arcoverde, este ano a unidade j\u00e1 realizou mais de mil cirurgias eletivas, sendo ofertadas 450 oftalmol\u00f3gicas.<\/p>\n<p>&nbsp;<\/p>\n<p><img decoding=\"async\" src=\"https:\/\/paraiba.pb.gov.br\/noticias\/opera-paraiba-realiza-3deg-mutirao-de-catarata-deste-ano-no-hospital-regional-de-picui\/whatsapp-image-2023-07-26-at-16-08-52.jpeg\/@@images\/f958426d-7197-4d73-91d7-47e01b7acd85.jpeg\" alt=\"WhatsApp Image 2023-07-26 at 16.08.52.jpeg\" title=\"\"><\/p>\n<p>\u201cN\u00f3s ampliamos a quantidade de profissionais, adquirimos equipamentos modernos e passamos a ter uma equipe fixa do Opera Para\u00edba aqui no Regional, que realiza cirurgias semanalmente. A soma de todos esses fatores nos permitiu avan\u00e7ar em quantidade e, principalmente, na qualidade do servi\u00e7o prestado ao nosso usu\u00e1rio\u201d, pontua.<\/p>\n<p>O Hospital Regional de Picu\u00ed \u00e9 refer\u00eancia para 12 cidades da regi\u00e3o. Em 2023, a unidade j\u00e1 fez 2.440 exames de tomografia, registrou mais de 1.700 interna\u00e7\u00f5es e cerca de 23 mil atendimentos de urg\u00eancia e emerg\u00eancia.<\/p>\n<p>O post <a rel=\"nofollow noopener\" href=\"https:\/\/wscom.com.br\/opera-paraiba-realiza-3-mutirao-de-catarata-deste-ano-no-hospital-regional-de-picui\/\" target=\"_blank\">Opera Para\u00edba realiza 3\u00b0 mutir\u00e3o de catarata deste ano no Hospital Regional de Picu\u00ed<\/a> apareceu primeiro em <a rel=\"nofollow noopener\" href=\"https:\/\/wscom.com.br\/\" target=\"_blank\">WSCOM<\/a>.<\/p>\n","protected":false},"excerpt":{"rendered":"<p>ela terceira vez em 2023, o mutir\u00e3o de catarata do Programa Opera Para\u00edba volta ao Hospital Regional de Picu\u00ed, no Serid\u00f3 do estado. A a\u00e7\u00e3o atende a proposta do Programa, criado h\u00e1 quatro anos pelo Governo do Estado, com o objetivo de dar celeridade \u00e0 realiza\u00e7\u00e3o das cirurgias eletivas em todas as regi\u00f5es da Para\u00edba. [\u2026]<\/p>\n<p>O post <a rel=\"nofollow\" href=\"https:\/\/wscom.com.br\/opera-paraiba-realiza-3-mutirao-de-catarata-deste-ano-no-hospital-regional-de-picui\/\">Opera Para\u00edba realiza 3\u00b0 mutir\u00e3o de catarata deste ano no Hospital Regional de Picu\u00ed<\/a> apareceu primeiro em <a rel=\"nofollow\" href=\"https:\/\/wscom.com.br\/\">WSCOM<\/a>.<\/p>\n","protected":false},"author":49,"featured_media":0,"comment_status":"closed","ping_status":"closed","sticky":false,"template":"","format":"standard","meta":{"advgb_blocks_editor_width":"","advgb_blocks_columns_visual_guide":"","footnotes":""},"categories":[6987,34,6988,54,90],"tags":[35],"class_list":["post-27137","post","type-post","status-publish","format-standard","hentry","category-cirurgias-oftalmologicas","category-g1","category-hospital-regional-de-picui","category-paraiba","category-saude","tag-g1"],"author_meta":{"display_name":"Cristiane Cavalcante","author_link":"https:\/\/sindaopcpb.org.br\/author\/cristiane-cavalcante\/"},"featured_img":null,"coauthors":[],"tax_additional":{"categories":{"linked":["<a href=\"https:\/\/sindaopcpb.org.br\/cirurgias-oftalmologicas\/\" class=\"advgb-post-tax-term\">cirurgias oftalmol\u00f3gicas<\/a>","<a href=\"https:\/\/sindaopcpb.org.br\/g1\/\" class=\"advgb-post-tax-term\">G1<\/a>","<a href=\"https:\/\/sindaopcpb.org.br\/hospital-regional-de-picui\/\" class=\"advgb-post-tax-term\">Hospital Regional de Picu\u00ed<\/a>","<a href=\"https:\/\/sindaopcpb.org.br\/paraiba\/\" class=\"advgb-post-tax-term\">Para\u00edba<\/a>","<a href=\"https:\/\/sindaopcpb.org.br\/saude\/\" class=\"advgb-post-tax-term\">Sa\u00fade<\/a>"],"unlinked":["<span class=\"advgb-post-tax-term\">cirurgias oftalmol\u00f3gicas<\/span>","<span class=\"advgb-post-tax-term\">G1<\/span>","<span class=\"advgb-post-tax-term\">Hospital Regional de Picu\u00ed<\/span>","<span class=\"advgb-post-tax-term\">Para\u00edba<\/span>","<span class=\"advgb-post-tax-term\">Sa\u00fade<\/span>"]},"tags":{"linked":["<a href=\"https:\/\/sindaopcpb.org.br\/saude\/\" class=\"advgb-post-tax-term\">g1<\/a>"],"unlinked":["<span class=\"advgb-post-tax-term\">g1<\/span>"]}},"comment_count":"0","relative_dates":{"created":"Publicado 3 anos atr\u00e1s","modified":"Atualizado 3 anos atr\u00e1s"},"absolute_dates":{"created":"Publicado em 26 de julho de 2023","modified":"Atualizado em 26 de julho de 2023"},"absolute_dates_time":{"created":"Publicado em 26 de julho de 2023 17:00","modified":"Atualizado em 26 de julho de 2023 17:00"},"featured_img_caption":"","series_order":"","_links":{"self":[{"href":"https:\/\/sindaopcpb.org.br\/index.php\/wp-json\/wp\/v2\/posts\/27137","targetHints":{"allow":["GET"]}}],"collection":[{"href":"https:\/\/sindaopcpb.org.br\/index.php\/wp-json\/wp\/v2\/posts"}],"about":[{"href":"https:\/\/sindaopcpb.org.br\/index.php\/wp-json\/wp\/v2\/types\/post"}],"author":[{"embeddable":true,"href":"https:\/\/sindaopcpb.org.br\/index.php\/wp-json\/wp\/v2\/users\/49"}],"replies":[{"embeddable":true,"href":"https:\/\/sindaopcpb.org.br\/index.php\/wp-json\/wp\/v2\/comments?post=27137"}],"version-history":[{"count":1,"href":"https:\/\/sindaopcpb.org.br\/index.php\/wp-json\/wp\/v2\/posts\/27137\/revisions"}],"predecessor-version":[{"id":27138,"href":"https:\/\/sindaopcpb.org.br\/index.php\/wp-json\/wp\/v2\/posts\/27137\/revisions\/27138"}],"wp:attachment":[{"href":"https:\/\/sindaopcpb.org.br\/index.php\/wp-json\/wp\/v2\/media?parent=27137"}],"wp:term":[{"taxonomy":"category","embeddable":true,"href":"https:\/\/sindaopcpb.org.br\/index.php\/wp-json\/wp\/v2\/categories?post=27137"},{"taxonomy":"post_tag","embeddable":true,"href":"https:\/\/sindaopcpb.org.br\/index.php\/wp-json\/wp\/v2\/tags?post=27137"}],"curies":[{"name":"wp","href":"https:\/\/api.w.org\/{rel}","templated":true}]}}