{"id":27109,"date":"2023-07-26T14:50:59","date_gmt":"2023-07-26T17:50:59","guid":{"rendered":"https:\/\/wpa.wscom.com.br\/?p=914105"},"modified":"2023-07-26T17:50:59","modified_gmt":"2023-07-26T20:50:59","slug":"cicero-diz-que-queixas-publicas-de-gervasio-nao-constroi-uma-boa-convivencia-e-afirma-estar-aberto-ao-dialogo-por-causa-maior","status":"publish","type":"post","link":"https:\/\/sindaopcpb.org.br\/index.php\/2023\/07\/26\/cicero-diz-que-queixas-publicas-de-gervasio-nao-constroi-uma-boa-convivencia-e-afirma-estar-aberto-ao-dialogo-por-causa-maior\/","title":{"rendered":"C\u00edcero diz que queixas p\u00fablicas de Gerv\u00e1sio \u201cn\u00e3o constr\u00f3i\u201d uma boa conviv\u00eancia e afirma estar aberto ao di\u00e1logo \u201cpor causa maior\u201d"},"content":{"rendered":"<p>O prefeito de Jo\u00e3o Pessoa, C\u00edcero Lucena (PP), criticou publicamente, nesta quarta-feira (26), as reclama\u00e7\u00f5es feitas pelo presidente estadual do PSB, deputado federal Gerv\u00e1sio Maia, em rela\u00e7\u00e3o \u00e0 suposta falta de di\u00e1logo com a base do partido Progressista. Embora o PP e o PSB sejam aliados na Para\u00edba, inclusive com o vice-prefeito Leo Bezerra vindo do PSB, o parlamentar vem externado suas preocupa\u00e7\u00f5es sobre a falta de sintonia com o prefeito em rela\u00e7\u00e3o ao futuro da alian\u00e7a para a elei\u00e7\u00e3o de 2024.<\/p>\n<p>Em resposta, C\u00edcero Lucena defendeu sua postura aberta ao di\u00e1logo, destacando que est\u00e1 sempre disposto a encontrar as melhores solu\u00e7\u00f5es para a conviv\u00eancia entre as lendas. Ele salientou que as queixas p\u00fablicas n\u00e3o obedeceram \u00e0 constru\u00e7\u00e3o de uma parceria s\u00f3lida e produtiva. O prefeito garantiu a import\u00e2ncia de manter o foco em uma causa maior, que \u00e9 o bem-estar e o desenvolvimento da cidade, e n\u00e3o quest\u00f5es pessoais ou pol\u00edticas.<\/p>\n<p>\u201cEu sempre fui aberto ao di\u00e1logo. Isso n\u00e3o constr\u00f3i [reclama\u00e7\u00f5es p\u00fablicas]. Constr\u00f3i, sim, o di\u00e1logo, reclama\u00e7\u00f5es que algu\u00e9m por ventura fa\u00e7a que tenha direito de fazer, que o fa\u00e7a para que se possa encontrar a melhor forma de conviv\u00eancia. Eu sou aberto demais a esse processo e tenho certeza que o caminho ser\u00e1 esse porque n\u00f3s estamos numa causa muito maior que n\u00e3o \u00e9 pessoal. N\u00f3s estamos em favor de uma a\u00e7\u00e3o p\u00fablica\u201d, afirmou o prefeito.<\/p>\n<p>C\u00edcero Lucena tamb\u00e9m enfatizou que a parceria com o PSB vai al\u00e9m das quest\u00f5es eleitorais, sendo um compromisso para trabalhar em prol da cidade de Jo\u00e3o Pessoa. Ele enfatizou que este n\u00e3o \u00e9 o momento para a pol\u00edtica partid\u00e1ria, mas sim para o trabalho conjunto em benef\u00edcio da popula\u00e7\u00e3o.<\/p>\n<p>As declara\u00e7\u00f5es do gestor surgem ap\u00f3s as manifesta\u00e7\u00f5es recentes do deputado Gerv\u00e1sio Maia, que havia expressado preocupa\u00e7\u00e3o com o futuro da alian\u00e7a e alegado falta de avan\u00e7os nas conversas sobre a elei\u00e7\u00e3o de 2024.<\/p>\n<p>Em entrevista concedida na \u00faltima segunda-feira (24), Gerv\u00e1sio declarou o seguinte: \u201cO que o PSB pode esperar para o futuro com uma eventual reelei\u00e7\u00e3o de C\u00edcero Lucena? Essa conversa realmente n\u00e3o avan\u00e7ou. Essa sintonia n\u00e3o est\u00e1 ocorrendo. E isso eu vejo como algo que me preocupa em rela\u00e7\u00e3o ao futuro da alian\u00e7a. Continuo determinado na orienta\u00e7\u00e3o do governador [Jo\u00e3o Azev\u00eado] no apoio do partido ao prefeito. Mas, \u00e9 preciso que ele [C\u00edcero] fa\u00e7a a parte dele. Ele n\u00e3o est\u00e1 fazendo\u201d.<\/p>\n<p>C\u00edcero reafirmou seu compromisso em manter a sintonia e o di\u00e1logo com o PSB, procurando fortalecer a parceria e cumprir as responsabilidades para governar a cidade de Jo\u00e3o Pessoa.<\/p>\n<p>O post <a rel=\"nofollow noopener\" href=\"https:\/\/wscom.com.br\/cicero-diz-que-queixas-publicas-de-gervasio-nao-constroi-uma-boa-convivencia-e-afirma-estar-aberto-ao-dialogo-por-causa-maior\/\" target=\"_blank\">C\u00edcero diz que queixas p\u00fablicas de Gerv\u00e1sio \u201cn\u00e3o constr\u00f3i\u201d uma boa conviv\u00eancia e afirma estar aberto ao di\u00e1logo \u201cpor causa maior\u201d<\/a> apareceu primeiro em <a rel=\"nofollow noopener\" href=\"https:\/\/wscom.com.br\/\" target=\"_blank\">WSCOM<\/a>.<\/p>\n","protected":false},"excerpt":{"rendered":"<p>O prefeito de Jo\u00e3o Pessoa, C\u00edcero Lucena (PP), criticou publicamente, nesta quarta-feira (26), as reclama\u00e7\u00f5es feitas pelo presidente estadual do PSB, deputado federal Gerv\u00e1sio Maia, em rela\u00e7\u00e3o \u00e0 suposta falta de di\u00e1logo com a base do partido Progressista. Embora o PP e o PSB sejam aliados na Para\u00edba, inclusive com o vice-prefeito Leo Bezerra vindo [\u2026]<\/p>\n<p>O post <a rel=\"nofollow\" href=\"https:\/\/wscom.com.br\/cicero-diz-que-queixas-publicas-de-gervasio-nao-constroi-uma-boa-convivencia-e-afirma-estar-aberto-ao-dialogo-por-causa-maior\/\">C\u00edcero diz que queixas p\u00fablicas de Gerv\u00e1sio \u201cn\u00e3o constr\u00f3i\u201d uma boa conviv\u00eancia e afirma estar aberto ao di\u00e1logo \u201cpor causa maior\u201d<\/a> apareceu primeiro em <a rel=\"nofollow\" href=\"https:\/\/wscom.com.br\/\">WSCOM<\/a>.<\/p>\n","protected":false},"author":49,"featured_media":0,"comment_status":"closed","ping_status":"closed","sticky":false,"template":"","format":"standard","meta":{"advgb_blocks_editor_width":"","advgb_blocks_columns_visual_guide":"","footnotes":""},"categories":[6975,227,333,34,823,47],"tags":[35],"class_list":["post-27109","post","type-post","status-publish","format-standard","hentry","category-alianca-pp-psb","category-cicero-lucena","category-eleicoes-2024","category-g1","category-gervasio-maia","category-politica","tag-g1"],"author_meta":{"display_name":"Cristiane Cavalcante","author_link":"https:\/\/sindaopcpb.org.br\/author\/cristiane-cavalcante\/"},"featured_img":null,"coauthors":[],"tax_additional":{"categories":{"linked":["<a href=\"https:\/\/sindaopcpb.org.br\/alianca-pp-psb\/\" class=\"advgb-post-tax-term\">alian\u00e7a PP-PSB<\/a>","<a href=\"https:\/\/sindaopcpb.org.br\/cicero-lucena\/\" class=\"advgb-post-tax-term\">cicero lucena<\/a>","<a href=\"https:\/\/sindaopcpb.org.br\/eleicoes-2024\/\" class=\"advgb-post-tax-term\">elei\u00e7\u00f5es 2024<\/a>","<a href=\"https:\/\/sindaopcpb.org.br\/g1\/\" class=\"advgb-post-tax-term\">G1<\/a>","<a href=\"https:\/\/sindaopcpb.org.br\/gervasio-maia\/\" class=\"advgb-post-tax-term\">Gerv\u00e1sio Maia<\/a>","<a href=\"https:\/\/sindaopcpb.org.br\/politica\/\" class=\"advgb-post-tax-term\">POLITICA<\/a>"],"unlinked":["<span class=\"advgb-post-tax-term\">alian\u00e7a PP-PSB<\/span>","<span class=\"advgb-post-tax-term\">cicero lucena<\/span>","<span class=\"advgb-post-tax-term\">elei\u00e7\u00f5es 2024<\/span>","<span class=\"advgb-post-tax-term\">G1<\/span>","<span class=\"advgb-post-tax-term\">Gerv\u00e1sio Maia<\/span>","<span class=\"advgb-post-tax-term\">POLITICA<\/span>"]},"tags":{"linked":["<a href=\"https:\/\/sindaopcpb.org.br\/politica\/\" class=\"advgb-post-tax-term\">g1<\/a>"],"unlinked":["<span class=\"advgb-post-tax-term\">g1<\/span>"]}},"comment_count":"0","relative_dates":{"created":"Publicado 3 anos atr\u00e1s","modified":"Atualizado 3 anos atr\u00e1s"},"absolute_dates":{"created":"Publicado em 26 de julho de 2023","modified":"Atualizado em 26 de julho de 2023"},"absolute_dates_time":{"created":"Publicado em 26 de julho de 2023 14:50","modified":"Atualizado em 26 de julho de 2023 17:50"},"featured_img_caption":"","series_order":"","_links":{"self":[{"href":"https:\/\/sindaopcpb.org.br\/index.php\/wp-json\/wp\/v2\/posts\/27109","targetHints":{"allow":["GET"]}}],"collection":[{"href":"https:\/\/sindaopcpb.org.br\/index.php\/wp-json\/wp\/v2\/posts"}],"about":[{"href":"https:\/\/sindaopcpb.org.br\/index.php\/wp-json\/wp\/v2\/types\/post"}],"author":[{"embeddable":true,"href":"https:\/\/sindaopcpb.org.br\/index.php\/wp-json\/wp\/v2\/users\/49"}],"replies":[{"embeddable":true,"href":"https:\/\/sindaopcpb.org.br\/index.php\/wp-json\/wp\/v2\/comments?post=27109"}],"version-history":[{"count":3,"href":"https:\/\/sindaopcpb.org.br\/index.php\/wp-json\/wp\/v2\/posts\/27109\/revisions"}],"predecessor-version":[{"id":27171,"href":"https:\/\/sindaopcpb.org.br\/index.php\/wp-json\/wp\/v2\/posts\/27109\/revisions\/27171"}],"wp:attachment":[{"href":"https:\/\/sindaopcpb.org.br\/index.php\/wp-json\/wp\/v2\/media?parent=27109"}],"wp:term":[{"taxonomy":"category","embeddable":true,"href":"https:\/\/sindaopcpb.org.br\/index.php\/wp-json\/wp\/v2\/categories?post=27109"},{"taxonomy":"post_tag","embeddable":true,"href":"https:\/\/sindaopcpb.org.br\/index.php\/wp-json\/wp\/v2\/tags?post=27109"}],"curies":[{"name":"wp","href":"https:\/\/api.w.org\/{rel}","templated":true}]}}