{"id":27107,"date":"2023-07-26T14:56:18","date_gmt":"2023-07-26T17:56:18","guid":{"rendered":"https:\/\/wpa.wscom.com.br\/?p=914099"},"modified":"2023-07-26T14:56:18","modified_gmt":"2023-07-26T17:56:18","slug":"veneziano-inspeciona-obras-da-duplicacao-da-br-230-em-cg-e-constata-celeridade-nas-obras-apos-periodo-de-chuvas","status":"publish","type":"post","link":"https:\/\/sindaopcpb.org.br\/index.php\/2023\/07\/26\/veneziano-inspeciona-obras-da-duplicacao-da-br-230-em-cg-e-constata-celeridade-nas-obras-apos-periodo-de-chuvas\/","title":{"rendered":"Veneziano inspeciona obras da duplica\u00e7\u00e3o da BR 230 em CG e constata celeridade nas obras ap\u00f3s per\u00edodo de chuvas"},"content":{"rendered":"<p>O Vice-Presidente do Senado Federal, Senador Veneziano Vital do R\u00eago (MDB-PB) esteve nesta quarta-feira (26) no canteiro de obras da duplica\u00e7\u00e3o da BR 230, em Campina Grande. A visita foi realizada com o objetivo de verificar o ritmo dos trabalhos.<\/p>\n<p>Ao lado do Hil\u00e1rio Gomes Neto, gerente de contrato do cons\u00f3rcio de empresas que atuam na obra, os trabalhos seguem em ritmo acelerado, pois o per\u00edodo de chuvas j\u00e1 passou. &#8220;Essa obra, que tem uma fundamental contribui\u00e7\u00e3o do Senador Veneziano, ganha, a cada dia, mais corpo com a terraplanagem, seguindo acima do cronograma esperado&#8221;, disse Hil\u00e1rio.<\/p>\n<p>Em contato com os respons\u00e1veis pela execu\u00e7\u00e3o deste primeiro trecho, que vai de Campina Grande at\u00e9 a Comunidade Farinha, na Pra\u00e7a do Meio do Mundo, que totaliza 33 quil\u00f4metros, Veneziano teve a confirma\u00e7\u00e3o de que os trabalhos ocorrem em ritmo acelerado.<\/p>\n<p>Segundo Veneziano foi informado pelos engenheiros, as obras s\u00e3o executadas no ritmo normal, p\u00f3s-per\u00edodo de chuva, normal nesta \u00e9poca do ano na regi\u00e3o. O refor\u00e7o \u00e9 para que o cronograma deste primeiro trecho seja cumprido dentro do prazo estabelecido.<\/p>\n<p>\u201cAp\u00f3s o venturoso per\u00edodo das chuvas que ca\u00edram por trinta dias na nossa regi\u00e3o, \u00e9 chegado tamb\u00e9m o per\u00edodo de retorno ao cronograma normal das obras. \u00c9 o que recebemos por parte do gerente Neto. A partir do momento em que conseguimos garantir recursos da ordem de R$ 176 milh\u00f5es para este ano de 2023, para o in\u00edcio da execu\u00e7\u00e3o do primeiro trecho, temos a certeza de que os trabalhos ser\u00e3o sequenciados, sem o risco de haver paralisa\u00e7\u00f5es ou atrasos, j\u00e1 que a empresa respons\u00e1vel tem um prazo para a conclus\u00e3o dos trabalhos. Justamente por isso constatamos que o ritmo segue intenso aqui\u201d, destacou Veneziano.<\/p>\n<p>Veja o v\u00eddeo: <a href=\"https:\/\/www.instagram.com\/reel\/CvK0BC2Atb9\/?igshid=MzRlODBiNWFlZA==\" rel=\"nofollow noopener\" target=\"_blank\">https:\/\/www.instagram.com\/reel\/CvK0BC2Atb9\/?igshid=MzRlODBiNWFlZA==<\/a><\/p>\n<p>O post <a rel=\"nofollow noopener\" href=\"https:\/\/wscom.com.br\/veneziano-inspeciona-obras-da-duplicacao-da-br-230-em-cg-e-constata-celeridade-nas-obras-apos-periodo-de-chuvas\/\" target=\"_blank\">Veneziano inspeciona obras da duplica\u00e7\u00e3o da BR 230 em CG e constata celeridade nas obras ap\u00f3s per\u00edodo de chuvas<\/a> apareceu primeiro em <a rel=\"nofollow noopener\" href=\"https:\/\/wscom.com.br\/\" target=\"_blank\">WSCOM<\/a>.<\/p>\n","protected":false},"excerpt":{"rendered":"<p>O Vice-Presidente do Senado Federal, Senador Veneziano Vital do R\u00eago (MDB-PB) esteve nesta quarta-feira (26) no canteiro de obras da duplica\u00e7\u00e3o da BR 230, em Campina Grande. A visita foi realizada com o objetivo de verificar o ritmo dos trabalhos. Ao lado do Hil\u00e1rio Gomes Neto, gerente de contrato do cons\u00f3rcio de empresas que atuam [\u2026]<\/p>\n<p>O post <a rel=\"nofollow\" href=\"https:\/\/wscom.com.br\/veneziano-inspeciona-obras-da-duplicacao-da-br-230-em-cg-e-constata-celeridade-nas-obras-apos-periodo-de-chuvas\/\">Veneziano inspeciona obras da duplica\u00e7\u00e3o da BR 230 em CG e constata celeridade nas obras ap\u00f3s per\u00edodo de chuvas<\/a> apareceu primeiro em <a rel=\"nofollow\" href=\"https:\/\/wscom.com.br\/\">WSCOM<\/a>.<\/p>\n","protected":false},"author":49,"featured_media":0,"comment_status":"closed","ping_status":"closed","sticky":false,"template":"","format":"standard","meta":{"advgb_blocks_editor_width":"","advgb_blocks_columns_visual_guide":"","footnotes":""},"categories":[321,6974,34,47,174],"tags":[35],"class_list":["post-27107","post","type-post","status-publish","format-standard","hentry","category-campina-grande","category-duplicacao-da-br-230","category-g1","category-politica","category-veneziano","tag-g1"],"author_meta":{"display_name":"Cristiane Cavalcante","author_link":"https:\/\/sindaopcpb.org.br\/author\/cristiane-cavalcante\/"},"featured_img":null,"coauthors":[],"tax_additional":{"categories":{"linked":["<a href=\"https:\/\/sindaopcpb.org.br\/campina-grande\/\" class=\"advgb-post-tax-term\">Campina Grande<\/a>","<a href=\"https:\/\/sindaopcpb.org.br\/duplicacao-da-br-230\/\" class=\"advgb-post-tax-term\">duplica\u00e7\u00e3o da br 230<\/a>","<a href=\"https:\/\/sindaopcpb.org.br\/g1\/\" class=\"advgb-post-tax-term\">G1<\/a>","<a href=\"https:\/\/sindaopcpb.org.br\/politica\/\" class=\"advgb-post-tax-term\">POLITICA<\/a>","<a href=\"https:\/\/sindaopcpb.org.br\/veneziano\/\" class=\"advgb-post-tax-term\">Veneziano<\/a>"],"unlinked":["<span class=\"advgb-post-tax-term\">Campina Grande<\/span>","<span class=\"advgb-post-tax-term\">duplica\u00e7\u00e3o da br 230<\/span>","<span class=\"advgb-post-tax-term\">G1<\/span>","<span class=\"advgb-post-tax-term\">POLITICA<\/span>","<span class=\"advgb-post-tax-term\">Veneziano<\/span>"]},"tags":{"linked":["<a href=\"https:\/\/sindaopcpb.org.br\/veneziano\/\" class=\"advgb-post-tax-term\">g1<\/a>"],"unlinked":["<span class=\"advgb-post-tax-term\">g1<\/span>"]}},"comment_count":"0","relative_dates":{"created":"Publicado 3 anos atr\u00e1s","modified":"Atualizado 3 anos atr\u00e1s"},"absolute_dates":{"created":"Publicado em 26 de julho de 2023","modified":"Atualizado em 26 de julho de 2023"},"absolute_dates_time":{"created":"Publicado em 26 de julho de 2023 14:56","modified":"Atualizado em 26 de julho de 2023 14:56"},"featured_img_caption":"","series_order":"","_links":{"self":[{"href":"https:\/\/sindaopcpb.org.br\/index.php\/wp-json\/wp\/v2\/posts\/27107","targetHints":{"allow":["GET"]}}],"collection":[{"href":"https:\/\/sindaopcpb.org.br\/index.php\/wp-json\/wp\/v2\/posts"}],"about":[{"href":"https:\/\/sindaopcpb.org.br\/index.php\/wp-json\/wp\/v2\/types\/post"}],"author":[{"embeddable":true,"href":"https:\/\/sindaopcpb.org.br\/index.php\/wp-json\/wp\/v2\/users\/49"}],"replies":[{"embeddable":true,"href":"https:\/\/sindaopcpb.org.br\/index.php\/wp-json\/wp\/v2\/comments?post=27107"}],"version-history":[{"count":1,"href":"https:\/\/sindaopcpb.org.br\/index.php\/wp-json\/wp\/v2\/posts\/27107\/revisions"}],"predecessor-version":[{"id":27108,"href":"https:\/\/sindaopcpb.org.br\/index.php\/wp-json\/wp\/v2\/posts\/27107\/revisions\/27108"}],"wp:attachment":[{"href":"https:\/\/sindaopcpb.org.br\/index.php\/wp-json\/wp\/v2\/media?parent=27107"}],"wp:term":[{"taxonomy":"category","embeddable":true,"href":"https:\/\/sindaopcpb.org.br\/index.php\/wp-json\/wp\/v2\/categories?post=27107"},{"taxonomy":"post_tag","embeddable":true,"href":"https:\/\/sindaopcpb.org.br\/index.php\/wp-json\/wp\/v2\/tags?post=27107"}],"curies":[{"name":"wp","href":"https:\/\/api.w.org\/{rel}","templated":true}]}}