{"id":27101,"date":"2023-07-26T12:38:32","date_gmt":"2023-07-26T15:38:32","guid":{"rendered":"https:\/\/g1.globo.com\/pb\/paraiba\/especial-publicitario\/fiep\/espaco-da-industria\/noticia\/2023\/07\/26\/fiepsenai-e-governo-do-estado-firmam-parceria-para-ampliar-oferta-de-cursos-profissionalizantes-na-paraiba.ghtml"},"modified":"2023-07-26T12:38:32","modified_gmt":"2023-07-26T15:38:32","slug":"fiep-senai-e-governo-do-estado-firmam-parceria-para-ampliar-oferta-de-cursos-profissionalizantes-na-paraiba","status":"publish","type":"post","link":"https:\/\/sindaopcpb.org.br\/index.php\/2023\/07\/26\/fiep-senai-e-governo-do-estado-firmam-parceria-para-ampliar-oferta-de-cursos-profissionalizantes-na-paraiba\/","title":{"rendered":"FIEP\/SENAI e governo do estado firmam parceria para ampliar oferta de cursos profissionalizantes na Para\u00edba"},"content":{"rendered":"   <img src=\"https:\/\/s2.glbimg.com\/HwAsGQrvEpPHhWQG1z6uKuJqPHI=\/i.s3.glbimg.com\/v1\/AUTH_59edd422c0c84a879bd37670ae4f538a\/internal_photos\/bs\/2023\/m\/o\/R24LGWTsKMkFf7xFybAQ\/27-imagem-de-capa.jpeg\" \/><br \/>     O termo de coopera\u00e7\u00e3o assinado nesta segunda-feira, 24, beneficiar\u00e1 mais de 400 pessoas nas cidades de Campina Grande, Jo\u00e3o Pessoa e Caapor\u00e3.  Francisco Gadelha e Lucas Ribeiro reuniram-se na tarde desta segunda-feira, na sede da FIEP, em Campina Grande.\nDivulga\u00e7\u00e3o\nNa tarde desta segunda-feira, 24, o presidente da Federa\u00e7\u00e3o das Ind\u00fastrias do Estado da Para\u00edba \u2013 FIEP, Francisco Gadelha, recebeu em seu gabinete, o governador do estado da Para\u00edba em exerc\u00edcio, Lucas Ribeiro. Na pauta do encontro foram discutidos assuntos de interesse da ind\u00fastria e assinado o Termo de Coopera\u00e7\u00e3o entre o SENAI e o Governo do Estado.\nAtrav\u00e9s da parceria com o SENAI ser\u00e3o ofertadas ao governo do estado  mais de 400 vagas em 12 cursos realizados nas cidades de Campina Grande, Jo\u00e3o Pessoa e Caapor\u00e3. Os cursos que far\u00e3o parte da parceria s\u00e3o os de Assistente Administrativo, Almoxarife, Desenhista de Produtos Gr\u00e1ficos (Web Design), Operador de Computador, Ajustador Mec\u00e2nico, Assistente Administrativo (EAD), Inform\u00e1tica para Rotinas de Trabalho, T\u00e9cnico em Administra\u00e7\u00e3o, \u00c1rea de conhecimento CH, Gest\u00e3o, Tecnologia da Informa\u00e7\u00e3o - T.I e Metalmec\u00e2nica.\nA FIEP \u00e9 uma entidade de articula\u00e7\u00e3o e atua\u00e7\u00e3o estrat\u00e9gica em prol do desenvolvimento e fortalecimento da ind\u00fastria. Em v\u00e1rios momentos da sua hist\u00f3ria, esteve \u00e0 frente de a\u00e7\u00f5es, parcerias e articulando pol\u00edticas que possam contribuir com o crescimento econ\u00f4mico e o mercado de trabalho no estado, especialmente atendendo \u00e0s demandas das empresas industriais. \u201c\u00c9 com muita satisfa\u00e7\u00e3o que recebemos nesta tarde o governador em exerc\u00edcio para firmar mais uma importante parceria que ir\u00e1 beneficiar centenas de trabalhadores na Para\u00edba.  N\u00f3s vamos oferecer nossas escolas e nossos instrutores, num momento em que n\u00f3s sabemos da necessidade de A FIEP atrav\u00e9s do SENAI cumpre um papel primordial na forma\u00e7\u00e3o e qualifica\u00e7\u00e3o de m\u00e3o de obra para o mundo do trabalho\", disse Francisco Gadelha, presidente da FIEP.\nEm parceria com o SENAI, o governo do estado ofertar\u00e1 mais de 400 vagas em 12 cursos em Campina Grande, Jo\u00e3o Pessoa e Caapor\u00e3.\nDivulga\u00e7\u00e3o\nO governador em exerc\u00edcio da Para\u00edba, Lucas Ribeiro falou sobre a parceria com a FIEP atrav\u00e9s do SENAI, e ressaltou a import\u00e2ncia da coopera\u00e7\u00e3o, que vai impactar na gera\u00e7\u00e3o de emprego para os jovens paraibanos.  \u201cO SENAI realiza um trabalho extremamente relevante de capacita\u00e7\u00e3o, principalmente focada na forma\u00e7\u00e3o t\u00e9cnica com oferta de cursos para a ind\u00fastria em \u00e1reas diversas, entre elas a de tecnologia da informa\u00e7\u00e3o. Ent\u00e3o essa \u00e9 uma parceria muito positiva, onde iremos dar oportunidade a jovens paraibanos que querem se capacitar, e que ampliar\u00e3o as chances de ingressar no mercado de trabalho\u201d, destacou.  ","protected":false},"excerpt":{"rendered":"<p>        O termo de coopera\u00e7\u00e3o assinado nesta segunda-feira, 24, beneficiar\u00e1 mais de 400 pessoas nas cidades de Campina Grande, Jo\u00e3o Pessoa e Caapor\u00e3.  Francisco Gadelha e Lucas Ribeiro reuniram-se na tarde desta segunda-feira, na sede da FIEP, em Campi&#8230;<\/p>\n","protected":false},"author":2,"featured_media":0,"comment_status":"closed","ping_status":"closed","sticky":false,"template":"","format":"standard","meta":{"advgb_blocks_editor_width":"","advgb_blocks_columns_visual_guide":"","footnotes":""},"categories":[34],"tags":[35],"class_list":["post-27101","post","type-post","status-publish","format-standard","hentry","category-g1","tag-g1"],"author_meta":{"display_name":"g1 &gt; Para\u00edba","author_link":"https:\/\/sindaopcpb.org.br\/author\/g1-paraiba\/"},"featured_img":null,"coauthors":[],"tax_additional":{"categories":{"linked":["<a href=\"https:\/\/sindaopcpb.org.br\/g1\/\" class=\"advgb-post-tax-term\">G1<\/a>"],"unlinked":["<span class=\"advgb-post-tax-term\">G1<\/span>"]},"tags":{"linked":["<a href=\"https:\/\/sindaopcpb.org.br\/g1\/\" class=\"advgb-post-tax-term\">g1<\/a>"],"unlinked":["<span class=\"advgb-post-tax-term\">g1<\/span>"]}},"comment_count":"0","relative_dates":{"created":"Publicado 3 anos atr\u00e1s","modified":"Atualizado 3 anos atr\u00e1s"},"absolute_dates":{"created":"Publicado em 26 de julho de 2023","modified":"Atualizado em 26 de julho de 2023"},"absolute_dates_time":{"created":"Publicado em 26 de julho de 2023 12:38","modified":"Atualizado em 26 de julho de 2023 12:38"},"featured_img_caption":"","series_order":"","_links":{"self":[{"href":"https:\/\/sindaopcpb.org.br\/index.php\/wp-json\/wp\/v2\/posts\/27101","targetHints":{"allow":["GET"]}}],"collection":[{"href":"https:\/\/sindaopcpb.org.br\/index.php\/wp-json\/wp\/v2\/posts"}],"about":[{"href":"https:\/\/sindaopcpb.org.br\/index.php\/wp-json\/wp\/v2\/types\/post"}],"author":[{"embeddable":true,"href":"https:\/\/sindaopcpb.org.br\/index.php\/wp-json\/wp\/v2\/users\/2"}],"replies":[{"embeddable":true,"href":"https:\/\/sindaopcpb.org.br\/index.php\/wp-json\/wp\/v2\/comments?post=27101"}],"version-history":[{"count":1,"href":"https:\/\/sindaopcpb.org.br\/index.php\/wp-json\/wp\/v2\/posts\/27101\/revisions"}],"predecessor-version":[{"id":27102,"href":"https:\/\/sindaopcpb.org.br\/index.php\/wp-json\/wp\/v2\/posts\/27101\/revisions\/27102"}],"wp:attachment":[{"href":"https:\/\/sindaopcpb.org.br\/index.php\/wp-json\/wp\/v2\/media?parent=27101"}],"wp:term":[{"taxonomy":"category","embeddable":true,"href":"https:\/\/sindaopcpb.org.br\/index.php\/wp-json\/wp\/v2\/categories?post=27101"},{"taxonomy":"post_tag","embeddable":true,"href":"https:\/\/sindaopcpb.org.br\/index.php\/wp-json\/wp\/v2\/tags?post=27101"}],"curies":[{"name":"wp","href":"https:\/\/api.w.org\/{rel}","templated":true}]}}