{"id":27089,"date":"2023-07-26T12:55:32","date_gmt":"2023-07-26T15:55:32","guid":{"rendered":"https:\/\/www.infomoney.com.br\/?p=2196916"},"modified":"2023-07-26T12:55:32","modified_gmt":"2023-07-26T15:55:32","slug":"moraes-da-120-dias-para-elaboracao-de-plano-para-populacao-de-rua","status":"publish","type":"post","link":"https:\/\/sindaopcpb.org.br\/index.php\/2023\/07\/26\/moraes-da-120-dias-para-elaboracao-de-plano-para-populacao-de-rua\/","title":{"rendered":"Moraes d\u00e1 120 dias para elabora\u00e7\u00e3o de plano para popula\u00e7\u00e3o de rua"},"content":{"rendered":"<p><img loading=\"lazy\" width=\"300\" height=\"179\" src=\"https:\/\/www.infomoney.com.br\/wp-content\/uploads\/2022\/08\/tse_posse_moraes2.jpg?fit=300%2C179&amp;quality=70&amp;strip=all\" class=\"attachment-medium size-medium wp-post-image\" alt=\"Alexandre de Moraes\" decoding=\"async\" style=\"float:right; margin:0 0 10px 10px;\" srcset=\"https:\/\/www.infomoney.com.br\/wp-content\/uploads\/2022\/08\/tse_posse_moraes2.jpg?w=1170&amp;quality=70&amp;strip=all 1170w, https:\/\/www.infomoney.com.br\/wp-content\/uploads\/2022\/08\/tse_posse_moraes2.jpg?w=300&amp;quality=70&amp;strip=all 300w, https:\/\/www.infomoney.com.br\/wp-content\/uploads\/2022\/08\/tse_posse_moraes2.jpg?w=768&amp;quality=70&amp;strip=all 768w, https:\/\/www.infomoney.com.br\/wp-content\/uploads\/2022\/08\/tse_posse_moraes2.jpg?w=150&amp;quality=70&amp;strip=all 150w\" sizes=\"auto, (max-width: 300px) 100vw, 300px\" data-attachment-id=\"1917046\" data-permalink=\"https:\/\/www.infomoney.com.br\/tse_posse_moraes2\/\" data-orig-file=\"https:\/\/www.infomoney.com.br\/wp-content\/uploads\/2022\/08\/tse_posse_moraes2.jpg?fit=1170%2C700&amp;quality=70&amp;strip=all\" data-orig-size=\"1170,700\" data-comments-opened=\"0\" data-image-meta=\"{&quot;aperture&quot;:&quot;0&quot;,&quot;credit&quot;:&quot;TSE&quot;,&quot;camera&quot;:&quot;&quot;,&quot;caption&quot;:&quot;O ministro Alexandre de Moraes toma posse,  na presid\\u00eancia do Tribunal Superior Eleitoral (TSE)&quot;,&quot;created_timestamp&quot;:&quot;0&quot;,&quot;copyright&quot;:&quot;&quot;,&quot;focal_length&quot;:&quot;0&quot;,&quot;iso&quot;:&quot;0&quot;,&quot;shutter_speed&quot;:&quot;0&quot;,&quot;title&quot;:&quot;&quot;,&quot;orientation&quot;:&quot;1&quot;}\" data-image-title=\"tse_posse_moraes2\" data-image-description=\"\" data-image-caption=\"&lt;p&gt;O ministro Alexandre de Moraes toma posse na presid\u00eancia do Tribunal Superior Eleitoral (TSE)&lt;\/p&gt;\n\" data-medium-file=\"https:\/\/www.infomoney.com.br\/wp-content\/uploads\/2022\/08\/tse_posse_moraes2.jpg?fit=300%2C179&amp;quality=70&amp;strip=all\" data-large-file=\"https:\/\/www.infomoney.com.br\/wp-content\/uploads\/2022\/08\/tse_posse_moraes2.jpg?fit=1170%2C700&amp;quality=70&amp;strip=all\" title=\"\"><\/p>\n<p>O ministro Alexandre de Moraes, do Supremo Tribunal Federal (STF), deu prazo de 120 dias para o governo federal apresentar um plano nacional para a popula\u00e7\u00e3o de rua.<\/p>\n<p>A decis\u00e3o do ministro foi motivada por uma a\u00e7\u00e3o protocolada no Supremo por PSOL, Rede Sustentabilidade e Movimento dos Trabalhadores Sem Teto (MTST).<\/p>\n<p>Os autores da a\u00e7\u00e3o alegaram omiss\u00e3o do Executivo e Legislativo ao longo do tempo na implementa\u00e7\u00e3o de pol\u00edticas para quem vive nas ruas do pa\u00eds, previstas em um decreto presidencial de 2009.<\/p>\n<p>Na decis\u00e3o, Moraes entendeu que o Judici\u00e1rio deve intervir na quest\u00e3o para promover esfor\u00e7os para impedir a continuidade da viola\u00e7\u00e3o de direitos humanos.<\/p>\n<p>&#8220;A viola\u00e7\u00e3o maci\u00e7a de direitos humanos, a indicar um potencial estado de coisas inconstitucional, impele o Poder Judici\u00e1rio a intervir, a mediar e a promover esfor\u00e7os na reimagina\u00e7\u00e3o de uma estrutura de enfrentamento para as mazelas que, lastimavelmente, caracterizam uma determinada conjuntura, tal qual aquela que se apresenta&#8221;, afirmou.<\/p>\n<p>Na mesma decis\u00e3o, Moraes determinou que estados e munic\u00edpios n\u00e3o podem realizar obras com arquitetura hostil contra a popula\u00e7\u00e3o de rua, recolhimento for\u00e7ado de pertences pessoais e remo\u00e7\u00e3o compuls\u00f3ria de pessoas. Al\u00e9m disso, dever\u00e1 ocorrer capacita\u00e7\u00e3o de agentes para dar tratamento digno aos moradores e divulga\u00e7\u00e3o pr\u00e9via dos hor\u00e1rios de servi\u00e7os de zeladoria.<\/p>\n<p>The post <a rel=\"nofollow noopener\" href=\"https:\/\/www.infomoney.com.br\/politica\/moraes-da-120-dias-para-elaboracao-de-plano-para-populacao-de-rua\/\" target=\"_blank\">Moraes d\u00e1 120 dias para elabora\u00e7\u00e3o de plano para popula\u00e7\u00e3o de rua<\/a> appeared first on <a rel=\"nofollow noopener\" href=\"https:\/\/www.infomoney.com.br\/\" target=\"_blank\">InfoMoney<\/a>.<\/p>\n","protected":false},"excerpt":{"rendered":"<p><img loading=\"lazy\" decoding=\"async\" width=\"300\" height=\"179\" src=\"https:\/\/www.infomoney.com.br\/wp-content\/uploads\/2022\/08\/tse_posse_moraes2.jpg?fit=300%2C179&amp;quality=70&amp;strip=all\" class=\"attachment-medium size-medium wp-post-image\" alt=\"Alexandre de Moraes\" data-attachment-id=\"1917046\" data-permalink=\"https:\/\/www.infomoney.com.br\/tse_posse_moraes2\/\" data-orig-file=\"https:\/\/www.infomoney.com.br\/wp-content\/uploads\/2022\/08\/tse_posse_moraes2.jpg?fit=1170%2C700&amp;quality=70&amp;strip=all\" data-orig-size=\"1170,700\" data-comments-opened=\"0\" data-image-meta='{\"aperture\":\"0\",\"credit\":\"TSE\",\"camera\":\"\",\"caption\":\"O ministro Alexandre de Moraes toma posse,  na presid\\u00eancia do Tribunal Superior Eleitoral (TSE)\",\"created_timestamp\":\"0\",\"copyright\":\"\",\"focal_length\":\"0\",\"iso\":\"0\",\"shutter_speed\":\"0\",\"title\":\"\",\"orientation\":\"1\"}' data-image-title=\"tse_posse_moraes2\" data-image-description=\"\" data-image-caption=\"&lt;p&gt;O ministro Alexandre de Moraes toma posse na presid\u00eancia do Tribunal Superior Eleitoral (TSE)&lt;\/p&gt;\n\" data-medium-file=\"https:\/\/www.infomoney.com.br\/wp-content\/uploads\/2022\/08\/tse_posse_moraes2.jpg?fit=300%2C179&amp;quality=70&amp;strip=all\" data-large-file=\"https:\/\/www.infomoney.com.br\/wp-content\/uploads\/2022\/08\/tse_posse_moraes2.jpg?fit=1170%2C700&amp;quality=70&amp;strip=all\">A\u00e7\u00e3o mostra omiss\u00e3o do Executivo e do Legislativo sobre o tema<\/p>\n<p>The post <a rel=\"nofollow\" href=\"https:\/\/www.infomoney.com.br\/politica\/moraes-da-120-dias-para-elaboracao-de-plano-para-populacao-de-rua\/\">Moraes d\u00e1 120 dias para elabora\u00e7\u00e3o de plano para popula\u00e7\u00e3o de rua<\/a> appeared first on <a rel=\"nofollow\" href=\"https:\/\/www.infomoney.com.br\/\">InfoMoney<\/a>.<\/p>\n","protected":false},"author":44,"featured_media":0,"comment_status":"closed","ping_status":"closed","sticky":false,"template":"","format":"standard","meta":{"advgb_blocks_editor_width":"","advgb_blocks_columns_visual_guide":"","footnotes":""},"categories":[463,1582,34,187,47,449],"tags":[35],"class_list":["post-27089","post","type-post","status-publish","format-standard","hentry","category-alexandre-de-moraes","category-direitos-humanos","category-g1","category-governo-federal","category-politica","category-stf","tag-g1"],"author_meta":{"display_name":"Ag\u00eancia Brasil","author_link":"https:\/\/sindaopcpb.org.br\/author\/agencia-brasil\/"},"featured_img":null,"coauthors":[],"tax_additional":{"categories":{"linked":["<a href=\"https:\/\/sindaopcpb.org.br\/alexandre-de-moraes\/\" class=\"advgb-post-tax-term\">Alexandre de Moraes<\/a>","<a href=\"https:\/\/sindaopcpb.org.br\/direitos-humanos\/\" class=\"advgb-post-tax-term\">Direitos Humanos<\/a>","<a href=\"https:\/\/sindaopcpb.org.br\/g1\/\" class=\"advgb-post-tax-term\">G1<\/a>","<a href=\"https:\/\/sindaopcpb.org.br\/governo-federal\/\" class=\"advgb-post-tax-term\">Governo Federal<\/a>","<a href=\"https:\/\/sindaopcpb.org.br\/politica\/\" class=\"advgb-post-tax-term\">POLITICA<\/a>","<a href=\"https:\/\/sindaopcpb.org.br\/stf\/\" class=\"advgb-post-tax-term\">STF<\/a>"],"unlinked":["<span class=\"advgb-post-tax-term\">Alexandre de Moraes<\/span>","<span class=\"advgb-post-tax-term\">Direitos Humanos<\/span>","<span class=\"advgb-post-tax-term\">G1<\/span>","<span class=\"advgb-post-tax-term\">Governo Federal<\/span>","<span class=\"advgb-post-tax-term\">POLITICA<\/span>","<span class=\"advgb-post-tax-term\">STF<\/span>"]},"tags":{"linked":["<a href=\"https:\/\/sindaopcpb.org.br\/stf\/\" class=\"advgb-post-tax-term\">g1<\/a>"],"unlinked":["<span class=\"advgb-post-tax-term\">g1<\/span>"]}},"comment_count":"0","relative_dates":{"created":"Publicado 3 anos atr\u00e1s","modified":"Atualizado 3 anos atr\u00e1s"},"absolute_dates":{"created":"Publicado em 26 de julho de 2023","modified":"Atualizado em 26 de julho de 2023"},"absolute_dates_time":{"created":"Publicado em 26 de julho de 2023 12:55","modified":"Atualizado em 26 de julho de 2023 12:55"},"featured_img_caption":"","series_order":"","_links":{"self":[{"href":"https:\/\/sindaopcpb.org.br\/index.php\/wp-json\/wp\/v2\/posts\/27089","targetHints":{"allow":["GET"]}}],"collection":[{"href":"https:\/\/sindaopcpb.org.br\/index.php\/wp-json\/wp\/v2\/posts"}],"about":[{"href":"https:\/\/sindaopcpb.org.br\/index.php\/wp-json\/wp\/v2\/types\/post"}],"author":[{"embeddable":true,"href":"https:\/\/sindaopcpb.org.br\/index.php\/wp-json\/wp\/v2\/users\/44"}],"replies":[{"embeddable":true,"href":"https:\/\/sindaopcpb.org.br\/index.php\/wp-json\/wp\/v2\/comments?post=27089"}],"version-history":[{"count":1,"href":"https:\/\/sindaopcpb.org.br\/index.php\/wp-json\/wp\/v2\/posts\/27089\/revisions"}],"predecessor-version":[{"id":27090,"href":"https:\/\/sindaopcpb.org.br\/index.php\/wp-json\/wp\/v2\/posts\/27089\/revisions\/27090"}],"wp:attachment":[{"href":"https:\/\/sindaopcpb.org.br\/index.php\/wp-json\/wp\/v2\/media?parent=27089"}],"wp:term":[{"taxonomy":"category","embeddable":true,"href":"https:\/\/sindaopcpb.org.br\/index.php\/wp-json\/wp\/v2\/categories?post=27089"},{"taxonomy":"post_tag","embeddable":true,"href":"https:\/\/sindaopcpb.org.br\/index.php\/wp-json\/wp\/v2\/tags?post=27089"}],"curies":[{"name":"wp","href":"https:\/\/api.w.org\/{rel}","templated":true}]}}