{"id":27083,"date":"2023-07-26T11:11:32","date_gmt":"2023-07-26T14:11:32","guid":{"rendered":"https:\/\/www.infomoney.com.br\/?p=2196936"},"modified":"2023-07-26T11:11:32","modified_gmt":"2023-07-26T14:11:32","slug":"ministra-da-cultura-defende-presenca-negra-no-jornalismo-e-na-politica","status":"publish","type":"post","link":"https:\/\/sindaopcpb.org.br\/index.php\/2023\/07\/26\/ministra-da-cultura-defende-presenca-negra-no-jornalismo-e-na-politica\/","title":{"rendered":"Ministra da Cultura defende presen\u00e7a negra no jornalismo e na pol\u00edtica"},"content":{"rendered":"<p><img loading=\"lazy\" width=\"300\" height=\"225\" src=\"https:\/\/www.infomoney.com.br\/wp-content\/uploads\/2023\/07\/ja_6696.jpg?fit=300%2C225&amp;quality=70&amp;strip=all\" class=\"attachment-medium size-medium wp-post-image\" alt=\"\" decoding=\"async\" style=\"float:right; margin:0 0 10px 10px;\" srcset=\"https:\/\/www.infomoney.com.br\/wp-content\/uploads\/2023\/07\/ja_6696.jpg?w=1024&amp;quality=70&amp;strip=all 1024w, https:\/\/www.infomoney.com.br\/wp-content\/uploads\/2023\/07\/ja_6696.jpg?w=300&amp;quality=70&amp;strip=all 300w, https:\/\/www.infomoney.com.br\/wp-content\/uploads\/2023\/07\/ja_6696.jpg?w=768&amp;quality=70&amp;strip=all 768w, https:\/\/www.infomoney.com.br\/wp-content\/uploads\/2023\/07\/ja_6696.jpg?w=150&amp;quality=70&amp;strip=all 150w\" sizes=\"auto, (max-width: 300px) 100vw, 300px\" data-attachment-id=\"2196945\" data-permalink=\"https:\/\/www.infomoney.com.br\/politica\/ministra-da-cultura-defende-presenca-negra-no-jornalismo-e-na-politica\/attachment\/_ja_6696\/\" data-orig-file=\"https:\/\/www.infomoney.com.br\/wp-content\/uploads\/2023\/07\/ja_6696.jpg?fit=1024%2C768&amp;quality=70&amp;strip=all\" data-orig-size=\"1024,768\" data-comments-opened=\"0\" data-image-meta=\"{&quot;aperture&quot;:&quot;2.8&quot;,&quot;credit&quot;:&quot;&quot;,&quot;camera&quot;:&quot;Canon EOS 5D Mark IV&quot;,&quot;caption&quot;:&quot;&quot;,&quot;created_timestamp&quot;:&quot;1690280412&quot;,&quot;copyright&quot;:&quot;&quot;,&quot;focal_length&quot;:&quot;190&quot;,&quot;iso&quot;:&quot;1000&quot;,&quot;shutter_speed&quot;:&quot;0.008&quot;,&quot;title&quot;:&quot;&quot;,&quot;orientation&quot;:&quot;1&quot;}\" data-image-title=\"Margareth Menezes, ministra da Cultura\" data-image-description=\"&lt;p&gt;Bras\u00edlia (DF) 25\/07\/2023 &#8211; A Ministra da Cultura, Margareth Menezes, participa de uma caf\u00e9 da manh\u00e3 com as profissionais de imprensa por ocasi\u00e3o do Dia Internacional da Mulher Negra, Latino-Americana e Caribenha, no Centro Cultural Banco do Brasil (CCBB). Foto: Jo\u00e9dson Alves\/Ag\u00eancia Brasil&lt;\/p&gt;\n\" data-image-caption=\"&lt;p&gt;Bras\u00edlia (DF) 25\/07\/2023 &#8211; A Ministra da Cultura, Margareth Menezes, participa de uma caf\u00e9 da manh\u00e3 com as profissionais de imprensa por ocasi\u00e3o do Dia Internacional da Mulher Negra, Latino-Americana e Caribenha, no Centro Cultural Banco do Brasil (CCBB). Foto: Jo\u00e9dson Alves\/Ag\u00eancia Brasil&lt;\/p&gt;\n\" data-medium-file=\"https:\/\/www.infomoney.com.br\/wp-content\/uploads\/2023\/07\/ja_6696.jpg?fit=300%2C225&amp;quality=70&amp;strip=all\" data-large-file=\"https:\/\/www.infomoney.com.br\/wp-content\/uploads\/2023\/07\/ja_6696.jpg?fit=1024%2C768&amp;quality=70&amp;strip=all\" title=\"\"><\/p>\n<p>No Dia Internacional da Mulher Negra Latino-Americana e Caribenha, celebrado nesta ter\u00e7a-feira (25), a ministra da Cultura, Margareth Menezes, convidou jornalistas negras para um encontro no Centro Cultural Banco do Brasil (CCBB) em Bras\u00edlia. Cerca de 40 profissionais de diferentes ve\u00edculos participaram do evento.<\/p>\n<p>\u201cPrecisamos de mulheres negras nesses espa\u00e7os pois elas amplificam a comunica\u00e7\u00e3o para que as informa\u00e7\u00f5es sobre pol\u00edticas p\u00fablicas cheguem aonde elas precisam chegar. O povo brasileiro precisa se ver na televis\u00e3o e em todos os lugares\u201d, destacou Margareth, que tamb\u00e9m mencionou a import\u00e2ncia das mulheres na pol\u00edtica e de respostas para crimes como o assassinato da vereadora Marielle Franco e do motorista Anderson Gomes.<\/p>\n<p>\u201cEsse tipo de maneira de calar as pessoas e de calar as vozes das pessoas que se colocam \u00e0 dispor da luta antirracista \u00e9 uma pr\u00e1tica da sociedade brasileira. Estamos buscando um outro momento, uma virada dessa coisa t\u00e3o perversa. Estamos fazendo uma revolu\u00e7\u00e3o sem armas na m\u00e3o. A custo de muito sangue, de muita luta.\u201d<\/p>\n<p>Com rela\u00e7\u00e3o ao trabalho \u00e0 frente do Minist\u00e9rio da Cultura, Margareth ressaltou que deseja avan\u00e7ar com a descentraliza\u00e7\u00e3o da pol\u00edtica de fomento e a reestrutura\u00e7\u00e3o do \u00f3rg\u00e3o, que chegou a ser extinto no governo Bolsonaro. A ministra tamb\u00e9m pretende investir nas pol\u00edticas de incentivo ao livro e \u00e0 leitura, estimular o retorno das aulas de arte e cultura na rede de ensino, al\u00e9m de apoiar a retomada do crescimento do setor audiovisual e a integra\u00e7\u00e3o com pa\u00edses do Mercosul.<\/p>\n<p>Ao ser perguntada sobre poss\u00edveis mudan\u00e7as na composi\u00e7\u00e3o do governo, Margareth disse que a decis\u00e3o compete ao presidente Luiz In\u00e1cio Lula da Silva. Ela destacou a import\u00e2ncia do apoio da sociedade ao trabalho que vem sendo desenvolvido, especialmente por lideran\u00e7as negras e mulheres. \u201cO presidente Lula tem buscado di\u00e1logo entre as for\u00e7as pol\u00edticas e \u00e9 nesse lugar que precisamos nos equilibrar. N\u00e3o \u00e9 f\u00e1cil chegar a esse lugar de poder para implementar pol\u00edticas sociais que estavam sendo desconstru\u00eddas.\u201d<\/p>\n<p>The post <a rel=\"nofollow noopener\" href=\"https:\/\/www.infomoney.com.br\/politica\/ministra-da-cultura-defende-presenca-negra-no-jornalismo-e-na-politica\/\" target=\"_blank\">Ministra da Cultura defende presen\u00e7a negra no jornalismo e na pol\u00edtica<\/a> appeared first on <a rel=\"nofollow noopener\" href=\"https:\/\/www.infomoney.com.br\/\" target=\"_blank\">InfoMoney<\/a>.<\/p>\n","protected":false},"excerpt":{"rendered":"<p><img loading=\"lazy\" decoding=\"async\" width=\"300\" height=\"225\" src=\"https:\/\/www.infomoney.com.br\/wp-content\/uploads\/2023\/07\/ja_6696.jpg?fit=300%2C225&amp;quality=70&amp;strip=all\" class=\"attachment-medium size-medium wp-post-image\" alt=\"\" data-attachment-id=\"2196945\" data-permalink=\"https:\/\/www.infomoney.com.br\/politica\/ministra-da-cultura-defende-presenca-negra-no-jornalismo-e-na-politica\/attachment\/_ja_6696\/\" data-orig-file=\"https:\/\/www.infomoney.com.br\/wp-content\/uploads\/2023\/07\/ja_6696.jpg?fit=1024%2C768&amp;quality=70&amp;strip=all\" data-orig-size=\"1024,768\" data-comments-opened=\"0\" data-image-meta='{\"aperture\":\"2.8\",\"credit\":\"\",\"camera\":\"Canon EOS 5D Mark IV\",\"caption\":\"\",\"created_timestamp\":\"1690280412\",\"copyright\":\"\",\"focal_length\":\"190\",\"iso\":\"1000\",\"shutter_speed\":\"0.008\",\"title\":\"\",\"orientation\":\"1\"}' data-image-title=\"Margareth Menezes, ministra da Cultura\" data-image-description=\"&lt;p&gt;Bras\u00edlia (DF) 25\/07\/2023 \u2013 A Ministra da Cultura, Margareth Menezes, participa de uma caf\u00e9 da manh\u00e3 com as profissionais de imprensa por ocasi\u00e3o do Dia Internacional da Mulher Negra, Latino-Americana e Caribenha, no Centro Cultural Banco do Brasil (CCBB). Foto: Jo\u00e9dson Alves\/Ag\u00eancia Brasil&lt;\/p&gt;\n\" data-image-caption=\"&lt;p&gt;Bras\u00edlia (DF) 25\/07\/2023 \u2013 A Ministra da Cultura, Margareth Menezes, participa de uma caf\u00e9 da manh\u00e3 com as profissionais de imprensa por ocasi\u00e3o do Dia Internacional da Mulher Negra, Latino-Americana e Caribenha, no Centro Cultural Banco do Brasil (CCBB). Foto: Jo\u00e9dson Alves\/Ag\u00eancia Brasil&lt;\/p&gt;\n\" data-medium-file=\"https:\/\/www.infomoney.com.br\/wp-content\/uploads\/2023\/07\/ja_6696.jpg?fit=300%2C225&amp;quality=70&amp;strip=all\" data-large-file=\"https:\/\/www.infomoney.com.br\/wp-content\/uploads\/2023\/07\/ja_6696.jpg?fit=1024%2C768&amp;quality=70&amp;strip=all\">Margareth Menezes se reuniu com cerca de 40 jornalistas negras no CCBB<\/p>\n<p>The post <a rel=\"nofollow\" href=\"https:\/\/www.infomoney.com.br\/politica\/ministra-da-cultura-defende-presenca-negra-no-jornalismo-e-na-politica\/\">Ministra da Cultura defende presen\u00e7a negra no jornalismo e na pol\u00edtica<\/a> appeared first on <a rel=\"nofollow\" href=\"https:\/\/www.infomoney.com.br\/\">InfoMoney<\/a>.<\/p>\n","protected":false},"author":44,"featured_media":0,"comment_status":"closed","ping_status":"closed","sticky":false,"template":"","format":"standard","meta":{"advgb_blocks_editor_width":"","advgb_blocks_columns_visual_guide":"","footnotes":""},"categories":[170,34,6966,1975,1488,47],"tags":[35],"class_list":["post-27083","post","type-post","status-publish","format-standard","hentry","category-cultura","category-g1","category-jornalismo","category-ministerio-da-cultura","category-mulheres","category-politica","tag-g1"],"author_meta":{"display_name":"Ag\u00eancia Brasil","author_link":"https:\/\/sindaopcpb.org.br\/author\/agencia-brasil\/"},"featured_img":null,"coauthors":[],"tax_additional":{"categories":{"linked":["<a href=\"https:\/\/sindaopcpb.org.br\/cultura\/\" class=\"advgb-post-tax-term\">Cultura<\/a>","<a href=\"https:\/\/sindaopcpb.org.br\/g1\/\" class=\"advgb-post-tax-term\">G1<\/a>","<a href=\"https:\/\/sindaopcpb.org.br\/jornalismo\/\" class=\"advgb-post-tax-term\">jornalismo<\/a>","<a href=\"https:\/\/sindaopcpb.org.br\/ministerio-da-cultura\/\" class=\"advgb-post-tax-term\">Minist\u00e9rio da Cultura<\/a>","<a href=\"https:\/\/sindaopcpb.org.br\/mulheres\/\" class=\"advgb-post-tax-term\">Mulheres<\/a>","<a href=\"https:\/\/sindaopcpb.org.br\/politica\/\" class=\"advgb-post-tax-term\">POLITICA<\/a>"],"unlinked":["<span class=\"advgb-post-tax-term\">Cultura<\/span>","<span class=\"advgb-post-tax-term\">G1<\/span>","<span class=\"advgb-post-tax-term\">jornalismo<\/span>","<span class=\"advgb-post-tax-term\">Minist\u00e9rio da Cultura<\/span>","<span class=\"advgb-post-tax-term\">Mulheres<\/span>","<span class=\"advgb-post-tax-term\">POLITICA<\/span>"]},"tags":{"linked":["<a href=\"https:\/\/sindaopcpb.org.br\/politica\/\" class=\"advgb-post-tax-term\">g1<\/a>"],"unlinked":["<span class=\"advgb-post-tax-term\">g1<\/span>"]}},"comment_count":"0","relative_dates":{"created":"Publicado 3 anos atr\u00e1s","modified":"Atualizado 3 anos atr\u00e1s"},"absolute_dates":{"created":"Publicado em 26 de julho de 2023","modified":"Atualizado em 26 de julho de 2023"},"absolute_dates_time":{"created":"Publicado em 26 de julho de 2023 11:11","modified":"Atualizado em 26 de julho de 2023 11:11"},"featured_img_caption":"","series_order":"","_links":{"self":[{"href":"https:\/\/sindaopcpb.org.br\/index.php\/wp-json\/wp\/v2\/posts\/27083","targetHints":{"allow":["GET"]}}],"collection":[{"href":"https:\/\/sindaopcpb.org.br\/index.php\/wp-json\/wp\/v2\/posts"}],"about":[{"href":"https:\/\/sindaopcpb.org.br\/index.php\/wp-json\/wp\/v2\/types\/post"}],"author":[{"embeddable":true,"href":"https:\/\/sindaopcpb.org.br\/index.php\/wp-json\/wp\/v2\/users\/44"}],"replies":[{"embeddable":true,"href":"https:\/\/sindaopcpb.org.br\/index.php\/wp-json\/wp\/v2\/comments?post=27083"}],"version-history":[{"count":1,"href":"https:\/\/sindaopcpb.org.br\/index.php\/wp-json\/wp\/v2\/posts\/27083\/revisions"}],"predecessor-version":[{"id":27084,"href":"https:\/\/sindaopcpb.org.br\/index.php\/wp-json\/wp\/v2\/posts\/27083\/revisions\/27084"}],"wp:attachment":[{"href":"https:\/\/sindaopcpb.org.br\/index.php\/wp-json\/wp\/v2\/media?parent=27083"}],"wp:term":[{"taxonomy":"category","embeddable":true,"href":"https:\/\/sindaopcpb.org.br\/index.php\/wp-json\/wp\/v2\/categories?post=27083"},{"taxonomy":"post_tag","embeddable":true,"href":"https:\/\/sindaopcpb.org.br\/index.php\/wp-json\/wp\/v2\/tags?post=27083"}],"curies":[{"name":"wp","href":"https:\/\/api.w.org\/{rel}","templated":true}]}}