{"id":27081,"date":"2023-07-26T11:56:02","date_gmt":"2023-07-26T14:56:02","guid":{"rendered":"https:\/\/www.infomoney.com.br\/?p=2197030"},"modified":"2023-07-26T11:56:02","modified_gmt":"2023-07-26T14:56:02","slug":"fazenda-anuncia-pacote-de-medidas-para-estados-incluindo-flexibilizacao-do-regime-de-recuperacao-fiscal-e-mudanca-na-lrf","status":"publish","type":"post","link":"https:\/\/sindaopcpb.org.br\/index.php\/2023\/07\/26\/fazenda-anuncia-pacote-de-medidas-para-estados-incluindo-flexibilizacao-do-regime-de-recuperacao-fiscal-e-mudanca-na-lrf\/","title":{"rendered":"Fazenda anuncia pacote de medidas para estados, incluindo flexibiliza\u00e7\u00e3o do Regime de Recupera\u00e7\u00e3o Fiscal e mudan\u00e7a na LRF"},"content":{"rendered":"<p><img loading=\"lazy\" width=\"300\" height=\"200\" src=\"https:\/\/www.infomoney.com.br\/wp-content\/uploads\/2023\/04\/52623833531_45c075e35c_c.jpg?fit=300%2C200&amp;quality=70&amp;strip=all\" class=\"attachment-medium size-medium wp-post-image\" alt=\"\" decoding=\"async\" style=\"float:right; margin:0 0 10px 10px;\" srcset=\"https:\/\/www.infomoney.com.br\/wp-content\/uploads\/2023\/04\/52623833531_45c075e35c_c.jpg?w=799&amp;quality=70&amp;strip=all 799w, https:\/\/www.infomoney.com.br\/wp-content\/uploads\/2023\/04\/52623833531_45c075e35c_c.jpg?w=300&amp;quality=70&amp;strip=all 300w, https:\/\/www.infomoney.com.br\/wp-content\/uploads\/2023\/04\/52623833531_45c075e35c_c.jpg?w=768&amp;quality=70&amp;strip=all 768w, https:\/\/www.infomoney.com.br\/wp-content\/uploads\/2023\/04\/52623833531_45c075e35c_c.jpg?w=150&amp;quality=70&amp;strip=all 150w\" sizes=\"auto, (max-width: 300px) 100vw, 300px\" data-attachment-id=\"2108148\" data-permalink=\"https:\/\/www.infomoney.com.br\/politica\/arcabouco-fiscal-tera-mecanismo-para-revisao-de-meta-de-resultado-primario-com-condicionantes\/attachment\/52623833531_45c075e35c_c\/\" data-orig-file=\"https:\/\/www.infomoney.com.br\/wp-content\/uploads\/2023\/04\/52623833531_45c075e35c_c.jpg?fit=799%2C533&amp;quality=70&amp;strip=all\" data-orig-size=\"799,533\" data-comments-opened=\"0\" data-image-meta=\"{&quot;aperture&quot;:&quot;0&quot;,&quot;credit&quot;:&quot;Washington Costa&quot;,&quot;camera&quot;:&quot;&quot;,&quot;caption&quot;:&quot;&quot;,&quot;created_timestamp&quot;:&quot;0&quot;,&quot;copyright&quot;:&quot;Ministerio da Economia&quot;,&quot;focal_length&quot;:&quot;0&quot;,&quot;iso&quot;:&quot;0&quot;,&quot;shutter_speed&quot;:&quot;0&quot;,&quot;title&quot;:&quot;&quot;,&quot;orientation&quot;:&quot;0&quot;}\" data-image-title=\"Rog\u00e9rio Ceron\" data-image-description=\"\" data-image-caption=\"&lt;p&gt;O secret\u00e1rio do Tesouro Nacional, Rog\u00e9rio Ceron, em coletiva de imprensa (Foto: Washington Costa\/MF)&lt;\/p&gt;\n\" data-medium-file=\"https:\/\/www.infomoney.com.br\/wp-content\/uploads\/2023\/04\/52623833531_45c075e35c_c.jpg?fit=300%2C200&amp;quality=70&amp;strip=all\" data-large-file=\"https:\/\/www.infomoney.com.br\/wp-content\/uploads\/2023\/04\/52623833531_45c075e35c_c.jpg?fit=799%2C533&amp;quality=70&amp;strip=all\" title=\"\"><\/p>\n<p>O Minist\u00e9rio da Fazenda anunciou, nesta quarta-feira (26), um pacote de medidas para apoiar estados e munic\u00edpios e que tem como objetivo criar um novo ambiente para as rela\u00e7\u00f5es entre os entes federados. O plano foi batizado de &#8220;Novo Ciclo de Coopera\u00e7\u00e3o Federativa&#8221;.<\/p>\n<p>Entre as a\u00e7\u00f5es est\u00e1 uma proposta para alterar o Regime de Recupera\u00e7\u00e3o Fiscal dos Estados, incluindo flexibiliza\u00e7\u00f5es de normas, como uma extens\u00e3o de prazo e grada\u00e7\u00e3o de san\u00e7\u00f5es. Outra \u00e9 o aprimoramento na classifica\u00e7\u00e3o de pagamento de Estados e munic\u00edpios para facilitar opera\u00e7\u00f5es de cr\u00e9dito.<\/p>\n<p>De acordo com apresenta\u00e7\u00e3o distribu\u00edda pela pasta, o Regime de Recupera\u00e7\u00e3o Fiscal permitir\u00e1 um aumento de limites para financiamentos e dar\u00e1 autoriza\u00e7\u00e3o para crescimento real de despesas se a meta fiscal do ano anterior for cumprida.<\/p>\n<p>O Minist\u00e9rio da Fazenda ressaltou que o programa ter\u00e1 maior foco em resultado fiscal, com grada\u00e7\u00e3o de penalidades aos entes que descumprirem exig\u00eancias. O prazo do regime ainda poder\u00e1 ser ampliado de nove para 12 anos.<\/p>\n<p>No pacote, h\u00e1 a previs\u00e3o de altera\u00e7\u00f5es no Capag (m\u00e9trica que avalia a Capacidade de Pagamento de estados e munic\u00edpios, para apurar a situa\u00e7\u00e3o fiscal dos entes subnacionais que queiram contrair novos empr\u00e9stimos com garantia da Uni\u00e3o).<\/p>\n<p>Uma das ideias \u00e9 introduzir um crit\u00e9rio alternativo de resili\u00eancia financeira para entes adquirirem rating A, possibilitando que estados e munic\u00edpios com saldo de caixa livre superior a 7,5% da receita corrente l\u00edquida possam deixar de ser classificados com nota B.<\/p>\n<p>A avalia\u00e7\u00e3o da pasta \u00e9 que a marca de 15% hoje usada como indicador de poupan\u00e7a corrente para tal classifica\u00e7\u00e3o pode ser &#8221; incompat\u00edvel com escolhas de pol\u00edticas p\u00fablicas leg\u00edtimas dos entes&#8221;. Tamb\u00e9m se buscou oferecer alternativas para viabilizar que entes busquem ter nota A a partir de crit\u00e9rios de resili\u00eancia fiscal e financeira. A expectativa \u00e9 que alguns estados e mais de 400 munic\u00edpios possam ser beneficiados com a mudan\u00e7a.<\/p>\n<p>Outro ponto proposto envolve um fast track para entes com informa\u00e7\u00f5es cont\u00e1beis consistentes. Neste caso, a ideia \u00e9 instituir um ranking de qualidade da informa\u00e7\u00e3o cont\u00e1bil, por meio de mais de 100 testes cont\u00e1beis que classifiquem os entes (A a E). Aqueles com nota A em consist\u00eancia das informa\u00e7\u00f5es e A nos indicadores CAPAG ter\u00e3o processo acelerado de libera\u00e7\u00e3o de opera\u00e7\u00f5es de cr\u00e9dito e ser\u00e3o considerados &#8220;A+&#8221;.<\/p>\n<p>A pasta explica que atualmente n\u00e3o h\u00e1 checagem automatizada e em escala das informa\u00e7\u00f5es cont\u00e1beis, gerando riscos das notas CAPAG de alguns Estados e Munic\u00edpios n\u00e3o serem condizentes com a real situa\u00e7\u00e3o fiscal do ente. Isso faz com que haja checagem manual das informa\u00e7\u00f5es cont\u00e1beis \u2012 o que gera atraso em autoriza\u00e7\u00f5es e consumo de recursos p\u00fablicos.<\/p>\n<p>H\u00e1 tamb\u00e9m no pacote um mecanismo de diferencia\u00e7\u00e3o entre entes com ratings A e B no Capag. A ideia \u00e9 que o primeiro grupo n\u00e3o tenha restri\u00e7\u00f5es em termos de limites para opera\u00e7\u00f5es de cr\u00e9dito. O dispositivo tem por objetivo induzir a busca por notas A e A+ no Capag, o que resultar\u00e1 em entes subnacionais mais resilientes do ponto de vista fiscal e com mais acesso a cr\u00e9dito para investimentos.<\/p>\n<p>Outra medida \u00e9 a implementa\u00e7\u00e3o de limites m\u00e1ximos para taxas de juros cobradas por institui\u00e7\u00f5es financeiras aos entes subnacionais em fun\u00e7\u00e3o das notas Capag com ou sem aval da Uni\u00e3o. Hoje, existe apenas um limite geral, aplic\u00e1vel independentemente do rating do estado ou munic\u00edpio. Al\u00e9m disso, n\u00e3o h\u00e1 limites para taxas de juros sem garantia da Uni\u00e3o e o minist\u00e9rio v\u00ea ind\u00edcios de taxas abusivas, especialmente para entes de menor porte (acima 200% CDI).<\/p>\n<p>Tamb\u00e9m ser\u00e1 criada, a partir de 2025, grada\u00e7\u00e3o na propor\u00e7\u00e3o da opera\u00e7\u00e3o garantida pela Uni\u00e3o em opera\u00e7\u00f5es de cr\u00e9dito de estados e munic\u00edpios, variando de 70 a 100% a depender da nota Capag ser C, B ou A. Trata-se de mais um incentivo \u00e0 busca por ratings mais altos por parte dos entes, al\u00e9m de reduzir a exposi\u00e7\u00e3o da Uni\u00e3o nas opera\u00e7\u00f5es de entes com notas B e C, mitigando seus riscos fiscais.<\/p>\n<p>Do lado dos munic\u00edpios de menor porte, o governo prop\u00f5e a redu\u00e7\u00e3o do n\u00famero m\u00ednimo de habitantes (de R$ 1 milh\u00e3o para 200 mil) exigido para classificado com Capag C ou D aderir ao Plano de Promo\u00e7\u00e3o do Equil\u00edbrio Fiscal (PEF) e poder realizar opera\u00e7\u00f5es de cr\u00e9dito com aval da Uni\u00e3o.<\/p>\n<p>A medida visa democratizar o acesso a instrumentos e acordos para acessarem opera\u00e7\u00f5es de cr\u00e9dito com custos baixos, beneficiando as popula\u00e7\u00f5es locais com a possibilidade de realiza\u00e7\u00e3o de obras e aprimoramento de infraestrutura.<\/p>\n<p>Outra mudan\u00e7a \u00e9 reduzir o valor m\u00ednimo para opera\u00e7\u00f5es com garantia da Uni\u00e3o \u2012 de R$ 30 milh\u00f5es para R$ 20 milh\u00f5es, ou para R$ 10 milh\u00f5es, no caso de opera\u00e7\u00f5es em projetos de PPPs.\u00a0 Isso deve facilitar o acesso a opera\u00e7\u00f5es de cr\u00e9dito por parte de munic\u00edpios de menor porte.<\/p>\n<p>Do lado das PPPs e concess\u00f5es, o governo quer que a Uni\u00e3o s\u00f3 conceda garantias nas opera\u00e7\u00f5es de cr\u00e9dito a estados e munic\u00edpios para institui\u00e7\u00f5es financeiras que cumprirem contrapartidas m\u00ednimas em servi\u00e7os e apoio t\u00e9cnico em benef\u00edcio dos entes. A expectativa \u00e9 que a mudan\u00e7a disponibilize recursos para viabilizar a estrutura\u00e7\u00e3o de mais de 150 projetos at\u00e9 2026.<\/p>\n<p>H\u00e1, ainda, a ideia de alterar a legisla\u00e7\u00e3o vigente para permitir que bancos p\u00fablicos possam oferecer garantias da contrapresta\u00e7\u00e3o integral de PPPs de estados e munic\u00edpios, e n\u00e3o somente a parcela de amortiza\u00e7\u00e3o dos investimentos. Na vis\u00e3o da Fazenda, este \u00e9 um dos principais gargalos na viabiliza\u00e7\u00e3o de projetos de parcerias p\u00fablico-privadas.<\/p>\n<p>Por fim, o pacote trata de aprimoramentos na Lei de Responsabilidade Fiscal. A ideia \u00e9 introduzir, a partir de 2027, regra na qual os estados e munic\u00edpios que observarem descasamento entre recursos dispon\u00edveis em caixa e obriga\u00e7\u00f5es assumidas (restos a pagar) num determinado exerc\u00edcio observar\u00e3o as mesmas medidas restritivas para novas despesas e ren\u00fancias de receitas que aplicadas a Uni\u00e3o em caso de descumprimento da meta de resultado prim\u00e1rio no novo arcabou\u00e7o fiscal.<\/p>\n<h2>Nova rela\u00e7\u00e3o federativa<\/h2>\n<p>Durante o an\u00fancio, o ministro da Fazenda, Fernando Haddad (PT), disse que o governo do presidente Luiz In\u00e1cio Lula da Silva (PT) estava &#8220;cicatrizando feridas abertas no processo eleitoral&#8221;, a partir de decis\u00f5es tomadas pela gest\u00e3o Jair Bolsonaro (PL) e chanceladas pelo Congresso Nacional que minaram as contas dos entes subnacionais e a autonomia federativa.<\/p>\n<p>&#8220;Fizemos um grande esfor\u00e7o, at\u00e9 mar\u00e7o deste ano, para sanar um dos graves problemas herdados da administra\u00e7\u00e3o passada, que foi a retirada da autonomia dos estados em decidir seu pr\u00f3prio destino com as leis complementares 192 e 194. Quase R$ 30 bilh\u00f5es em um acordo que vai buscar justi\u00e7a federativa em rela\u00e7\u00e3o \u00e0quilo que foi suprimido do or\u00e7amento dos estados no meio do processo eleitoral&#8221;, disse.<\/p>\n<p>A refer\u00eancia foi \u00e0 legisla\u00e7\u00e3o que estabeleceu um teto de 17% a 18% para o ICMS (imposto sobre opera\u00e7\u00f5es relativas \u00e0 circula\u00e7\u00e3o de mercadorias e sobre presta\u00e7\u00f5es de servi\u00e7os de transporte interestadual, intermunicipal e de comunica\u00e7\u00e3o) cobrado pelos estados sobre bens e servi\u00e7os considerados essenciais. A lista inclu\u00eda combust\u00edveis, energia el\u00e9trica, comunica\u00e7\u00f5es e transporte coletivo.<\/p>\n<p>&#8220;Estamos abrindo um ciclo de negocia\u00e7\u00e3o para pensar o futuro da rela\u00e7\u00e3o federativa&#8221;, disse o ministro. &#8220;Queremos promover o investimento n\u00e3o s\u00f3 no plano federal, mas tamb\u00e9m municipal e estadual, porque ao final do dia, o que conta \u00e9 o que vai gerar bem estar \u00e0 popula\u00e7\u00e3o&#8221;, pontuou.<\/p>\n<p>(com Reuters)<\/p>\n<p>The post <a rel=\"nofollow noopener\" href=\"https:\/\/www.infomoney.com.br\/politica\/fazenda-anuncia-pacote-de-medidas-para-estados-incluindo-flexibilizacao-do-regime-de-recuperacao-fiscal-e-mudanca-na-lrf\/\" target=\"_blank\">Fazenda anuncia pacote de medidas para estados, incluindo flexibiliza\u00e7\u00e3o do Regime de Recupera\u00e7\u00e3o Fiscal e mudan\u00e7a na LRF<\/a> appeared first on <a rel=\"nofollow noopener\" href=\"https:\/\/www.infomoney.com.br\/\" target=\"_blank\">InfoMoney<\/a>.<\/p>\n","protected":false},"excerpt":{"rendered":"<p><img loading=\"lazy\" decoding=\"async\" width=\"300\" height=\"200\" src=\"https:\/\/www.infomoney.com.br\/wp-content\/uploads\/2023\/04\/52623833531_45c075e35c_c.jpg?fit=300%2C200&amp;quality=70&amp;strip=all\" class=\"attachment-medium size-medium wp-post-image\" alt=\"\" data-attachment-id=\"2108148\" data-permalink=\"https:\/\/www.infomoney.com.br\/politica\/arcabouco-fiscal-tera-mecanismo-para-revisao-de-meta-de-resultado-primario-com-condicionantes\/attachment\/52623833531_45c075e35c_c\/\" data-orig-file=\"https:\/\/www.infomoney.com.br\/wp-content\/uploads\/2023\/04\/52623833531_45c075e35c_c.jpg?fit=799%2C533&amp;quality=70&amp;strip=all\" data-orig-size=\"799,533\" data-comments-opened=\"0\" data-image-meta='{\"aperture\":\"0\",\"credit\":\"Washington Costa\",\"camera\":\"\",\"caption\":\"\",\"created_timestamp\":\"0\",\"copyright\":\"Ministerio da Economia\",\"focal_length\":\"0\",\"iso\":\"0\",\"shutter_speed\":\"0\",\"title\":\"\",\"orientation\":\"0\"}' data-image-title=\"Rog\u00e9rio Ceron\" data-image-description=\"\" data-image-caption=\"&lt;p&gt;O secret\u00e1rio do Tesouro Nacional, Rog\u00e9rio Ceron, em coletiva de imprensa (Foto: Washington Costa\/MF)&lt;\/p&gt;\n\" data-medium-file=\"https:\/\/www.infomoney.com.br\/wp-content\/uploads\/2023\/04\/52623833531_45c075e35c_c.jpg?fit=300%2C200&amp;quality=70&amp;strip=all\" data-large-file=\"https:\/\/www.infomoney.com.br\/wp-content\/uploads\/2023\/04\/52623833531_45c075e35c_c.jpg?fit=799%2C533&amp;quality=70&amp;strip=all\">Plano, batizado de &#8220;Novo Ciclo de Coopera\u00e7\u00e3o Federativa&#8221;, tem como objetivo criar um novo ambiente para as rela\u00e7\u00f5es entre os entes subnacionais<\/p>\n<p>The post <a rel=\"nofollow\" href=\"https:\/\/www.infomoney.com.br\/politica\/fazenda-anuncia-pacote-de-medidas-para-estados-incluindo-flexibilizacao-do-regime-de-recuperacao-fiscal-e-mudanca-na-lrf\/\">Fazenda anuncia pacote de medidas para estados, incluindo flexibiliza\u00e7\u00e3o do Regime de Recupera\u00e7\u00e3o Fiscal e mudan\u00e7a na LRF<\/a> appeared first on <a rel=\"nofollow\" href=\"https:\/\/www.infomoney.com.br\/\">InfoMoney<\/a>.<\/p>\n","protected":false},"author":52,"featured_media":0,"comment_status":"closed","ping_status":"closed","sticky":false,"template":"","format":"standard","meta":{"advgb_blocks_editor_width":"","advgb_blocks_columns_visual_guide":"","footnotes":""},"categories":[69,4293,109,34,260,130,1611,137,47],"tags":[35],"class_list":["post-27081","post","type-post","status-publish","format-standard","hentry","category-economia","category-estados","category-fernando-haddad","category-g1","category-governo","category-ministerio-da-fazenda","category-municipios","category-pacto-federativo","category-politica","tag-g1"],"author_meta":{"display_name":"Marcos Mortari","author_link":"https:\/\/sindaopcpb.org.br\/author\/marcos-mortari\/"},"featured_img":null,"coauthors":[],"tax_additional":{"categories":{"linked":["<a href=\"https:\/\/sindaopcpb.org.br\/economia\/\" class=\"advgb-post-tax-term\">Economia<\/a>","<a href=\"https:\/\/sindaopcpb.org.br\/estados\/\" class=\"advgb-post-tax-term\">Estados<\/a>","<a href=\"https:\/\/sindaopcpb.org.br\/fernando-haddad\/\" class=\"advgb-post-tax-term\">FERNANDO HADDAD<\/a>","<a href=\"https:\/\/sindaopcpb.org.br\/g1\/\" class=\"advgb-post-tax-term\">G1<\/a>","<a href=\"https:\/\/sindaopcpb.org.br\/governo\/\" class=\"advgb-post-tax-term\">Governo<\/a>","<a href=\"https:\/\/sindaopcpb.org.br\/ministerio-da-fazenda\/\" class=\"advgb-post-tax-term\">Minist\u00e9rio da Fazenda<\/a>","<a href=\"https:\/\/sindaopcpb.org.br\/municipios\/\" class=\"advgb-post-tax-term\">Munic\u00edpios<\/a>","<a href=\"https:\/\/sindaopcpb.org.br\/pacto-federativo\/\" class=\"advgb-post-tax-term\">Pacto Federativo<\/a>","<a href=\"https:\/\/sindaopcpb.org.br\/politica\/\" class=\"advgb-post-tax-term\">POLITICA<\/a>"],"unlinked":["<span class=\"advgb-post-tax-term\">Economia<\/span>","<span class=\"advgb-post-tax-term\">Estados<\/span>","<span class=\"advgb-post-tax-term\">FERNANDO HADDAD<\/span>","<span class=\"advgb-post-tax-term\">G1<\/span>","<span class=\"advgb-post-tax-term\">Governo<\/span>","<span class=\"advgb-post-tax-term\">Minist\u00e9rio da Fazenda<\/span>","<span class=\"advgb-post-tax-term\">Munic\u00edpios<\/span>","<span class=\"advgb-post-tax-term\">Pacto Federativo<\/span>","<span class=\"advgb-post-tax-term\">POLITICA<\/span>"]},"tags":{"linked":["<a href=\"https:\/\/sindaopcpb.org.br\/politica\/\" class=\"advgb-post-tax-term\">g1<\/a>"],"unlinked":["<span class=\"advgb-post-tax-term\">g1<\/span>"]}},"comment_count":"0","relative_dates":{"created":"Publicado 3 anos atr\u00e1s","modified":"Atualizado 3 anos atr\u00e1s"},"absolute_dates":{"created":"Publicado em 26 de julho de 2023","modified":"Atualizado em 26 de julho de 2023"},"absolute_dates_time":{"created":"Publicado em 26 de julho de 2023 11:56","modified":"Atualizado em 26 de julho de 2023 11:56"},"featured_img_caption":"","series_order":"","_links":{"self":[{"href":"https:\/\/sindaopcpb.org.br\/index.php\/wp-json\/wp\/v2\/posts\/27081","targetHints":{"allow":["GET"]}}],"collection":[{"href":"https:\/\/sindaopcpb.org.br\/index.php\/wp-json\/wp\/v2\/posts"}],"about":[{"href":"https:\/\/sindaopcpb.org.br\/index.php\/wp-json\/wp\/v2\/types\/post"}],"author":[{"embeddable":true,"href":"https:\/\/sindaopcpb.org.br\/index.php\/wp-json\/wp\/v2\/users\/52"}],"replies":[{"embeddable":true,"href":"https:\/\/sindaopcpb.org.br\/index.php\/wp-json\/wp\/v2\/comments?post=27081"}],"version-history":[{"count":1,"href":"https:\/\/sindaopcpb.org.br\/index.php\/wp-json\/wp\/v2\/posts\/27081\/revisions"}],"predecessor-version":[{"id":27082,"href":"https:\/\/sindaopcpb.org.br\/index.php\/wp-json\/wp\/v2\/posts\/27081\/revisions\/27082"}],"wp:attachment":[{"href":"https:\/\/sindaopcpb.org.br\/index.php\/wp-json\/wp\/v2\/media?parent=27081"}],"wp:term":[{"taxonomy":"category","embeddable":true,"href":"https:\/\/sindaopcpb.org.br\/index.php\/wp-json\/wp\/v2\/categories?post=27081"},{"taxonomy":"post_tag","embeddable":true,"href":"https:\/\/sindaopcpb.org.br\/index.php\/wp-json\/wp\/v2\/tags?post=27081"}],"curies":[{"name":"wp","href":"https:\/\/api.w.org\/{rel}","templated":true}]}}