{"id":27079,"date":"2023-07-26T10:57:26","date_gmt":"2023-07-26T13:57:26","guid":{"rendered":"https:\/\/wpa.wscom.com.br\/?p=914082"},"modified":"2023-07-26T10:57:26","modified_gmt":"2023-07-26T13:57:26","slug":"jovem-de-21-anos-morre-apos-colidir-carro-contra-caminhao-na-br-230-na-paraiba","status":"publish","type":"post","link":"https:\/\/sindaopcpb.org.br\/index.php\/2023\/07\/26\/jovem-de-21-anos-morre-apos-colidir-carro-contra-caminhao-na-br-230-na-paraiba\/","title":{"rendered":"Jovem de 21 anos morre ap\u00f3s colidir carro contra caminh\u00e3o na BR-230, na Para\u00edba"},"content":{"rendered":"<p>Uma colis\u00e3o frontal resultou na morte de um jovem de 21 anos, na manh\u00e3 desta quarta-feira (26), na BR-230, pr\u00f3ximo ao munic\u00edpio de Pocinhos. A v\u00edtima estava conduzindo um carro, que ficou parcialmente destru\u00eddo ap\u00f3s colidir de frente com um caminh\u00e3o.<\/p>\n<p>O acidente ocorreu no Km 191 da BR-230. O carro em que o jovem, identificado como Iago Nicolas de Brito Ribeiro, estava, indicou inicialmente que iria adentrar a entrada de um s\u00edtio ao lado da rodovia, mas de forma repentina retornou \u00e0 pista em alta velocidade, resultando na colis\u00e3o frontal com um caminh\u00e3o que trafegava no sentido oposto, de Campina Grande para o Sert\u00e3o.<\/p>\n<p>O condutor do ve\u00edculo morreu no local. Uma equipe do Corpo de Bombeiros foi acionada para auxiliar na remo\u00e7\u00e3o do corpo, que ficou preso \u00e0s ferragens.<\/p>\n<p>O motorista do caminh\u00e3o prestou esclarecimentos \u00e0s autoridades e realizou o teste do baf\u00f4metro, que n\u00e3o detectou presen\u00e7a de \u00e1lcool em seu organismo.<\/p>\n<p>O post <a rel=\"nofollow noopener\" href=\"https:\/\/wscom.com.br\/jovem-de-21-anos-morre-apos-colidir-carro-contra-caminhao-na-br-230-na-paraiba\/\" target=\"_blank\">Jovem de 21 anos morre ap\u00f3s colidir carro contra caminh\u00e3o na BR-230, na Para\u00edba<\/a> apareceu primeiro em <a rel=\"nofollow noopener\" href=\"https:\/\/wscom.com.br\/\" target=\"_blank\">WSCOM<\/a>.<\/p>\n","protected":false},"excerpt":{"rendered":"<p>Uma colis\u00e3o frontal resultou na morte de um jovem de 21 anos, na manh\u00e3 desta quarta-feira (26), na BR-230, pr\u00f3ximo ao munic\u00edpio de Pocinhos. A v\u00edtima estava conduzindo um carro, que ficou parcialmente destru\u00eddo ap\u00f3s colidir de frente com um caminh\u00e3o. O acidente ocorreu no Km 191 da BR-230. O carro em que o jovem, [\u2026]<\/p>\n<p>O post <a rel=\"nofollow\" href=\"https:\/\/wscom.com.br\/jovem-de-21-anos-morre-apos-colidir-carro-contra-caminhao-na-br-230-na-paraiba\/\">Jovem de 21 anos morre ap\u00f3s colidir carro contra caminh\u00e3o na BR-230, na Para\u00edba<\/a> apareceu primeiro em <a rel=\"nofollow\" href=\"https:\/\/wscom.com.br\/\">WSCOM<\/a>.<\/p>\n","protected":false},"author":50,"featured_media":0,"comment_status":"closed","ping_status":"closed","sticky":false,"template":"","format":"standard","meta":{"advgb_blocks_editor_width":"","advgb_blocks_columns_visual_guide":"","footnotes":""},"categories":[4022,1828,34,930,66],"tags":[35],"class_list":["post-27079","post","type-post","status-publish","format-standard","hentry","category-br","category-colisao","category-g1","category-morte","category-policial","tag-g1"],"author_meta":{"display_name":"Wallyson","author_link":"https:\/\/sindaopcpb.org.br\/author\/wallyson\/"},"featured_img":null,"coauthors":[],"tax_additional":{"categories":{"linked":["<a href=\"https:\/\/sindaopcpb.org.br\/br\/\" class=\"advgb-post-tax-term\">Br<\/a>","<a href=\"https:\/\/sindaopcpb.org.br\/colisao\/\" class=\"advgb-post-tax-term\">colis\u00e3o<\/a>","<a href=\"https:\/\/sindaopcpb.org.br\/g1\/\" class=\"advgb-post-tax-term\">G1<\/a>","<a href=\"https:\/\/sindaopcpb.org.br\/morte\/\" class=\"advgb-post-tax-term\">Morte<\/a>","<a href=\"https:\/\/sindaopcpb.org.br\/policial\/\" class=\"advgb-post-tax-term\">Policial<\/a>"],"unlinked":["<span class=\"advgb-post-tax-term\">Br<\/span>","<span class=\"advgb-post-tax-term\">colis\u00e3o<\/span>","<span class=\"advgb-post-tax-term\">G1<\/span>","<span class=\"advgb-post-tax-term\">Morte<\/span>","<span class=\"advgb-post-tax-term\">Policial<\/span>"]},"tags":{"linked":["<a href=\"https:\/\/sindaopcpb.org.br\/policial\/\" class=\"advgb-post-tax-term\">g1<\/a>"],"unlinked":["<span class=\"advgb-post-tax-term\">g1<\/span>"]}},"comment_count":"0","relative_dates":{"created":"Publicado 3 anos atr\u00e1s","modified":"Atualizado 3 anos atr\u00e1s"},"absolute_dates":{"created":"Publicado em 26 de julho de 2023","modified":"Atualizado em 26 de julho de 2023"},"absolute_dates_time":{"created":"Publicado em 26 de julho de 2023 10:57","modified":"Atualizado em 26 de julho de 2023 10:57"},"featured_img_caption":"","series_order":"","_links":{"self":[{"href":"https:\/\/sindaopcpb.org.br\/index.php\/wp-json\/wp\/v2\/posts\/27079","targetHints":{"allow":["GET"]}}],"collection":[{"href":"https:\/\/sindaopcpb.org.br\/index.php\/wp-json\/wp\/v2\/posts"}],"about":[{"href":"https:\/\/sindaopcpb.org.br\/index.php\/wp-json\/wp\/v2\/types\/post"}],"author":[{"embeddable":true,"href":"https:\/\/sindaopcpb.org.br\/index.php\/wp-json\/wp\/v2\/users\/50"}],"replies":[{"embeddable":true,"href":"https:\/\/sindaopcpb.org.br\/index.php\/wp-json\/wp\/v2\/comments?post=27079"}],"version-history":[{"count":1,"href":"https:\/\/sindaopcpb.org.br\/index.php\/wp-json\/wp\/v2\/posts\/27079\/revisions"}],"predecessor-version":[{"id":27080,"href":"https:\/\/sindaopcpb.org.br\/index.php\/wp-json\/wp\/v2\/posts\/27079\/revisions\/27080"}],"wp:attachment":[{"href":"https:\/\/sindaopcpb.org.br\/index.php\/wp-json\/wp\/v2\/media?parent=27079"}],"wp:term":[{"taxonomy":"category","embeddable":true,"href":"https:\/\/sindaopcpb.org.br\/index.php\/wp-json\/wp\/v2\/categories?post=27079"},{"taxonomy":"post_tag","embeddable":true,"href":"https:\/\/sindaopcpb.org.br\/index.php\/wp-json\/wp\/v2\/tags?post=27079"}],"curies":[{"name":"wp","href":"https:\/\/api.w.org\/{rel}","templated":true}]}}