{"id":27059,"date":"2023-07-26T10:33:54","date_gmt":"2023-07-26T13:33:54","guid":{"rendered":"https:\/\/g1.globo.com\/pb\/paraiba\/noticia\/2023\/07\/26\/motorista-morre-em-acidente-com-caminhao-na-br-230-pb.ghtml"},"modified":"2023-07-26T10:33:54","modified_gmt":"2023-07-26T13:33:54","slug":"motorista-morre-em-acidente-com-caminhao-na-br-230-na-pb","status":"publish","type":"post","link":"https:\/\/sindaopcpb.org.br\/index.php\/2023\/07\/26\/motorista-morre-em-acidente-com-caminhao-na-br-230-na-pb\/","title":{"rendered":"Motorista morre em acidente com caminh\u00e3o na BR-230, na PB"},"content":{"rendered":"   <img src=\"https:\/\/s2.glbimg.com\/l8J4T0CuhcEUndcF5brlQWu4-Bo=\/i.s3.glbimg.com\/v1\/AUTH_59edd422c0c84a879bd37670ae4f538a\/internal_photos\/bs\/2023\/f\/E\/DslV07TXq3Qeujyfndkg\/acidente-pocinhos.jpg\" \/><br \/>     Segundo a Pol\u00edcia Civil, v\u00edtima estava dirigindo carro de passeio que bateu de frente com caminh\u00e3o, pr\u00f3ximo ao munic\u00edpio de Pocinhos. Colis\u00e3o frontal entre caminh\u00e3o e carro deixa homem morto na BR-230, na PB\nReprodu\u00e7\u00e3o\/TV Para\u00edba\nUm jovem de 21 anos morreu na manh\u00e3 desta quarta-feira (26) ap\u00f3s o carro onde estava bater de frente com um caminh\u00e3o, no trecho da BR-230 pr\u00f3ximo ao munic\u00edpio de Pocinhos, na Para\u00edba. Segundo a Pol\u00edcia Civil, a v\u00edtima estava dirigindo o carro, que ficou parcialmente destru\u00eddo.\nDe acordo com a pol\u00edcia, o acidente aconteceu no Km 191 da BR-230. O carro em que a v\u00edtima estava sinalizou que iria entrar em um s\u00edtio ao lado da rodovia, mas voltou para a pista em alta velocidade e acabou colidindo de frente com um caminh\u00e3o que seguia no sentido contr\u00e1rio, de Campina Grande para o Sert\u00e3o.\nCom o impacto, o condutor do carro, identificado como Iago Nicolas de Brito Ribeiro, morreu no local. Uma equipe do Corpo de Bombeiros foi acionada para retirar o corpo dele, que ficou preso \u00e0s ferragens.\nAinda segundo a Pol\u00edcia Civil, o condutor do caminh\u00e3o prestou esclarecimentos e fez o teste do baf\u00f4metro, que n\u00e3o indicou presen\u00e7a de \u00e1lcool em seu organismo. A Pol\u00edcia Rodovi\u00e1ria Federal (PRF) esteve no local e uma per\u00edcia foi realizada para indicar detalhes do acidente.\nV\u00eddeos mais assistidos da Para\u00edba\nDe acordo com a pol\u00edcia, o acidente aconteceu no km 191.  ","protected":false},"excerpt":{"rendered":"<p>        Segundo a Pol\u00edcia Civil, v\u00edtima estava dirigindo carro de passeio que bateu de frente com caminh\u00e3o, pr\u00f3ximo ao munic\u00edpio de Pocinhos. Colis\u00e3o frontal entre caminh\u00e3o e carro deixa homem morto na BR-230, na PB<br \/>\nReprodu\u00e7\u00e3o\/TV Para\u00edba<br \/>\nUm jovem de 21&#8230;<\/p>\n","protected":false},"author":2,"featured_media":0,"comment_status":"closed","ping_status":"closed","sticky":false,"template":"","format":"standard","meta":{"advgb_blocks_editor_width":"","advgb_blocks_columns_visual_guide":"","footnotes":""},"categories":[34],"tags":[35],"class_list":["post-27059","post","type-post","status-publish","format-standard","hentry","category-g1","tag-g1"],"author_meta":{"display_name":"g1 &gt; Para\u00edba","author_link":"https:\/\/sindaopcpb.org.br\/author\/g1-paraiba\/"},"featured_img":null,"coauthors":[],"tax_additional":{"categories":{"linked":["<a href=\"https:\/\/sindaopcpb.org.br\/g1\/\" class=\"advgb-post-tax-term\">G1<\/a>"],"unlinked":["<span class=\"advgb-post-tax-term\">G1<\/span>"]},"tags":{"linked":["<a href=\"https:\/\/sindaopcpb.org.br\/g1\/\" class=\"advgb-post-tax-term\">g1<\/a>"],"unlinked":["<span class=\"advgb-post-tax-term\">g1<\/span>"]}},"comment_count":"0","relative_dates":{"created":"Publicado 3 anos atr\u00e1s","modified":"Atualizado 3 anos atr\u00e1s"},"absolute_dates":{"created":"Publicado em 26 de julho de 2023","modified":"Atualizado em 26 de julho de 2023"},"absolute_dates_time":{"created":"Publicado em 26 de julho de 2023 10:33","modified":"Atualizado em 26 de julho de 2023 10:33"},"featured_img_caption":"","series_order":"","_links":{"self":[{"href":"https:\/\/sindaopcpb.org.br\/index.php\/wp-json\/wp\/v2\/posts\/27059","targetHints":{"allow":["GET"]}}],"collection":[{"href":"https:\/\/sindaopcpb.org.br\/index.php\/wp-json\/wp\/v2\/posts"}],"about":[{"href":"https:\/\/sindaopcpb.org.br\/index.php\/wp-json\/wp\/v2\/types\/post"}],"author":[{"embeddable":true,"href":"https:\/\/sindaopcpb.org.br\/index.php\/wp-json\/wp\/v2\/users\/2"}],"replies":[{"embeddable":true,"href":"https:\/\/sindaopcpb.org.br\/index.php\/wp-json\/wp\/v2\/comments?post=27059"}],"version-history":[{"count":1,"href":"https:\/\/sindaopcpb.org.br\/index.php\/wp-json\/wp\/v2\/posts\/27059\/revisions"}],"predecessor-version":[{"id":27060,"href":"https:\/\/sindaopcpb.org.br\/index.php\/wp-json\/wp\/v2\/posts\/27059\/revisions\/27060"}],"wp:attachment":[{"href":"https:\/\/sindaopcpb.org.br\/index.php\/wp-json\/wp\/v2\/media?parent=27059"}],"wp:term":[{"taxonomy":"category","embeddable":true,"href":"https:\/\/sindaopcpb.org.br\/index.php\/wp-json\/wp\/v2\/categories?post=27059"},{"taxonomy":"post_tag","embeddable":true,"href":"https:\/\/sindaopcpb.org.br\/index.php\/wp-json\/wp\/v2\/tags?post=27059"}],"curies":[{"name":"wp","href":"https:\/\/api.w.org\/{rel}","templated":true}]}}