{"id":27053,"date":"2023-07-26T09:34:58","date_gmt":"2023-07-26T12:34:58","guid":{"rendered":"https:\/\/wpa.wscom.com.br\/?p=914076"},"modified":"2023-07-26T09:34:58","modified_gmt":"2023-07-26T12:34:58","slug":"cicero-lucena-autoriza-obras-de-pavimentacao-e-urbanizacao-de-18-ruas-no-geisel","status":"publish","type":"post","link":"https:\/\/sindaopcpb.org.br\/index.php\/2023\/07\/26\/cicero-lucena-autoriza-obras-de-pavimentacao-e-urbanizacao-de-18-ruas-no-geisel\/","title":{"rendered":"C\u00edcero Lucena autoriza obras de pavimenta\u00e7\u00e3o e urbaniza\u00e7\u00e3o de 18 ruas no Geisel"},"content":{"rendered":"<p>&nbsp;<\/p>\n<p>O programa Agora tem Trabalho, que vai pavimentar e urbanizar mil ruas em toda a Capital, voltou ao bairro do Geisel. Na manh\u00e3 desta quarta-feira (26), o prefeito C\u00edcero Lucena autorizou o in\u00edcio das obras de mais 18 vias, que passar\u00e3o a contar com completa infraestrutura para uma melhor qualidade de vida.<\/p>\n<p>\u201cEstamos avan\u00e7ando muito no desenvolvimento da cidade e o trabalho n\u00e3o para. Jo\u00e3o Pessoa est\u00e1 recebendo o maior programa de pavimenta\u00e7\u00e3o urbana de sua hist\u00f3ria e com isso vamos levar dignidade e qualidade de vida para moradores de toda a cidade, sempre com um padr\u00e3o \u00fanico de alta qualidade\u201d, declarou o prefeito.<\/p>\n<p>Ser\u00e3o beneficiadas as ruas Domingos Ant\u00f4nio Grisi, Francisca Bezerra de Almeida, Jo\u00e3o Ernesto Andrade, Jo\u00e3o Gabriel da Fran\u00e7a Dias, Jo\u00e3o Pereira da Silva Filho, Jos\u00e9 Pereira da Silva, Luiz Eur\u00edpides Franco, Radialista Ant\u00f4nio Jos\u00e9 dos Santos, Radialista Luiz Gonzaga Gomes, Agricultor Ot\u00e1vio Rom\u00e3o de Ara\u00fajo, C\u00edcero Berto da Silva, Jos\u00e9 Hermano de Caldas e mais seis ruas sem nome.<\/p>\n<p>Elas v\u00e3o receber cal\u00e7amento em paralelep\u00edpedo, drenagem, padroniza\u00e7\u00e3o de cal\u00e7adas e implanta\u00e7\u00e3o de itens de acessibilidade, como rampas e piso t\u00e1til. Tamb\u00e9m ser\u00e3o plantadas mudas de \u00e1rvores adotadas pelos moradores. O investimento \u00e9 de mais de R$ 2 milh\u00f5es.<\/p>\n<p>De acordo com o secret\u00e1rio municipal da Infraestrutura, Rubens Falc\u00e3o, o bairro vai ter 92 ruas beneficiadas pelo programa. \u201cJ\u00e1 entregamos dez vias com o padr\u00e3o de qualidade da gest\u00e3o e j\u00e1 temos 70 vias contratadas e 12 em fase de licita\u00e7\u00e3o\u201d, detalhou.<\/p>\n<p>O educador f\u00edsico Gabriel Ara\u00fajo tem academia em uma das vias beneficiadas e falou sobre a import\u00e2ncia da obra. \u201cEstamos aqui h\u00e1 dez anos e, com certeza, essa obra melhora o acesso, facilita a mobilidade, reduz a poeira. S\u00e3o muitos benef\u00edcios\u201d, afirmou.<\/p>\n<p>O post <a rel=\"nofollow noopener\" href=\"https:\/\/wscom.com.br\/cicero-lucena-autoriza-obras-de-pavimentacao-e-urbanizacao-de-18-ruas-no-geisel\/\" target=\"_blank\">C\u00edcero Lucena autoriza obras de pavimenta\u00e7\u00e3o e urbaniza\u00e7\u00e3o de 18 ruas no Geisel<\/a> apareceu primeiro em <a rel=\"nofollow noopener\" href=\"https:\/\/wscom.com.br\/\" target=\"_blank\">WSCOM<\/a>.<\/p>\n","protected":false},"excerpt":{"rendered":"<p>\u00a0 O programa Agora tem Trabalho, que vai pavimentar e urbanizar mil ruas em toda a Capital, voltou ao bairro do Geisel. Na manh\u00e3 desta quarta-feira (26), o prefeito C\u00edcero Lucena autorizou o in\u00edcio das obras de mais 18 vias, que passar\u00e3o a contar com completa infraestrutura para uma melhor qualidade de vida. \u201cEstamos avan\u00e7ando [\u2026]<\/p>\n<p>O post <a rel=\"nofollow\" href=\"https:\/\/wscom.com.br\/cicero-lucena-autoriza-obras-de-pavimentacao-e-urbanizacao-de-18-ruas-no-geisel\/\">C\u00edcero Lucena autoriza obras de pavimenta\u00e7\u00e3o e urbaniza\u00e7\u00e3o de 18 ruas no Geisel<\/a> apareceu primeiro em <a rel=\"nofollow\" href=\"https:\/\/wscom.com.br\/\">WSCOM<\/a>.<\/p>\n","protected":false},"author":50,"featured_media":0,"comment_status":"closed","ping_status":"closed","sticky":false,"template":"","format":"standard","meta":{"advgb_blocks_editor_width":"","advgb_blocks_columns_visual_guide":"","footnotes":""},"categories":[466,34,3235,935,47],"tags":[35],"class_list":["post-27053","post","type-post","status-publish","format-standard","hentry","category-cicero","category-g1","category-lucena","category-pavimentacao","category-politica","tag-g1"],"author_meta":{"display_name":"Wallyson","author_link":"https:\/\/sindaopcpb.org.br\/author\/wallyson\/"},"featured_img":null,"coauthors":[],"tax_additional":{"categories":{"linked":["<a href=\"https:\/\/sindaopcpb.org.br\/cicero\/\" class=\"advgb-post-tax-term\">c\u00edcero<\/a>","<a href=\"https:\/\/sindaopcpb.org.br\/g1\/\" class=\"advgb-post-tax-term\">G1<\/a>","<a href=\"https:\/\/sindaopcpb.org.br\/lucena\/\" class=\"advgb-post-tax-term\">Lucena<\/a>","<a href=\"https:\/\/sindaopcpb.org.br\/pavimentacao\/\" class=\"advgb-post-tax-term\">pavimenta\u00e7\u00e3o<\/a>","<a href=\"https:\/\/sindaopcpb.org.br\/politica\/\" class=\"advgb-post-tax-term\">POLITICA<\/a>"],"unlinked":["<span class=\"advgb-post-tax-term\">c\u00edcero<\/span>","<span class=\"advgb-post-tax-term\">G1<\/span>","<span class=\"advgb-post-tax-term\">Lucena<\/span>","<span class=\"advgb-post-tax-term\">pavimenta\u00e7\u00e3o<\/span>","<span class=\"advgb-post-tax-term\">POLITICA<\/span>"]},"tags":{"linked":["<a href=\"https:\/\/sindaopcpb.org.br\/politica\/\" class=\"advgb-post-tax-term\">g1<\/a>"],"unlinked":["<span class=\"advgb-post-tax-term\">g1<\/span>"]}},"comment_count":"0","relative_dates":{"created":"Publicado 3 anos atr\u00e1s","modified":"Atualizado 3 anos atr\u00e1s"},"absolute_dates":{"created":"Publicado em 26 de julho de 2023","modified":"Atualizado em 26 de julho de 2023"},"absolute_dates_time":{"created":"Publicado em 26 de julho de 2023 09:34","modified":"Atualizado em 26 de julho de 2023 09:34"},"featured_img_caption":"","series_order":"","_links":{"self":[{"href":"https:\/\/sindaopcpb.org.br\/index.php\/wp-json\/wp\/v2\/posts\/27053","targetHints":{"allow":["GET"]}}],"collection":[{"href":"https:\/\/sindaopcpb.org.br\/index.php\/wp-json\/wp\/v2\/posts"}],"about":[{"href":"https:\/\/sindaopcpb.org.br\/index.php\/wp-json\/wp\/v2\/types\/post"}],"author":[{"embeddable":true,"href":"https:\/\/sindaopcpb.org.br\/index.php\/wp-json\/wp\/v2\/users\/50"}],"replies":[{"embeddable":true,"href":"https:\/\/sindaopcpb.org.br\/index.php\/wp-json\/wp\/v2\/comments?post=27053"}],"version-history":[{"count":1,"href":"https:\/\/sindaopcpb.org.br\/index.php\/wp-json\/wp\/v2\/posts\/27053\/revisions"}],"predecessor-version":[{"id":27054,"href":"https:\/\/sindaopcpb.org.br\/index.php\/wp-json\/wp\/v2\/posts\/27053\/revisions\/27054"}],"wp:attachment":[{"href":"https:\/\/sindaopcpb.org.br\/index.php\/wp-json\/wp\/v2\/media?parent=27053"}],"wp:term":[{"taxonomy":"category","embeddable":true,"href":"https:\/\/sindaopcpb.org.br\/index.php\/wp-json\/wp\/v2\/categories?post=27053"},{"taxonomy":"post_tag","embeddable":true,"href":"https:\/\/sindaopcpb.org.br\/index.php\/wp-json\/wp\/v2\/tags?post=27053"}],"curies":[{"name":"wp","href":"https:\/\/api.w.org\/{rel}","templated":true}]}}