{"id":27043,"date":"2023-07-26T07:48:04","date_gmt":"2023-07-26T10:48:04","guid":{"rendered":"https:\/\/wpa.wscom.com.br\/?p=914049"},"modified":"2023-07-26T07:48:04","modified_gmt":"2023-07-26T10:48:04","slug":"gremio-recebe-flamengo-em-jogo-de-ida-da-semifinal-da-copa-do-brasil","status":"publish","type":"post","link":"https:\/\/sindaopcpb.org.br\/index.php\/2023\/07\/26\/gremio-recebe-flamengo-em-jogo-de-ida-da-semifinal-da-copa-do-brasil\/","title":{"rendered":"Gr\u00eamio recebe Flamengo em jogo de ida da semifinal da Copa do Brasil"},"content":{"rendered":"<p>&nbsp;<\/p>\n<p>&nbsp;<\/p>\n<p>Gr\u00eamio e Flamengo come\u00e7am a decidir nesta\u00a0quarta-feira\u00a0(26) seus destinos na Copa do Brasil. Velhos conhecidos em mata-matas da competi\u00e7\u00e3o, os times\u00a0se enfrentam em Porto Alegre (RS) no jogo de ida das semifinais. Os ga\u00fachos, pentacampe\u00f5es da Copa do Brasil, s\u00f3 perderam\u00a0em casa uma vez este ano: para o Botafogo, no \u00faltimo dia 9, pelo Brasileir\u00e3o. J\u00e1 o Rubro-Negro, tetracampe\u00e3o, ganhou em casa do rival ga\u00facho (3 a 0)\u00a0em junho.\u00a0O confronto na Arena Gr\u00eamio, \u00e0s 21h30 (hor\u00e1rio de Bras\u00edlia), ter\u00e1 transmiss\u00e3o ao vivo da\u00a0R\u00e1dio Nacional,\u00a0com narra\u00e7\u00e3o de\u00a0Andr\u00e9 Luiz Mendes, coment\u00e1rios de\u00a0Waldir Luiz e reportagem de\u00a0Bruno Mendes.\u00a0 O jogo da volta ser\u00e1 dia 16 de agosto, no Maracan\u00e3.<img decoding=\"async\" src=\"https:\/\/agenciabrasil.ebc.com.br\/ebc.png?id=1545606&amp;o=node\" alt=\"\" title=\"\"><img decoding=\"async\" src=\"https:\/\/agenciabrasil.ebc.com.br\/ebc.gif?id=1545606&amp;o=node\" alt=\"\" title=\"\"><\/p>\n<blockquote class=\"twitter-tweet\" data-width=\"550\" data-dnt=\"true\">\n<p lang=\"pt\" dir=\"ltr\"><img decoding=\"async\" src=\"https:\/\/s.w.org\/images\/core\/emoji\/13.0.1\/72x72\/1f1ea-1f1ea.png\" alt=\"\ud83c\uddea\ud83c\uddea\" class=\"wp-smiley\" style=\"height: 1em; max-height: 1em;\" title=\"\"> HOJE \u00c9 <a href=\"https:\/\/twitter.com\/hashtag\/DiaDeGr%C3%AAmio?src=hash&amp;ref_src=twsrc%5Etfw\" rel=\"nofollow noopener\" target=\"_blank\">#DiaDeGr\u00eamio<\/a> <img decoding=\"async\" src=\"https:\/\/s.w.org\/images\/core\/emoji\/13.0.1\/72x72\/1f4aa.png\" alt=\"\ud83d\udcaa\" class=\"wp-smiley\" style=\"height: 1em; max-height: 1em;\" title=\"\"> Dia de fazer a <a href=\"https:\/\/twitter.com\/todosnaarena?ref_src=twsrc%5Etfw\" rel=\"nofollow noopener\" target=\"_blank\">@todosnaarena<\/a> PULSAR e disputar cada lance com a mesma intensidade do alento na arquibancada. Dia de decis\u00e3o em semifinal da <a href=\"https:\/\/twitter.com\/hashtag\/CopaDoBrasil2023?src=hash&amp;ref_src=twsrc%5Etfw\" rel=\"nofollow noopener\" target=\"_blank\">#CopaDoBrasil2023<\/a>. PRA CIMA DELES!<br \/><img decoding=\"async\" src=\"https:\/\/s.w.org\/images\/core\/emoji\/13.0.1\/72x72\/1f19a.png\" alt=\"\ud83c\udd9a\" class=\"wp-smiley\" style=\"height: 1em; max-height: 1em;\" title=\"\"> Flamengo<br \/><img decoding=\"async\" src=\"https:\/\/s.w.org\/images\/core\/emoji\/13.0.1\/72x72\/1f3df.png\" alt=\"\ud83c\udfdf\" class=\"wp-smiley\" style=\"height: 1em; max-height: 1em;\" title=\"\"> Arena do Gr\u00eamio<br \/><img decoding=\"async\" src=\"https:\/\/s.w.org\/images\/core\/emoji\/13.0.1\/72x72\/231a.png\" alt=\"\u231a\" class=\"wp-smiley\" style=\"height: 1em; max-height: 1em;\" title=\"\"> 21h30<br \/>#&#x20e3; <a href=\"https:\/\/twitter.com\/hashtag\/GRExFLA?src=hash&amp;ref_src=twsrc%5Etfw\" rel=\"nofollow noopener\" target=\"_blank\">#GRExFLA<\/a><br \/><img decoding=\"async\" src=\"https:\/\/s.w.org\/images\/core\/emoji\/13.0.1\/72x72\/1f4fb.png\" alt=\"\ud83d\udcfb\" class=\"wp-smiley\" style=\"height: 1em; max-height: 1em;\" title=\"\"> <a href=\"https:\/\/twitter.com\/GremioRadio?ref_src=twsrc%5Etfw\" rel=\"nofollow noopener\" target=\"_blank\">@GremioRadio<\/a>|Gr\u00eamio Play <a href=\"https:\/\/t.co\/ny7vxwpdEc\" rel=\"nofollow\">pic.twitter.com\/ny7vxwpdEc<\/a><\/p>\n<p>&mdash; Gr\u00eamio FBPA (@Gremio) <a href=\"https:\/\/twitter.com\/Gremio\/status\/1684035814291038208?ref_src=twsrc%5Etfw\" rel=\"nofollow noopener\" target=\"_blank\">July 26, 2023<\/a><\/p>\n<\/blockquote>\n<p><script async src=\"https:\/\/platform.twitter.com\/widgets.js\" charset=\"utf-8\"><\/script><\/p>\n<p>Das oito vezes que tricolores e rubro-negros\u00a0\u00a0estiveram frente a frente em fases mata-mata da\u00a0Copa do Brasil, foram quatro classifica\u00e7\u00f5es para cada lado. Em 1997, o embate foi na final e o Gr\u00eamio levou a melhor, levantando\u00a0a ta\u00e7a. Nesta edi\u00e7\u00e3o, a\u00a0equipe ga\u00facha, comandada pelo t\u00e9cnico Renato Portaluppi, avan\u00e7ou \u00e0 semi nos p\u00eanaltis, ap\u00f3s dois empates consecutivos contra o Bahia. O time chega embalado para o embate\u00a0ap\u00f3s ter vencido o Atl\u00e9tico-MG em casa no \u00faltimo s\u00e1bado (22) &#8211; como consequ\u00eancia\u00a0retornou\u00a0\u00e0 vice-lideran\u00e7a do Brasileir\u00e3o. .<\/p>\n<p>O Tricolor deve ir a campo com\u00a0Gabriel Grando; Bruno Uvini, Bruno Alves e Kannemann; Jo\u00e3o Pedro, Villasanti , Carballo e Reinaldo; Bitello e Cristaldo; Luis Su\u00e1rez (Andr\u00e9 Henrique).<\/p>\n<blockquote class=\"twitter-tweet\" data-width=\"550\" data-dnt=\"true\">\n<p lang=\"pt\" dir=\"ltr\">Chegamos para a decis\u00e3o! <img decoding=\"async\" src=\"https:\/\/s.w.org\/images\/core\/emoji\/13.0.1\/72x72\/2665.png\" alt=\"\u2665\" class=\"wp-smiley\" style=\"height: 1em; max-height: 1em;\" title=\"\"><img decoding=\"async\" src=\"https:\/\/s.w.org\/images\/core\/emoji\/13.0.1\/72x72\/1f5a4.png\" alt=\"\ud83d\udda4\" class=\"wp-smiley\" style=\"height: 1em; max-height: 1em;\" title=\"\"> <a href=\"https:\/\/twitter.com\/hashtag\/VamosFlamengo?src=hash&amp;ref_src=twsrc%5Etfw\" rel=\"nofollow noopener\" target=\"_blank\">#VamosFlamengo<\/a> <\/p>\n<p><img decoding=\"async\" src=\"https:\/\/s.w.org\/images\/core\/emoji\/13.0.1\/72x72\/1f4f8.png\" alt=\"\ud83d\udcf8\" class=\"wp-smiley\" style=\"height: 1em; max-height: 1em;\" title=\"\">: Marcelo Cortes \/CRF <a href=\"https:\/\/t.co\/x6oxggqoE3\" rel=\"nofollow\">pic.twitter.com\/x6oxggqoE3<\/a><\/p>\n<p>&mdash; Flamengo (@Flamengo) <a href=\"https:\/\/twitter.com\/Flamengo\/status\/1684007728694411264?ref_src=twsrc%5Etfw\" rel=\"nofollow noopener\" target=\"_blank\">July 26, 2023<\/a><\/p>\n<\/blockquote>\n<p><script async src=\"https:\/\/platform.twitter.com\/widgets.js\" charset=\"utf-8\"><\/script><\/p>\n<p>O Flamengo, comandado pelo t\u00e9cnico argentino Jorge Sampaoli, garantiu presen\u00e7a na semi ap\u00f3s derrotar o Athletico-PR. O time vem oscilando nos \u00faltimos jogos. No s\u00e1bado (22) empatou\u00a0com o ent\u00e3o lanterna Am\u00e9rica-MG em 1 a 1, no Maracan\u00e3, e acabou cedendo a\u00a0vice-lideran\u00e7a do Brasileir\u00e3o ao Gr\u00eamio.<\/p>\n<p>A equipe deve come\u00e7ar jogando com\u00a0Matheus Cunha, Wesley, Fabr\u00edcio Bruno, L\u00e9o Pereira e Ayrton Lucas; Allan, Victor Hugo, Everton Ribeiro e Arrascaeta; Bruno Henrique e Gabigol.<\/p>\n<p>O post <a rel=\"nofollow noopener\" href=\"https:\/\/wscom.com.br\/gremio-recebe-flamengo-em-jogo-de-ida-da-semifinal-da-copa-do-brasil\/\" target=\"_blank\">Gr\u00eamio recebe Flamengo em jogo de ida da semifinal da Copa do Brasil<\/a> apareceu primeiro em <a rel=\"nofollow noopener\" href=\"https:\/\/wscom.com.br\/\" target=\"_blank\">WSCOM<\/a>.<\/p>\n","protected":false},"excerpt":{"rendered":"<p>\u00a0 \u00a0 Gr\u00eamio e Flamengo come\u00e7am a decidir nesta\u00a0quarta-feira\u00a0(26) seus destinos na Copa do Brasil. Velhos conhecidos em mata-matas da competi\u00e7\u00e3o, os times\u00a0se enfrentam em Porto Alegre (RS) no jogo de ida das semifinais. Os ga\u00fachos, pentacampe\u00f5es da Copa do Brasil, s\u00f3 perderam\u00a0em casa uma vez este ano: para o Botafogo, no \u00faltimo dia 9, [\u2026]<\/p>\n<p>O post <a rel=\"nofollow\" href=\"https:\/\/wscom.com.br\/gremio-recebe-flamengo-em-jogo-de-ida-da-semifinal-da-copa-do-brasil\/\">Gr\u00eamio recebe Flamengo em jogo de ida da semifinal da Copa do Brasil<\/a> apareceu primeiro em <a rel=\"nofollow\" href=\"https:\/\/wscom.com.br\/\">WSCOM<\/a>.<\/p>\n","protected":false},"author":42,"featured_media":0,"comment_status":"closed","ping_status":"closed","sticky":false,"template":"","format":"standard","meta":{"advgb_blocks_editor_width":"","advgb_blocks_columns_visual_guide":"","footnotes":""},"categories":[1767,293,79,34,2360,4374],"tags":[35],"class_list":["post-27043","post","type-post","status-publish","format-standard","hentry","category-copa-do-brasil","category-flamengo","category-futebol","category-g1","category-gremio","category-semifinal","tag-g1"],"author_meta":{"display_name":"Rafael Andrade","author_link":"https:\/\/sindaopcpb.org.br\/author\/rafael-andrade\/"},"featured_img":null,"coauthors":[],"tax_additional":{"categories":{"linked":["<a href=\"https:\/\/sindaopcpb.org.br\/copa-do-brasil\/\" class=\"advgb-post-tax-term\">copa do brasil<\/a>","<a href=\"https:\/\/sindaopcpb.org.br\/flamengo\/\" class=\"advgb-post-tax-term\">flamengo<\/a>","<a href=\"https:\/\/sindaopcpb.org.br\/futebol\/\" class=\"advgb-post-tax-term\">Futebol<\/a>","<a href=\"https:\/\/sindaopcpb.org.br\/g1\/\" class=\"advgb-post-tax-term\">G1<\/a>","<a href=\"https:\/\/sindaopcpb.org.br\/gremio\/\" class=\"advgb-post-tax-term\">GR\u00caMIO<\/a>","<a href=\"https:\/\/sindaopcpb.org.br\/semifinal\/\" class=\"advgb-post-tax-term\">semifinal<\/a>"],"unlinked":["<span class=\"advgb-post-tax-term\">copa do brasil<\/span>","<span class=\"advgb-post-tax-term\">flamengo<\/span>","<span class=\"advgb-post-tax-term\">Futebol<\/span>","<span class=\"advgb-post-tax-term\">G1<\/span>","<span class=\"advgb-post-tax-term\">GR\u00caMIO<\/span>","<span class=\"advgb-post-tax-term\">semifinal<\/span>"]},"tags":{"linked":["<a href=\"https:\/\/sindaopcpb.org.br\/semifinal\/\" class=\"advgb-post-tax-term\">g1<\/a>"],"unlinked":["<span class=\"advgb-post-tax-term\">g1<\/span>"]}},"comment_count":"0","relative_dates":{"created":"Publicado 3 anos atr\u00e1s","modified":"Atualizado 3 anos atr\u00e1s"},"absolute_dates":{"created":"Publicado em 26 de julho de 2023","modified":"Atualizado em 26 de julho de 2023"},"absolute_dates_time":{"created":"Publicado em 26 de julho de 2023 07:48","modified":"Atualizado em 26 de julho de 2023 07:48"},"featured_img_caption":"","series_order":"","_links":{"self":[{"href":"https:\/\/sindaopcpb.org.br\/index.php\/wp-json\/wp\/v2\/posts\/27043","targetHints":{"allow":["GET"]}}],"collection":[{"href":"https:\/\/sindaopcpb.org.br\/index.php\/wp-json\/wp\/v2\/posts"}],"about":[{"href":"https:\/\/sindaopcpb.org.br\/index.php\/wp-json\/wp\/v2\/types\/post"}],"author":[{"embeddable":true,"href":"https:\/\/sindaopcpb.org.br\/index.php\/wp-json\/wp\/v2\/users\/42"}],"replies":[{"embeddable":true,"href":"https:\/\/sindaopcpb.org.br\/index.php\/wp-json\/wp\/v2\/comments?post=27043"}],"version-history":[{"count":1,"href":"https:\/\/sindaopcpb.org.br\/index.php\/wp-json\/wp\/v2\/posts\/27043\/revisions"}],"predecessor-version":[{"id":27044,"href":"https:\/\/sindaopcpb.org.br\/index.php\/wp-json\/wp\/v2\/posts\/27043\/revisions\/27044"}],"wp:attachment":[{"href":"https:\/\/sindaopcpb.org.br\/index.php\/wp-json\/wp\/v2\/media?parent=27043"}],"wp:term":[{"taxonomy":"category","embeddable":true,"href":"https:\/\/sindaopcpb.org.br\/index.php\/wp-json\/wp\/v2\/categories?post=27043"},{"taxonomy":"post_tag","embeddable":true,"href":"https:\/\/sindaopcpb.org.br\/index.php\/wp-json\/wp\/v2\/tags?post=27043"}],"curies":[{"name":"wp","href":"https:\/\/api.w.org\/{rel}","templated":true}]}}