{"id":27035,"date":"2023-07-26T08:27:15","date_gmt":"2023-07-26T11:27:15","guid":{"rendered":"https:\/\/wpa.wscom.com.br\/?p=914063"},"modified":"2023-07-26T08:27:15","modified_gmt":"2023-07-26T11:27:15","slug":"carla-diaz-e-felipe-becari-anunciam-fim-do-noivado-apos-dois-anos-juntos","status":"publish","type":"post","link":"https:\/\/sindaopcpb.org.br\/index.php\/2023\/07\/26\/carla-diaz-e-felipe-becari-anunciam-fim-do-noivado-apos-dois-anos-juntos\/","title":{"rendered":"Carla Diaz e Felipe Becari anunciam fim do noivado ap\u00f3s dois anos juntos"},"content":{"rendered":"<p>&nbsp;<\/p>\n<p>&nbsp;<\/p>\n<p class=\"p1\">A atriz\u00a0Carla Diaz\u00a0e o deputado federal de S\u00e3o Paulo\u00a0Felipe Becari\u00a0anunciaram o fim do noivado nesta ter\u00e7a-feira (25). Juntos h\u00e1 quase dois anos e noivos desde novembro de 2022, especula\u00e7\u00f5es sobre o poss\u00edvel fim do relacionamento circulavam nas redes sociais h\u00e1 alguns dias. Ambos publicaram em seus perfis no\u00a0Instagram\u00a0confirmando o rompimento.<\/p>\n<p class=\"p1\">Em seu texto, Becari comentou que n\u00e3o imaginou que se separaria da artista. Disse que a amou \u201ca cada segundo, desde o primeiro dia\u201d. O pol\u00edtico afirmou tamb\u00e9m que a rela\u00e7\u00e3o dois dois foi o que o levou ao mais pr\u00f3ximo de seu sonho de ser marido, pai e formar uma fam\u00edlia. Ele pediu ainda respeito, privacidade e compreens\u00e3o por parte dos seguidores.<\/p>\n<p class=\"p1\">Segundo o deputado, a exposi\u00e7\u00e3o do relacionamento p\u00fablico foi um dos grandes obst\u00e1culos para o noivado terminar. Becari citou ainda que diversas mentiras foram criadas e circularam na internet, incluindo a pol\u00eamica referente a um inqu\u00e9rito aberto em maio pelo Minist\u00e9rio P\u00fablico para investigar o\u00a0anel de noivado\u00a0dado por ele \u00e0 atriz.<\/p>\n<blockquote class=\"instagram-media\" style=\"background: #FFF; border: 0; border-radius: 3px; box-shadow: 0 0 1px 0 rgba(0,0,0,0.5),0 1px 10px 0 rgba(0,0,0,0.15); margin: 1px; max-width: 540px; min-width: 326px; padding: 0; width: calc(100% - 2px);\" data-instgrm-captioned=\"\" data-instgrm-permalink=\"https:\/\/www.instagram.com\/p\/CvH5VT1L8iG\/?utm_source=ig_embed&amp;utm_campaign=loading\" data-instgrm-version=\"14\">\n<div style=\"padding: 16px;\">\n<p>&nbsp;<\/p>\n<div style=\"display: flex; flex-direction: row; align-items: center;\">\n<div style=\"background-color: #f4f4f4; border-radius: 50%; flex-grow: 0; height: 40px; margin-right: 14px; width: 40px;\"><\/div>\n<div style=\"display: flex; flex-direction: column; flex-grow: 1; justify-content: center;\">\n<div style=\"background-color: #f4f4f4; border-radius: 4px; flex-grow: 0; height: 14px; margin-bottom: 6px; width: 100px;\"><\/div>\n<div style=\"background-color: #f4f4f4; border-radius: 4px; flex-grow: 0; height: 14px; width: 60px;\"><\/div>\n<\/div>\n<\/div>\n<div style=\"padding: 19% 0;\"><\/div>\n<div style=\"display: block; height: 50px; margin: 0 auto 12px; width: 50px;\"><\/div>\n<div style=\"padding-top: 8px;\">\n<div style=\"color: #3897f0; font-family: Arial,sans-serif; font-size: 14px; font-style: normal; font-weight: 550; line-height: 18px;\">Ver essa foto no Instagram<\/div>\n<\/div>\n<div style=\"padding: 12.5% 0;\"><\/div>\n<div style=\"display: flex; flex-direction: row; margin-bottom: 14px; align-items: center;\">\n<div>\n<div style=\"background-color: #f4f4f4; border-radius: 50%; height: 12.5px; width: 12.5px; transform: translateX(0px) translateY(7px);\"><\/div>\n<div style=\"background-color: #f4f4f4; height: 12.5px; transform: rotate(-45deg) translateX(3px) translateY(1px); width: 12.5px; flex-grow: 0; margin-right: 14px; margin-left: 2px;\"><\/div>\n<div style=\"background-color: #f4f4f4; border-radius: 50%; height: 12.5px; width: 12.5px; transform: translateX(9px) translateY(-18px);\"><\/div>\n<\/div>\n<div style=\"margin-left: 8px;\">\n<div style=\"background-color: #f4f4f4; border-radius: 50%; flex-grow: 0; height: 20px; width: 20px;\"><\/div>\n<div style=\"width: 0; height: 0; border-top: 2px solid transparent; border-left: 6px solid #f4f4f4; border-bottom: 2px solid transparent; transform: translateX(16px) translateY(-4px) rotate(30deg);\"><\/div>\n<\/div>\n<div style=\"margin-left: auto;\">\n<div style=\"width: 0px; border-top: 8px solid #F4F4F4; border-right: 8px solid transparent; transform: translateY(16px);\"><\/div>\n<div style=\"background-color: #f4f4f4; flex-grow: 0; height: 12px; width: 16px; transform: translateY(-4px);\"><\/div>\n<div style=\"width: 0; height: 0; border-top: 8px solid #F4F4F4; border-left: 8px solid transparent; transform: translateY(-4px) translateX(8px);\"><\/div>\n<\/div>\n<\/div>\n<div style=\"display: flex; flex-direction: column; flex-grow: 1; justify-content: center; margin-bottom: 24px;\">\n<div style=\"background-color: #f4f4f4; border-radius: 4px; flex-grow: 0; height: 14px; margin-bottom: 6px; width: 224px;\"><\/div>\n<div style=\"background-color: #f4f4f4; border-radius: 4px; flex-grow: 0; height: 14px; width: 144px;\"><\/div>\n<\/div>\n<p>&nbsp;<\/p>\n<p style=\"color: #c9c8cd; font-family: Arial,sans-serif; font-size: 14px; line-height: 17px; margin-bottom: 0; margin-top: 8px; overflow: hidden; padding: 8px 0 7px; text-align: center; text-overflow: ellipsis; white-space: nowrap;\"><a style=\"color: #c9c8cd; font-family: Arial,sans-serif; font-size: 14px; font-style: normal; font-weight: normal; line-height: 17px; text-decoration: none;\" href=\"https:\/\/www.instagram.com\/p\/CvH5VT1L8iG\/?utm_source=ig_embed&amp;utm_campaign=loading\" rel=\"noopener nofollow\" target=\"_blank\">Uma publica\u00e7\u00e3o compartilhada por Felipe Becari (@felipebecari)<\/a><\/p>\n<\/div>\n<\/blockquote>\n<p><script async src=\"https:\/\/www.instagram.com\/embed.js\"><\/script><\/p>\n<p class=\"p1\">J\u00e1 Carla Diaz, que est\u00e1 em viagem em Nova York, nos Estados Unidos, se manifestou por meio de um story, dizendo que estava recebendo muitas mensagens perguntando sobre o fim ap\u00f3s algumas not\u00edcias que indicavam o t\u00e9rmino do relacionamento. Ela tamb\u00e9m afirmou que n\u00e3o falar\u00e1 mais sobre o assunto<\/p>\n<p class=\"p1\">\u201cTem coisas que precisamos viver no privado, compreender, amadurecer, antes de torn\u00e1-las p\u00fablicas. Em respeito aos nossos sentimentos em primeiro lugar, mas tamb\u00e9m \u00e0s nossas fam\u00edlias e amigos. Precisei de um tempo, do meu tempo, me fechei no meu casulo e hoje me sinto fortalecida e pronta para falar que eu e o Felipe n\u00e3o estamos mais juntos como um casal. Respeito toda a hist\u00f3ria que vivemos e quero que ele seja feliz. Aos f\u00e3s, pessoas que me acompanham e gostam de mim, obrigada pelo carinho e preocupa\u00e7\u00e3o\u201d, concluiu.<\/p>\n<p>O post <a rel=\"nofollow noopener\" href=\"https:\/\/wscom.com.br\/carla-diaz-e-felipe-becari-anunciam-fim-do-noivado-apos-dois-anos-juntos\/\" target=\"_blank\">Carla Diaz e Felipe Becari anunciam fim do noivado ap\u00f3s dois anos juntos<\/a> apareceu primeiro em <a rel=\"nofollow noopener\" href=\"https:\/\/wscom.com.br\/\" target=\"_blank\">WSCOM<\/a>.<\/p>\n","protected":false},"excerpt":{"rendered":"<p>\u00a0 \u00a0 A atriz\u00a0Carla Diaz\u00a0e o deputado federal de S\u00e3o Paulo\u00a0Felipe Becari\u00a0anunciaram o fim do noivado nesta ter\u00e7a-feira (25). Juntos h\u00e1 quase dois anos e noivos desde novembro de 2022, especula\u00e7\u00f5es sobre o poss\u00edvel fim do relacionamento circulavam nas redes sociais h\u00e1 alguns dias. Ambos publicaram em seus perfis no\u00a0Instagram\u00a0confirmando o rompimento. Em seu texto, [\u2026]<\/p>\n<p>O post <a rel=\"nofollow\" href=\"https:\/\/wscom.com.br\/carla-diaz-e-felipe-becari-anunciam-fim-do-noivado-apos-dois-anos-juntos\/\">Carla Diaz e Felipe Becari anunciam fim do noivado ap\u00f3s dois anos juntos<\/a> apareceu primeiro em <a rel=\"nofollow\" href=\"https:\/\/wscom.com.br\/\">WSCOM<\/a>.<\/p>\n","protected":false},"author":42,"featured_media":0,"comment_status":"closed","ping_status":"closed","sticky":false,"template":"","format":"standard","meta":{"advgb_blocks_editor_width":"","advgb_blocks_columns_visual_guide":"","footnotes":""},"categories":[6946,436,6947,6948,34,6949],"tags":[35],"class_list":["post-27035","post","type-post","status-publish","format-standard","hentry","category-carla-dias","category-celebridades","category-felipe-becari","category-fim-do-noivado","category-g1","category-termino-de-relacao","tag-g1"],"author_meta":{"display_name":"Rafael Andrade","author_link":"https:\/\/sindaopcpb.org.br\/author\/rafael-andrade\/"},"featured_img":null,"coauthors":[],"tax_additional":{"categories":{"linked":["<a href=\"https:\/\/sindaopcpb.org.br\/carla-dias\/\" class=\"advgb-post-tax-term\">carla dias<\/a>","<a href=\"https:\/\/sindaopcpb.org.br\/celebridades\/\" class=\"advgb-post-tax-term\">Celebridades<\/a>","<a href=\"https:\/\/sindaopcpb.org.br\/felipe-becari\/\" class=\"advgb-post-tax-term\">Felipe Becari<\/a>","<a href=\"https:\/\/sindaopcpb.org.br\/fim-do-noivado\/\" class=\"advgb-post-tax-term\">fim do noivado<\/a>","<a href=\"https:\/\/sindaopcpb.org.br\/g1\/\" class=\"advgb-post-tax-term\">G1<\/a>","<a href=\"https:\/\/sindaopcpb.org.br\/termino-de-relacao\/\" class=\"advgb-post-tax-term\">T\u00e9rmino de rela\u00e7\u00e3o<\/a>"],"unlinked":["<span class=\"advgb-post-tax-term\">carla dias<\/span>","<span class=\"advgb-post-tax-term\">Celebridades<\/span>","<span class=\"advgb-post-tax-term\">Felipe Becari<\/span>","<span class=\"advgb-post-tax-term\">fim do noivado<\/span>","<span class=\"advgb-post-tax-term\">G1<\/span>","<span class=\"advgb-post-tax-term\">T\u00e9rmino de rela\u00e7\u00e3o<\/span>"]},"tags":{"linked":["<a href=\"https:\/\/sindaopcpb.org.br\/termino-de-relacao\/\" class=\"advgb-post-tax-term\">g1<\/a>"],"unlinked":["<span class=\"advgb-post-tax-term\">g1<\/span>"]}},"comment_count":"0","relative_dates":{"created":"Publicado 3 anos atr\u00e1s","modified":"Atualizado 3 anos atr\u00e1s"},"absolute_dates":{"created":"Publicado em 26 de julho de 2023","modified":"Atualizado em 26 de julho de 2023"},"absolute_dates_time":{"created":"Publicado em 26 de julho de 2023 08:27","modified":"Atualizado em 26 de julho de 2023 08:27"},"featured_img_caption":"","series_order":"","_links":{"self":[{"href":"https:\/\/sindaopcpb.org.br\/index.php\/wp-json\/wp\/v2\/posts\/27035","targetHints":{"allow":["GET"]}}],"collection":[{"href":"https:\/\/sindaopcpb.org.br\/index.php\/wp-json\/wp\/v2\/posts"}],"about":[{"href":"https:\/\/sindaopcpb.org.br\/index.php\/wp-json\/wp\/v2\/types\/post"}],"author":[{"embeddable":true,"href":"https:\/\/sindaopcpb.org.br\/index.php\/wp-json\/wp\/v2\/users\/42"}],"replies":[{"embeddable":true,"href":"https:\/\/sindaopcpb.org.br\/index.php\/wp-json\/wp\/v2\/comments?post=27035"}],"version-history":[{"count":1,"href":"https:\/\/sindaopcpb.org.br\/index.php\/wp-json\/wp\/v2\/posts\/27035\/revisions"}],"predecessor-version":[{"id":27036,"href":"https:\/\/sindaopcpb.org.br\/index.php\/wp-json\/wp\/v2\/posts\/27035\/revisions\/27036"}],"wp:attachment":[{"href":"https:\/\/sindaopcpb.org.br\/index.php\/wp-json\/wp\/v2\/media?parent=27035"}],"wp:term":[{"taxonomy":"category","embeddable":true,"href":"https:\/\/sindaopcpb.org.br\/index.php\/wp-json\/wp\/v2\/categories?post=27035"},{"taxonomy":"post_tag","embeddable":true,"href":"https:\/\/sindaopcpb.org.br\/index.php\/wp-json\/wp\/v2\/tags?post=27035"}],"curies":[{"name":"wp","href":"https:\/\/api.w.org\/{rel}","templated":true}]}}