{"id":27005,"date":"2023-07-25T18:47:33","date_gmt":"2023-07-25T21:47:33","guid":{"rendered":"https:\/\/wpa.wscom.com.br\/?p=913981"},"modified":"2023-07-25T18:47:33","modified_gmt":"2023-07-25T21:47:33","slug":"joao-e-governadores-do-nordeste-se-reunem-com-alckmin-para-discutir-plano-para-desenvolvimento-da-regiao","status":"publish","type":"post","link":"https:\/\/sindaopcpb.org.br\/index.php\/2023\/07\/25\/joao-e-governadores-do-nordeste-se-reunem-com-alckmin-para-discutir-plano-para-desenvolvimento-da-regiao\/","title":{"rendered":"Jo\u00e3o e governadores do Nordeste se re\u00fanem com Alckmin para discutir plano para desenvolvimento da regi\u00e3o"},"content":{"rendered":"<p>Os nove governadores do Nordeste se reunir\u00e3o nesta quarta-feira (26) com o vice-presidente Geraldo Alckmin, em Bras\u00edlia, no evento intitulado &#8220;Desenvolvimento Econ\u00f4mico \u2013 Perspectivas e Desafios da Regi\u00e3o Nordeste&#8221;. A iniciativa \u00e9 promovida em parceria com o Cons\u00f3rcio Nordeste. O evento ter\u00e1 sua abertura conduzida por Alckmin e pelo presidente do Cons\u00f3rcio Nordeste, o governador da Para\u00edba, Jo\u00e3o Azevedo (PSB).<\/p>\n<p>O objetivo principal da reuni\u00e3o \u00e9 discutir o plano estrat\u00e9gico de desenvolvimento sustent\u00e1vel para a regi\u00e3o nordestina, bem como abordar os desafios enfrentados na elabora\u00e7\u00e3o de pol\u00edticas p\u00fablicas capazes de solucionar quest\u00f5es estruturais nos estados que comp\u00f5em o Nordeste brasileiro.<\/p>\n<p>O tema &#8220;Financiamento para o Desenvolvimento&#8221; ser\u00e1 abordado, e foram convidados os presidentes de importantes bancos p\u00fablicos: Aloizio Mercadante, do Banco Nacional de Desenvolvimento Econ\u00f4mico e Social (BNDES); Tarciana Medeiros, do Banco do Brasil (BB); e Paulo C\u00e2mara, do Banco do Nordeste (BNB).<\/p>\n<p>Durante o encontro, o ex-governador de Pernambuco, Paulo C\u00e2mara, apresentar\u00e1 um balan\u00e7o do primeiro semestre do BNB, destacando que o volume de contratos firmados chegou a expressivos R$ 21,3 bilh\u00f5es em toda a \u00e1rea de atua\u00e7\u00e3o, com recursos do Fundo Constitucional de Financiamento do Nordeste (FNE). Al\u00e9m disso, haver\u00e1 proje\u00e7\u00f5es e expectativas de neg\u00f3cios para o segundo semestre de 2023.<\/p>\n<p>Outros especialistas tamb\u00e9m estar\u00e3o presentes na programa\u00e7\u00e3o do evento, como a cientista social e economista especialista em Planejamento Global, Tania Bacelar, o secret\u00e1rio de Desenvolvimento Industrial, Inova\u00e7\u00e3o, Com\u00e9rcio e Servi\u00e7os do MDIC, Uallace Moreira, e o superintendente da Sudene, Danilo Cabral.<\/p>\n<p>A presen\u00e7a dos ministros da Casa Civil, Rui Costa, e da Integra\u00e7\u00e3o e do Desenvolvimento Regional, Waldez G\u00f3es, tamb\u00e9m foi confirmada para o evento.<\/p>\n<p>O post <a rel=\"nofollow noopener\" href=\"https:\/\/wscom.com.br\/joao-e-governadores-do-nordeste-se-reunem-com-alckmin-para-discutir-plano-para-desenvolvimento-da-regiao\/\" target=\"_blank\">Jo\u00e3o e governadores do Nordeste se re\u00fanem com Alckmin para discutir plano para desenvolvimento da regi\u00e3o<\/a> apareceu primeiro em <a rel=\"nofollow noopener\" href=\"https:\/\/wscom.com.br\/\" target=\"_blank\">WSCOM<\/a>.<\/p>\n","protected":false},"excerpt":{"rendered":"<p>Os nove governadores do Nordeste se reunir\u00e3o nesta quarta-feira (26) com o vice-presidente Geraldo Alckmin, em Bras\u00edlia, no evento intitulado \u201cDesenvolvimento Econ\u00f4mico \u2013 Perspectivas e Desafios da Regi\u00e3o Nordeste\u201d. A iniciativa \u00e9 promovida em parceria com o Cons\u00f3rcio Nordeste. O evento ter\u00e1 sua abertura conduzida por Alckmin e pelo presidente do Cons\u00f3rcio Nordeste, o governador [\u2026]<\/p>\n<p>O post <a rel=\"nofollow\" href=\"https:\/\/wscom.com.br\/joao-e-governadores-do-nordeste-se-reunem-com-alckmin-para-discutir-plano-para-desenvolvimento-da-regiao\/\">Jo\u00e3o e governadores do Nordeste se re\u00fanem com Alckmin para discutir plano para desenvolvimento da regi\u00e3o<\/a> apareceu primeiro em <a rel=\"nofollow\" href=\"https:\/\/wscom.com.br\/\">WSCOM<\/a>.<\/p>\n","protected":false},"author":50,"featured_media":0,"comment_status":"closed","ping_status":"closed","sticky":false,"template":"","format":"standard","meta":{"advgb_blocks_editor_width":"","advgb_blocks_columns_visual_guide":"","footnotes":""},"categories":[34,421,197,47],"tags":[35],"class_list":["post-27005","post","type-post","status-publish","format-standard","hentry","category-g1","category-governadores","category-nordeste","category-politica","tag-g1"],"author_meta":{"display_name":"Wallyson","author_link":"https:\/\/sindaopcpb.org.br\/author\/wallyson\/"},"featured_img":null,"coauthors":[],"tax_additional":{"categories":{"linked":["<a href=\"https:\/\/sindaopcpb.org.br\/g1\/\" class=\"advgb-post-tax-term\">G1<\/a>","<a href=\"https:\/\/sindaopcpb.org.br\/governadores\/\" class=\"advgb-post-tax-term\">Governadores<\/a>","<a href=\"https:\/\/sindaopcpb.org.br\/nordeste\/\" class=\"advgb-post-tax-term\">Nordeste<\/a>","<a href=\"https:\/\/sindaopcpb.org.br\/politica\/\" class=\"advgb-post-tax-term\">POLITICA<\/a>"],"unlinked":["<span class=\"advgb-post-tax-term\">G1<\/span>","<span class=\"advgb-post-tax-term\">Governadores<\/span>","<span class=\"advgb-post-tax-term\">Nordeste<\/span>","<span class=\"advgb-post-tax-term\">POLITICA<\/span>"]},"tags":{"linked":["<a href=\"https:\/\/sindaopcpb.org.br\/politica\/\" class=\"advgb-post-tax-term\">g1<\/a>"],"unlinked":["<span class=\"advgb-post-tax-term\">g1<\/span>"]}},"comment_count":"0","relative_dates":{"created":"Publicado 3 anos atr\u00e1s","modified":"Atualizado 3 anos atr\u00e1s"},"absolute_dates":{"created":"Publicado em 25 de julho de 2023","modified":"Atualizado em 25 de julho de 2023"},"absolute_dates_time":{"created":"Publicado em 25 de julho de 2023 18:47","modified":"Atualizado em 25 de julho de 2023 18:47"},"featured_img_caption":"","series_order":"","_links":{"self":[{"href":"https:\/\/sindaopcpb.org.br\/index.php\/wp-json\/wp\/v2\/posts\/27005","targetHints":{"allow":["GET"]}}],"collection":[{"href":"https:\/\/sindaopcpb.org.br\/index.php\/wp-json\/wp\/v2\/posts"}],"about":[{"href":"https:\/\/sindaopcpb.org.br\/index.php\/wp-json\/wp\/v2\/types\/post"}],"author":[{"embeddable":true,"href":"https:\/\/sindaopcpb.org.br\/index.php\/wp-json\/wp\/v2\/users\/50"}],"replies":[{"embeddable":true,"href":"https:\/\/sindaopcpb.org.br\/index.php\/wp-json\/wp\/v2\/comments?post=27005"}],"version-history":[{"count":1,"href":"https:\/\/sindaopcpb.org.br\/index.php\/wp-json\/wp\/v2\/posts\/27005\/revisions"}],"predecessor-version":[{"id":27006,"href":"https:\/\/sindaopcpb.org.br\/index.php\/wp-json\/wp\/v2\/posts\/27005\/revisions\/27006"}],"wp:attachment":[{"href":"https:\/\/sindaopcpb.org.br\/index.php\/wp-json\/wp\/v2\/media?parent=27005"}],"wp:term":[{"taxonomy":"category","embeddable":true,"href":"https:\/\/sindaopcpb.org.br\/index.php\/wp-json\/wp\/v2\/categories?post=27005"},{"taxonomy":"post_tag","embeddable":true,"href":"https:\/\/sindaopcpb.org.br\/index.php\/wp-json\/wp\/v2\/tags?post=27005"}],"curies":[{"name":"wp","href":"https:\/\/api.w.org\/{rel}","templated":true}]}}