{"id":26988,"date":"2023-07-25T17:07:18","date_gmt":"2023-07-25T20:07:18","guid":{"rendered":"https:\/\/wpa.wscom.com.br\/?p=913953"},"modified":"2023-07-25T17:07:18","modified_gmt":"2023-07-25T20:07:18","slug":"oab-consegue-pleito-historico-e-obra-de-nova-sede-na-paraiba-comeca-em-agosto","status":"publish","type":"post","link":"https:\/\/sindaopcpb.org.br\/index.php\/2023\/07\/25\/oab-consegue-pleito-historico-e-obra-de-nova-sede-na-paraiba-comeca-em-agosto\/","title":{"rendered":"OAB consegue pleito hist\u00f3rico e obra de nova sede na Para\u00edba come\u00e7a em agosto"},"content":{"rendered":"<p id=\"viewer-c2s6t\" class=\"xVISr Y9Dpf bCMSCT OZy-3 lnyWN yMZv8w bCMSCT public-DraftStyleDefault-block-depth0 fixed-tab-size public-DraftStyleDefault-text-ltr\"><span class=\"B2EFF public-DraftStyleDefault-ltr\">O presidente da Ordem dos Advogados do Brasil, Seccional da Para\u00edba (OAB-PB, Harrison Targino; o secret\u00e1rio-geral da OAB-PB, Rodrigo Farias; e a secret\u00e1ria-geral Adjunta, Larissa Bonates; se reuniram, nesta segunda-feira (24), com o presidente da OAB Nacional, Beto Simonetti, e marcaram a data para a assinatura do contrato da constru\u00e7\u00e3o da Cidade da Advocacia, que integrar\u00e1, num s\u00f3 local, a sede da OAB-PB, depend\u00eancias da Caixa de Assist\u00eancia da Advocacia (CAA-PB), do Tribunal de \u00c9tica e Disciplina, e da Escola Superior da Advocacia (Nova ESA).na nova sede da OAB-PB. <\/span><\/p>\n<div data-hook=\"rcv-block3\"><\/div>\n<div id=\"viewer-bmjok\" class=\"xVISr Y9Dpf bCMSCT OZy-3 lnyWN yMZv8w bCMSCT public-DraftStyleDefault-block-depth0 fixed-tab-size public-DraftStyleDefault-text-ltr\"><span class=\"B2EFF public-DraftStyleDefault-ltr\">\u00a0<\/span><\/div>\n<div data-hook=\"rcv-block4\"><\/div>\n<p id=\"viewer-4hgj6\" class=\"xVISr Y9Dpf bCMSCT OZy-3 lnyWN yMZv8w bCMSCT public-DraftStyleDefault-block-depth0 fixed-tab-size public-DraftStyleDefault-text-ltr\"><span class=\"B2EFF public-DraftStyleDefault-ltr\">A solenidade de assinatura do contrato e in\u00edcio das obras foi acertada para 14 de agosto e deve contar, tamb\u00e9m, com a presen\u00e7a do diretor-tesoureiro do Conselho Federal da OAB (CFOAB), Leonardo Campos, e o presidente do Fundo de Integra\u00e7\u00e3o e Desenvolvimento Assistencial dos Advogados (Fida), Felipe Sarmento. O terreno de 6.800 m\u00b2 fica localizado no bairro do Altiplano, em Jo\u00e3o Pessoa (PB), e foi adquirido com recursos do Conselho Federal.<\/span><\/p>\n<div data-hook=\"rcv-block5\"><\/div>\n<div id=\"viewer-eehm6\" class=\"xVISr Y9Dpf bCMSCT OZy-3 lnyWN yMZv8w bCMSCT public-DraftStyleDefault-block-depth0 fixed-tab-size public-DraftStyleDefault-text-ltr\"><span class=\"B2EFF public-DraftStyleDefault-ltr\">\u00a0<\/span><\/div>\n<div data-hook=\"rcv-block6\"><\/div>\n<p id=\"viewer-1ofod\" class=\"xVISr Y9Dpf bCMSCT OZy-3 lnyWN yMZv8w bCMSCT public-DraftStyleDefault-block-depth0 fixed-tab-size public-DraftStyleDefault-text-ltr\"><span class=\"B2EFF public-DraftStyleDefault-ltr\">Simonetti comemorou o momento. \u201cEsta \u00e9 uma prioridade da nossa gest\u00e3o: olhar para a advocacia e melhorar as condi\u00e7\u00f5es de trabalho em todos os aspectos\u201d, disse. \u201cE agora me sinto feliz em trazer uma not\u00edcia alvissareira, mas ao mesmo tempo hist\u00f3rica: o in\u00edcio das obras da cidade da advocacia no pr\u00f3ximo dia 14\u201d, afirmou.<\/span><\/p>\n<div data-hook=\"rcv-block7\"><\/div>\n<div id=\"viewer-5a12t\" class=\"xVISr Y9Dpf bCMSCT OZy-3 lnyWN yMZv8w bCMSCT public-DraftStyleDefault-block-depth0 fixed-tab-size public-DraftStyleDefault-text-ltr\"><span class=\"B2EFF public-DraftStyleDefault-ltr\">\u00a0<\/span><\/div>\n<div data-hook=\"rcv-block8\"><\/div>\n<p id=\"viewer-26tk2\" class=\"xVISr Y9Dpf bCMSCT OZy-3 lnyWN yMZv8w bCMSCT public-DraftStyleDefault-block-depth0 fixed-tab-size public-DraftStyleDefault-text-ltr\"><span class=\"B2EFF public-DraftStyleDefault-ltr\">O presidente da OAB-PB, Harrison Targino, afirmou que o andamento do projeto, com a assinatura do contrato para o in\u00edcio da obra, \u00e9, de fato, um momento hist\u00f3rico para a advocacia paraibana. \u201cAgradecemos ao Conselho Federal e a lideran\u00e7a do presidente Beto para a realiza\u00e7\u00e3o da maior obra da hist\u00f3ria da OAB da Para\u00edba. O que antes era sonho, o que antes era promessa, agora vai se tornar realidade em favor de toda advocacia de nosso estado\u201d, festejou.<\/span><\/p>\n<div data-hook=\"rcv-block9\"><\/div>\n<div id=\"viewer-didc7\" class=\"xVISr Y9Dpf bCMSCT OZy-3 lnyWN yMZv8w bCMSCT public-DraftStyleDefault-block-depth0 fixed-tab-size public-DraftStyleDefault-text-ltr\"><span class=\"B2EFF public-DraftStyleDefault-ltr\">\u00a0<\/span><\/div>\n<div data-hook=\"rcv-block10\"><\/div>\n<div id=\"viewer-6hera\" class=\"QHjDE rzoRKE\">\n<div class=\"gO6aa y8JqQg y8JqQg flaqF\">\n<div class=\"Q6a5A\" tabindex=\"0\" role=\"button\" data-hook=\"imageViewer\">\n<div id=\"new-image1756746\" class=\"vBPBf L9OMM XHhj0\"><img decoding=\"async\" src=\"https:\/\/static.wixstatic.com\/media\/ea5575_e97b62c4f9bd40709095efde73e8147c~mv2.jpeg\/v1\/fill\/w_630,h_420,al_c,lg_1,q_80,enc_auto\/ea5575_e97b62c4f9bd40709095efde73e8147c~mv2.jpeg\" alt=\"\" data-pin-url=\"https:\/\/www.oabpb.org.br\/post\/vit\u00f3ria-da-advocacia-oab-consegue-pleito-hist\u00f3rico-e-obra-de-nova-sede-na-para\u00edba-come\u00e7a-em-agosto\" data-pin-media=\"https:\/\/static.wixstatic.com\/media\/ea5575_e97b62c4f9bd40709095efde73e8147c~mv2.jpeg\/v1\/fill\/w_630,h_420,al_c,lg_1,q_80\/ea5575_e97b62c4f9bd40709095efde73e8147c~mv2.jpeg\" data-load-done=\"\" title=\"\"><\/div>\n<div class=\"\"><\/div>\n<div class=\"\"><\/div>\n<\/div>\n<\/div>\n<\/div>\n<div data-hook=\"rcv-block11\"><\/div>\n<div id=\"viewer-c880\" class=\"xVISr Y9Dpf bCMSCT OZy-3 lnyWN yMZv8w bCMSCT public-DraftStyleDefault-block-depth0 fixed-tab-size public-DraftStyleDefault-text-ltr\"><span class=\"B2EFF public-DraftStyleDefault-ltr\">\u00a0<\/span><\/div>\n<div data-hook=\"rcv-block12\"><\/div>\n<p id=\"viewer-br3vq\" class=\"xVISr Y9Dpf bCMSCT OZy-3 lnyWN yMZv8w bCMSCT public-DraftStyleDefault-block-depth0 fixed-tab-size public-DraftStyleDefault-text-ltr\"><span class=\"B2EFF public-DraftStyleDefault-ltr\">Harrison Targino lembrou que a OAB-PB \u00e9 a \u00faltima Seccional sem um projeto de moderniza\u00e7\u00e3o da sede. \u201c\u00c9 importante enfatizar e ressaltar a sensibilidade e o apoio do Conselho Federal, em nome do presidente Beto Simonetti, que n\u00e3o tem faltado \u00e0 OAB da Para\u00edba\u201d, afirmou. <\/span><\/p>\n<div data-hook=\"rcv-block13\"><\/div>\n<div id=\"viewer-8q2dp\" class=\"xVISr Y9Dpf bCMSCT OZy-3 lnyWN yMZv8w bCMSCT public-DraftStyleDefault-block-depth0 fixed-tab-size public-DraftStyleDefault-text-ltr\"><span class=\"B2EFF public-DraftStyleDefault-ltr\">\u00a0<\/span><\/div>\n<div data-hook=\"rcv-block14\"><\/div>\n<p id=\"viewer-91von\" class=\"xVISr Y9Dpf bCMSCT OZy-3 lnyWN yMZv8w bCMSCT public-DraftStyleDefault-block-depth0 fixed-tab-size public-DraftStyleDefault-text-ltr\"><span class=\"B2EFF public-DraftStyleDefault-ltr\">\u201cFoi uma tarde extremamente feliz em poder presenciar um momento HIST\u00d3RICO da realiza\u00e7\u00e3o de um sonho, sonhado h\u00e1 mais de 20 anos pelos advogados paraibanos. Em 14 de agosto ser\u00e3o iniciadas as obras, que ser\u00e3o entregues completamente em um prazo de 12 meses. Ent\u00e3o, sem d\u00favida um dia hist\u00f3rico, que ficar\u00e1 marcado na caminhada de luta dos advogados paraibanos\u201d, declarou o secret\u00e1rio-geral da OAB-PB, Rodrigo Farias. <\/span><\/p>\n<div data-hook=\"rcv-block15\"><\/div>\n<div id=\"viewer-9nbkt\" class=\"xVISr Y9Dpf bCMSCT OZy-3 lnyWN yMZv8w bCMSCT public-DraftStyleDefault-block-depth0 fixed-tab-size public-DraftStyleDefault-text-ltr\"><span class=\"B2EFF public-DraftStyleDefault-ltr\">\u00a0<\/span><\/div>\n<div data-hook=\"rcv-block16\"><\/div>\n<p id=\"viewer-4f752\" class=\"xVISr Y9Dpf bCMSCT OZy-3 lnyWN yMZv8w bCMSCT public-DraftStyleDefault-block-depth0 fixed-tab-size public-DraftStyleDefault-text-ltr\"><span class=\"B2EFF public-DraftStyleDefault-ltr\">A secret\u00e1ria-geral Adjunta da OAB-PB, Larissa Bonates Souto, tamb\u00e9m destacou o apoio do Conselho Federal para a OAB Para\u00edba construir sua nova sede. \u201cHoje demos um passo muito importante na concretiza\u00e7\u00e3o desse projeto, com a uni\u00e3o de esfor\u00e7os, tanto da nossa Seccional, quanto do Conselho Federal\u201d, disse. \u201cContamos com a sensibilidade do Conselho Federal para que pud\u00e9ssemos assinar o contrato e, consequentemente, iniciar a obra. \u00c9 uma importante conquista para a advocacia paraibana\u201d, ratificou.<\/span><\/p>\n<div data-hook=\"rcv-block17\"><\/div>\n<div id=\"viewer-emis0\" class=\"xVISr Y9Dpf bCMSCT OZy-3 lnyWN yMZv8w bCMSCT public-DraftStyleDefault-block-depth0 fixed-tab-size public-DraftStyleDefault-text-ltr\"><span class=\"B2EFF public-DraftStyleDefault-ltr\">\u00a0<\/span><\/div>\n<div data-hook=\"rcv-block18\"><\/div>\n<p id=\"viewer-35k0m\" class=\"xVISr Y9Dpf bCMSCT OZy-3 lnyWN yMZv8w bCMSCT public-DraftStyleDefault-block-depth0 fixed-tab-size public-DraftStyleDefault-text-ltr\"><span class=\"B2EFF public-DraftStyleDefault-ltr\">O novo pr\u00e9dio era uma demanda antiga da oAB-PB. Hoje, a Seccional funciona no centro da capital, Jo\u00e3o Pessoa. A Para\u00edba tem 30 mil advogados e advogadas inscritos na Ordem. H\u00e1 40 anos a OAB da Para\u00edba ocupa o mesmo espa\u00e7o f\u00edsico, na sede atual. Beto Simonetti afirmou que o CFOAB reconhece a necessidade da moderniza\u00e7\u00e3o das instala\u00e7\u00f5es.<\/span><\/p>\n<p>O post <a rel=\"nofollow noopener\" href=\"https:\/\/wscom.com.br\/oab-consegue-pleito-historico-e-obra-de-nova-sede-na-paraiba-comeca-em-agosto\/\" target=\"_blank\">OAB consegue pleito hist\u00f3rico e obra de nova sede na Para\u00edba come\u00e7a em agosto<\/a> apareceu primeiro em <a rel=\"nofollow noopener\" href=\"https:\/\/wscom.com.br\/\" target=\"_blank\">WSCOM<\/a>.<\/p>\n","protected":false},"excerpt":{"rendered":"<p>O presidente da Ordem dos Advogados do Brasil, Seccional da Para\u00edba (OAB-PB, Harrison Targino; o secret\u00e1rio-geral da OAB-PB, Rodrigo Farias; e a secret\u00e1ria-geral Adjunta, Larissa Bonates; se reuniram, nesta segunda-feira (24), com o presidente da OAB Nacional, Beto Simonetti, e marcaram a data para a assinatura do contrato da constru\u00e7\u00e3o da Cidade da Advocacia, que [\u2026]<\/p>\n<p>O post <a rel=\"nofollow\" href=\"https:\/\/wscom.com.br\/oab-consegue-pleito-historico-e-obra-de-nova-sede-na-paraiba-comeca-em-agosto\/\">OAB consegue pleito hist\u00f3rico e obra de nova sede na Para\u00edba come\u00e7a em agosto<\/a> apareceu primeiro em <a rel=\"nofollow\" href=\"https:\/\/wscom.com.br\/\">WSCOM<\/a>.<\/p>\n","protected":false},"author":49,"featured_media":0,"comment_status":"closed","ping_status":"closed","sticky":false,"template":"","format":"standard","meta":{"advgb_blocks_editor_width":"","advgb_blocks_columns_visual_guide":"","footnotes":""},"categories":[34,927,54],"tags":[35],"class_list":["post-26988","post","type-post","status-publish","format-standard","hentry","category-g1","category-oab-pb","category-paraiba","tag-g1"],"author_meta":{"display_name":"Cristiane Cavalcante","author_link":"https:\/\/sindaopcpb.org.br\/author\/cristiane-cavalcante\/"},"featured_img":null,"coauthors":[],"tax_additional":{"categories":{"linked":["<a href=\"https:\/\/sindaopcpb.org.br\/g1\/\" class=\"advgb-post-tax-term\">G1<\/a>","<a href=\"https:\/\/sindaopcpb.org.br\/oab-pb\/\" class=\"advgb-post-tax-term\">oab-pb<\/a>","<a href=\"https:\/\/sindaopcpb.org.br\/paraiba\/\" class=\"advgb-post-tax-term\">Para\u00edba<\/a>"],"unlinked":["<span class=\"advgb-post-tax-term\">G1<\/span>","<span class=\"advgb-post-tax-term\">oab-pb<\/span>","<span class=\"advgb-post-tax-term\">Para\u00edba<\/span>"]},"tags":{"linked":["<a href=\"https:\/\/sindaopcpb.org.br\/paraiba\/\" class=\"advgb-post-tax-term\">g1<\/a>"],"unlinked":["<span class=\"advgb-post-tax-term\">g1<\/span>"]}},"comment_count":"0","relative_dates":{"created":"Publicado 3 anos atr\u00e1s","modified":"Atualizado 3 anos atr\u00e1s"},"absolute_dates":{"created":"Publicado em 25 de julho de 2023","modified":"Atualizado em 25 de julho de 2023"},"absolute_dates_time":{"created":"Publicado em 25 de julho de 2023 17:07","modified":"Atualizado em 25 de julho de 2023 17:07"},"featured_img_caption":"","series_order":"","_links":{"self":[{"href":"https:\/\/sindaopcpb.org.br\/index.php\/wp-json\/wp\/v2\/posts\/26988","targetHints":{"allow":["GET"]}}],"collection":[{"href":"https:\/\/sindaopcpb.org.br\/index.php\/wp-json\/wp\/v2\/posts"}],"about":[{"href":"https:\/\/sindaopcpb.org.br\/index.php\/wp-json\/wp\/v2\/types\/post"}],"author":[{"embeddable":true,"href":"https:\/\/sindaopcpb.org.br\/index.php\/wp-json\/wp\/v2\/users\/49"}],"replies":[{"embeddable":true,"href":"https:\/\/sindaopcpb.org.br\/index.php\/wp-json\/wp\/v2\/comments?post=26988"}],"version-history":[{"count":1,"href":"https:\/\/sindaopcpb.org.br\/index.php\/wp-json\/wp\/v2\/posts\/26988\/revisions"}],"predecessor-version":[{"id":26989,"href":"https:\/\/sindaopcpb.org.br\/index.php\/wp-json\/wp\/v2\/posts\/26988\/revisions\/26989"}],"wp:attachment":[{"href":"https:\/\/sindaopcpb.org.br\/index.php\/wp-json\/wp\/v2\/media?parent=26988"}],"wp:term":[{"taxonomy":"category","embeddable":true,"href":"https:\/\/sindaopcpb.org.br\/index.php\/wp-json\/wp\/v2\/categories?post=26988"},{"taxonomy":"post_tag","embeddable":true,"href":"https:\/\/sindaopcpb.org.br\/index.php\/wp-json\/wp\/v2\/tags?post=26988"}],"curies":[{"name":"wp","href":"https:\/\/api.w.org\/{rel}","templated":true}]}}