{"id":26974,"date":"2023-07-25T16:35:05","date_gmt":"2023-07-25T19:35:05","guid":{"rendered":"https:\/\/wpa.wscom.com.br\/?p=913949"},"modified":"2023-07-25T16:35:05","modified_gmt":"2023-07-25T19:35:05","slug":"fgts-aprova-distribuicao-de-r-127-bilhoes-a-trabalhadores-em-2023","status":"publish","type":"post","link":"https:\/\/sindaopcpb.org.br\/index.php\/2023\/07\/25\/fgts-aprova-distribuicao-de-r-127-bilhoes-a-trabalhadores-em-2023\/","title":{"rendered":"FGTS aprova distribui\u00e7\u00e3o de R$ 12,7 bilh\u00f5es a trabalhadores em 2023"},"content":{"rendered":"<p>O Conselho Curador do Fundo de Garantia do Tempo de Servi\u00e7o (FGTS) aprovou,\u00a0nesta ter\u00e7a-feira (25),\u00a0a distribui\u00e7\u00e3o de quase R$ 12,848 bilh\u00f5es entre os trabalhadores que t\u00eam contas vinculadas ao fundo.<img decoding=\"async\" src=\"https:\/\/agenciabrasil.ebc.com.br\/ebc.png?id=1545422&amp;o=node\" alt=\"\" title=\"\"><img decoding=\"async\" src=\"https:\/\/agenciabrasil.ebc.com.br\/ebc.gif?id=1545422&amp;o=node\" alt=\"\" title=\"\"><\/p>\n<p>O\u00a0valor total \u00e9 o resultado l\u00edquido\u00a0positivo\u00a0obtido pelo FGTS em 2022, ou seja, a diferen\u00e7a entre as receitas (rendas\/rendimentos com opera\u00e7\u00f5es de cr\u00e9dito, com t\u00edtulos p\u00fablicos federais e demais t\u00edtulos e valores mobili\u00e1rios, entre outras) e as despesas (remunera\u00e7\u00e3o das contas vinculadas, de TR + 3% ao ano, taxa de administra\u00e7\u00e3o e outras).<\/p>\n<p>Segundo o balan\u00e7o apresentado hoje (25), durante a reuni\u00e3o do Conselho Curador, no ano passado, as receitas do Fundo somaram, aproximadamente, R$ 49,7 bi. J\u00e1 as despesas\u00a0foram de\u00a0pouco mais de R$ 36,9 bi.<\/p>\n<p>Os conselheiros aprovaram a distribui\u00e7\u00e3o de 99% dos R$ 12,848 bi, ou seja,\u00a0de\u00a0cerca de R$ 12,712 bi. De acordo com a\u00a0<a href=\"http:\/\/www.planalto.gov.br\/ccivil_03\/_ato2015-2018\/2017\/lei\/l13446.htm\" rel=\"noopener nofollow\" target=\"_blank\">Lei n\u00ba 13.466<\/a>, de 2017,\u00a0t\u00eam direito a parte desta quantia os trabalhadores que tinham saldo em contas vinculadas do fundo em 31 de dezembro de 2022.\u00a0A partilha\u00a0ser\u00e1 proporcional ao saldo de cada conta vinculada e dever\u00e1 ser\u00a0operacionalizada pela Caixa\u00a0at\u00e9 31 de agosto deste ano.<\/p>\n<p>A distribui\u00e7\u00e3o de resultado do FGTS tem o objetivo de elevar a rentabilidade das contas vinculadas do trabalhador. O valor referente \u00e0 distribui\u00e7\u00e3o dos resultados passa a compor o saldo da conta vinculada e s\u00f3 pode ser sacado nas situa\u00e7\u00f5es previstas em lei, como nos casos de rescis\u00e3o sem justa causa, saque-anivers\u00e1rio, aposentadoria, aquisi\u00e7\u00e3o da casa pr\u00f3pria e outros.<\/p>\n<p>O post <a rel=\"nofollow noopener\" href=\"https:\/\/wscom.com.br\/fgts-aprova-distribuicao-de-r-127-bilhoes-a-trabalhadores-em-2023\/\" target=\"_blank\">FGTS aprova distribui\u00e7\u00e3o de R$ 12,7 bilh\u00f5es a trabalhadores em 2023<\/a> apareceu primeiro em <a rel=\"nofollow noopener\" href=\"https:\/\/wscom.com.br\/\" target=\"_blank\">WSCOM<\/a>.<\/p>\n","protected":false},"excerpt":{"rendered":"<p>O Conselho Curador do Fundo de Garantia do Tempo de Servi\u00e7o (FGTS) aprovou,\u00a0nesta ter\u00e7a-feira (25),\u00a0a distribui\u00e7\u00e3o de quase R$ 12,848 bilh\u00f5es entre os trabalhadores que t\u00eam contas vinculadas ao fundo. O\u00a0valor total \u00e9 o resultado l\u00edquido\u00a0positivo\u00a0obtido pelo FGTS em 2022, ou seja, a diferen\u00e7a entre as receitas (rendas\/rendimentos com opera\u00e7\u00f5es de cr\u00e9dito, com t\u00edtulos p\u00fablicos [\u2026]<\/p>\n<p>O post <a rel=\"nofollow\" href=\"https:\/\/wscom.com.br\/fgts-aprova-distribuicao-de-r-127-bilhoes-a-trabalhadores-em-2023\/\">FGTS aprova distribui\u00e7\u00e3o de R$ 12,7 bilh\u00f5es a trabalhadores em 2023<\/a> apareceu primeiro em <a rel=\"nofollow\" href=\"https:\/\/wscom.com.br\/\">WSCOM<\/a>.<\/p>\n","protected":false},"author":49,"featured_media":0,"comment_status":"closed","ping_status":"closed","sticky":false,"template":"","format":"standard","meta":{"advgb_blocks_editor_width":"","advgb_blocks_columns_visual_guide":"","footnotes":""},"categories":[6889,69,981,34,6927],"tags":[35],"class_list":["post-26974","post","type-post","status-publish","format-standard","hentry","category-caixa-economica-federal-cef","category-economia","category-fgts","category-g1","category-trabalhadores","tag-g1"],"author_meta":{"display_name":"Cristiane Cavalcante","author_link":"https:\/\/sindaopcpb.org.br\/author\/cristiane-cavalcante\/"},"featured_img":null,"coauthors":[],"tax_additional":{"categories":{"linked":["<a href=\"https:\/\/sindaopcpb.org.br\/caixa-economica-federal-cef\/\" class=\"advgb-post-tax-term\">Caixa Econ\u00f4mica Federal (CEF)<\/a>","<a href=\"https:\/\/sindaopcpb.org.br\/economia\/\" class=\"advgb-post-tax-term\">Economia<\/a>","<a href=\"https:\/\/sindaopcpb.org.br\/fgts\/\" class=\"advgb-post-tax-term\">FGTS<\/a>","<a href=\"https:\/\/sindaopcpb.org.br\/g1\/\" class=\"advgb-post-tax-term\">G1<\/a>","<a href=\"https:\/\/sindaopcpb.org.br\/trabalhadores\/\" class=\"advgb-post-tax-term\">trabalhadores<\/a>"],"unlinked":["<span class=\"advgb-post-tax-term\">Caixa Econ\u00f4mica Federal (CEF)<\/span>","<span class=\"advgb-post-tax-term\">Economia<\/span>","<span class=\"advgb-post-tax-term\">FGTS<\/span>","<span class=\"advgb-post-tax-term\">G1<\/span>","<span class=\"advgb-post-tax-term\">trabalhadores<\/span>"]},"tags":{"linked":["<a href=\"https:\/\/sindaopcpb.org.br\/trabalhadores\/\" class=\"advgb-post-tax-term\">g1<\/a>"],"unlinked":["<span class=\"advgb-post-tax-term\">g1<\/span>"]}},"comment_count":"0","relative_dates":{"created":"Publicado 3 anos atr\u00e1s","modified":"Atualizado 3 anos atr\u00e1s"},"absolute_dates":{"created":"Publicado em 25 de julho de 2023","modified":"Atualizado em 25 de julho de 2023"},"absolute_dates_time":{"created":"Publicado em 25 de julho de 2023 16:35","modified":"Atualizado em 25 de julho de 2023 16:35"},"featured_img_caption":"","series_order":"","_links":{"self":[{"href":"https:\/\/sindaopcpb.org.br\/index.php\/wp-json\/wp\/v2\/posts\/26974","targetHints":{"allow":["GET"]}}],"collection":[{"href":"https:\/\/sindaopcpb.org.br\/index.php\/wp-json\/wp\/v2\/posts"}],"about":[{"href":"https:\/\/sindaopcpb.org.br\/index.php\/wp-json\/wp\/v2\/types\/post"}],"author":[{"embeddable":true,"href":"https:\/\/sindaopcpb.org.br\/index.php\/wp-json\/wp\/v2\/users\/49"}],"replies":[{"embeddable":true,"href":"https:\/\/sindaopcpb.org.br\/index.php\/wp-json\/wp\/v2\/comments?post=26974"}],"version-history":[{"count":1,"href":"https:\/\/sindaopcpb.org.br\/index.php\/wp-json\/wp\/v2\/posts\/26974\/revisions"}],"predecessor-version":[{"id":26975,"href":"https:\/\/sindaopcpb.org.br\/index.php\/wp-json\/wp\/v2\/posts\/26974\/revisions\/26975"}],"wp:attachment":[{"href":"https:\/\/sindaopcpb.org.br\/index.php\/wp-json\/wp\/v2\/media?parent=26974"}],"wp:term":[{"taxonomy":"category","embeddable":true,"href":"https:\/\/sindaopcpb.org.br\/index.php\/wp-json\/wp\/v2\/categories?post=26974"},{"taxonomy":"post_tag","embeddable":true,"href":"https:\/\/sindaopcpb.org.br\/index.php\/wp-json\/wp\/v2\/tags?post=26974"}],"curies":[{"name":"wp","href":"https:\/\/api.w.org\/{rel}","templated":true}]}}