{"id":26970,"date":"2023-07-25T15:21:00","date_gmt":"2023-07-25T18:21:00","guid":{"rendered":"https:\/\/www.infomoney.com.br\/?p=2196180"},"modified":"2023-07-25T15:21:00","modified_gmt":"2023-07-25T18:21:00","slug":"appy-diz-que-imposto-seletivo-nao-tem-objetivo-de-arrecadar","status":"publish","type":"post","link":"https:\/\/sindaopcpb.org.br\/index.php\/2023\/07\/25\/appy-diz-que-imposto-seletivo-nao-tem-objetivo-de-arrecadar\/","title":{"rendered":"Appy diz que Imposto Seletivo n\u00e3o tem objetivo de arrecadar"},"content":{"rendered":"<p><img loading=\"lazy\" width=\"300\" height=\"200\" src=\"https:\/\/www.infomoney.com.br\/wp-content\/uploads\/2023\/07\/52603048138_2480dbfb82_c.jpg?fit=300%2C200&amp;quality=70&amp;strip=all\" class=\"attachment-medium size-medium wp-post-image\" alt=\"\" decoding=\"async\" style=\"float:right; margin:0 0 10px 10px;\" srcset=\"https:\/\/www.infomoney.com.br\/wp-content\/uploads\/2023\/07\/52603048138_2480dbfb82_c.jpg?w=799&amp;quality=70&amp;strip=all 799w, https:\/\/www.infomoney.com.br\/wp-content\/uploads\/2023\/07\/52603048138_2480dbfb82_c.jpg?w=300&amp;quality=70&amp;strip=all 300w, https:\/\/www.infomoney.com.br\/wp-content\/uploads\/2023\/07\/52603048138_2480dbfb82_c.jpg?w=768&amp;quality=70&amp;strip=all 768w, https:\/\/www.infomoney.com.br\/wp-content\/uploads\/2023\/07\/52603048138_2480dbfb82_c.jpg?w=150&amp;quality=70&amp;strip=all 150w\" sizes=\"auto, (max-width: 300px) 100vw, 300px\" data-attachment-id=\"2184932\" data-permalink=\"https:\/\/www.infomoney.com.br\/politica\/apesar-de-excecoes-reforma-tributaria-promove-avanco-cavalar-no-sistema-brasileiro-diz-appy\/attachment\/52603048138_2480dbfb82_c\/\" data-orig-file=\"https:\/\/www.infomoney.com.br\/wp-content\/uploads\/2023\/07\/52603048138_2480dbfb82_c.jpg?fit=799%2C533&amp;quality=70&amp;strip=all\" data-orig-size=\"799,533\" data-comments-opened=\"0\" data-image-meta=\"{&quot;aperture&quot;:&quot;0&quot;,&quot;credit&quot;:&quot;Washington Costa&quot;,&quot;camera&quot;:&quot;&quot;,&quot;caption&quot;:&quot;&quot;,&quot;created_timestamp&quot;:&quot;0&quot;,&quot;copyright&quot;:&quot;Ministerio da Economia&quot;,&quot;focal_length&quot;:&quot;0&quot;,&quot;iso&quot;:&quot;0&quot;,&quot;shutter_speed&quot;:&quot;0&quot;,&quot;title&quot;:&quot;&quot;,&quot;orientation&quot;:&quot;0&quot;}\" data-image-title=\"Bernard Appy\" data-image-description=\"\" data-image-caption=\"&lt;p&gt;O economista Bernard Appy, secret\u00e1rio extraordin\u00e1rio da reforma tribut\u00e1ria do Minist\u00e9rio da Fazenda (Foto: Washington Costa\/MF)&lt;\/p&gt;\n\" data-medium-file=\"https:\/\/www.infomoney.com.br\/wp-content\/uploads\/2023\/07\/52603048138_2480dbfb82_c.jpg?fit=300%2C200&amp;quality=70&amp;strip=all\" data-large-file=\"https:\/\/www.infomoney.com.br\/wp-content\/uploads\/2023\/07\/52603048138_2480dbfb82_c.jpg?fit=799%2C533&amp;quality=70&amp;strip=all\" title=\"\"><\/p>\n<p>Ap\u00f3s cr\u00edticas da oposi\u00e7\u00e3o ao Imposto Seletivo criado na reforma tribut\u00e1ria para tributar produtos que fazem mal \u00e0 sa\u00fade ou que sejam prejudiciais ao meio ambiente, o secret\u00e1rio extraordin\u00e1rio do Minist\u00e9rio da Fazenda para a reforma tribut\u00e1ria, Bernard Appy, garantiu que o instrumento n\u00e3o \u00e9 uma &#8220;porta aberta&#8221; para o governo ir atr\u00e1s de mais receitas.<\/p>\n<p>Ontem, o ex-presidente Jair Bolsonaro foi \u00e0s redes sociais argumentar que o Imposto Seletivo permitir\u00e1 ao governo &#8220;sobretaxar tudo aquilo que ele julgue ser prejudicial \u00e0 sa\u00fade ou ao planeta&#8221;. &#8220;Por exemplo, sobretaxar importantes insumos do setor agr\u00edcola deixando os alimentos mais caros. Ou aumentar o custo dos transportes, majorando o pre\u00e7o final dos combust\u00edveis&#8221;, completou.<\/p>\n<p>Em entrevista ao <i>Broadacast<\/i>(sistema de not\u00edcias em tempo real do Grupo Estado), Appy lembrou que a defini\u00e7\u00e3o dos bens que ser\u00e3o taxados pelo Imposto Seletivo caber\u00e1 ao Congresso Nacional, minimizando a chance de itens essenciais serem atingidos.<\/p>\n<p>&#8220;Imagina, n\u00e3o \u00e9 esse o objetivo. As pessoas falam que &#8216;Imposto Seletivo&#8217; \u00e9 uma reda\u00e7\u00e3o muito gen\u00e9rica, mas &#8216;Imposto sobre Produtos Industrializados&#8217; n\u00e3o \u00e9 gen\u00e9rico tamb\u00e9m? Quem vai votar a regulamenta\u00e7\u00e3o do Imposto Seletivo \u00e9 o Congresso, n\u00e3o tem chance de entrar nada que seja irracional&#8221;, rebateu.<\/p>\n<p>Appy argumentou ainda que 60% da receita do Imposto Seletivo pertencer\u00e3o aos Estados e munic\u00edpios. &#8220;N\u00e3o tem por que a Uni\u00e3o usar esse tributo para fins arrecadat\u00f3rios, n\u00e3o faz sentido. \u00c9 um tributo que ser\u00e1 utilizado com car\u00e1ter regulat\u00f3rio. As pessoas est\u00e3o achando que vamos usar para fins arrecadat\u00f3rios, mas n\u00e3o vamos&#8221;, enfatizou.<\/p>\n<p>A regulamenta\u00e7\u00e3o do Imposto Seletivo, por meio de uma lei complementar, deve ocorrer apenas em 2024. Segundo Appy, a Uni\u00e3o quer construir a proposta junto com os Estados e munic\u00edpios. &#8220;A Uni\u00e3o n\u00e3o quer fazer um projeto de lei complementar que seja s\u00f3 da Uni\u00e3o. Queremos que tamb\u00e9m seja dos entes, porque o tributo ser\u00e1 federal, estadual e municipal. \u00c9 importante que seja uma constru\u00e7\u00e3o coletiva&#8221;, concluiu.<\/p>\n<p>The post <a rel=\"nofollow noopener\" href=\"https:\/\/www.infomoney.com.br\/politica\/appy-diz-que-imposto-seletivo-nao-tem-objetivo-de-arrecadar\/\" target=\"_blank\">Appy diz que Imposto Seletivo n\u00e3o tem objetivo de arrecadar<\/a> appeared first on <a rel=\"nofollow noopener\" href=\"https:\/\/www.infomoney.com.br\/\" target=\"_blank\">InfoMoney<\/a>.<\/p>\n","protected":false},"excerpt":{"rendered":"<p><img loading=\"lazy\" decoding=\"async\" width=\"300\" height=\"200\" src=\"https:\/\/www.infomoney.com.br\/wp-content\/uploads\/2023\/07\/52603048138_2480dbfb82_c.jpg?fit=300%2C200&amp;quality=70&amp;strip=all\" class=\"attachment-medium size-medium wp-post-image\" alt=\"\" data-attachment-id=\"2184932\" data-permalink=\"https:\/\/www.infomoney.com.br\/politica\/apesar-de-excecoes-reforma-tributaria-promove-avanco-cavalar-no-sistema-brasileiro-diz-appy\/attachment\/52603048138_2480dbfb82_c\/\" data-orig-file=\"https:\/\/www.infomoney.com.br\/wp-content\/uploads\/2023\/07\/52603048138_2480dbfb82_c.jpg?fit=799%2C533&amp;quality=70&amp;strip=all\" data-orig-size=\"799,533\" data-comments-opened=\"0\" data-image-meta='{\"aperture\":\"0\",\"credit\":\"Washington Costa\",\"camera\":\"\",\"caption\":\"\",\"created_timestamp\":\"0\",\"copyright\":\"Ministerio da Economia\",\"focal_length\":\"0\",\"iso\":\"0\",\"shutter_speed\":\"0\",\"title\":\"\",\"orientation\":\"0\"}' data-image-title=\"Bernard Appy\" data-image-description=\"\" data-image-caption=\"&lt;p&gt;O economista Bernard Appy, secret\u00e1rio extraordin\u00e1rio da reforma tribut\u00e1ria do Minist\u00e9rio da Fazenda (Foto: Washington Costa\/MF)&lt;\/p&gt;\n\" data-medium-file=\"https:\/\/www.infomoney.com.br\/wp-content\/uploads\/2023\/07\/52603048138_2480dbfb82_c.jpg?fit=300%2C200&amp;quality=70&amp;strip=all\" data-large-file=\"https:\/\/www.infomoney.com.br\/wp-content\/uploads\/2023\/07\/52603048138_2480dbfb82_c.jpg?fit=799%2C533&amp;quality=70&amp;strip=all\">Regulamenta\u00e7\u00e3o deve ocorrer apenas em 2024; Uni\u00e3o quer construir a proposta junto com os Estados e munic\u00edpios<\/p>\n<p>The post <a rel=\"nofollow\" href=\"https:\/\/www.infomoney.com.br\/politica\/appy-diz-que-imposto-seletivo-nao-tem-objetivo-de-arrecadar\/\">Appy diz que Imposto Seletivo n\u00e3o tem objetivo de arrecadar<\/a> appeared first on <a rel=\"nofollow\" href=\"https:\/\/www.infomoney.com.br\/\">InfoMoney<\/a>.<\/p>\n","protected":false},"author":43,"featured_media":0,"comment_status":"closed","ping_status":"closed","sticky":false,"template":"","format":"standard","meta":{"advgb_blocks_editor_width":"","advgb_blocks_columns_visual_guide":"","footnotes":""},"categories":[550,359,4293,34,556,1611,47,191],"tags":[35],"class_list":["post-26970","post","type-post","status-publish","format-standard","hentry","category-bernard-appy","category-congresso-nacional","category-estados","category-g1","category-impostos","category-municipios","category-politica","category-reforma-tributaria","tag-g1"],"author_meta":{"display_name":"Estad\u00e3o Conte\u00fado","author_link":"https:\/\/sindaopcpb.org.br\/author\/estadao-conteudo\/"},"featured_img":null,"coauthors":[],"tax_additional":{"categories":{"linked":["<a href=\"https:\/\/sindaopcpb.org.br\/bernard-appy\/\" class=\"advgb-post-tax-term\">Bernard Appy<\/a>","<a href=\"https:\/\/sindaopcpb.org.br\/congresso-nacional\/\" class=\"advgb-post-tax-term\">Congresso Nacional<\/a>","<a href=\"https:\/\/sindaopcpb.org.br\/estados\/\" class=\"advgb-post-tax-term\">Estados<\/a>","<a href=\"https:\/\/sindaopcpb.org.br\/g1\/\" class=\"advgb-post-tax-term\">G1<\/a>","<a href=\"https:\/\/sindaopcpb.org.br\/impostos\/\" class=\"advgb-post-tax-term\">Impostos<\/a>","<a href=\"https:\/\/sindaopcpb.org.br\/municipios\/\" class=\"advgb-post-tax-term\">Munic\u00edpios<\/a>","<a href=\"https:\/\/sindaopcpb.org.br\/politica\/\" class=\"advgb-post-tax-term\">POLITICA<\/a>","<a href=\"https:\/\/sindaopcpb.org.br\/reforma-tributaria\/\" class=\"advgb-post-tax-term\">reforma tribut\u00e1ria<\/a>"],"unlinked":["<span class=\"advgb-post-tax-term\">Bernard Appy<\/span>","<span class=\"advgb-post-tax-term\">Congresso Nacional<\/span>","<span class=\"advgb-post-tax-term\">Estados<\/span>","<span class=\"advgb-post-tax-term\">G1<\/span>","<span class=\"advgb-post-tax-term\">Impostos<\/span>","<span class=\"advgb-post-tax-term\">Munic\u00edpios<\/span>","<span class=\"advgb-post-tax-term\">POLITICA<\/span>","<span class=\"advgb-post-tax-term\">reforma tribut\u00e1ria<\/span>"]},"tags":{"linked":["<a href=\"https:\/\/sindaopcpb.org.br\/reforma-tributaria\/\" class=\"advgb-post-tax-term\">g1<\/a>"],"unlinked":["<span class=\"advgb-post-tax-term\">g1<\/span>"]}},"comment_count":"0","relative_dates":{"created":"Publicado 3 anos atr\u00e1s","modified":"Atualizado 3 anos atr\u00e1s"},"absolute_dates":{"created":"Publicado em 25 de julho de 2023","modified":"Atualizado em 25 de julho de 2023"},"absolute_dates_time":{"created":"Publicado em 25 de julho de 2023 15:21","modified":"Atualizado em 25 de julho de 2023 15:21"},"featured_img_caption":"","series_order":"","_links":{"self":[{"href":"https:\/\/sindaopcpb.org.br\/index.php\/wp-json\/wp\/v2\/posts\/26970","targetHints":{"allow":["GET"]}}],"collection":[{"href":"https:\/\/sindaopcpb.org.br\/index.php\/wp-json\/wp\/v2\/posts"}],"about":[{"href":"https:\/\/sindaopcpb.org.br\/index.php\/wp-json\/wp\/v2\/types\/post"}],"author":[{"embeddable":true,"href":"https:\/\/sindaopcpb.org.br\/index.php\/wp-json\/wp\/v2\/users\/43"}],"replies":[{"embeddable":true,"href":"https:\/\/sindaopcpb.org.br\/index.php\/wp-json\/wp\/v2\/comments?post=26970"}],"version-history":[{"count":1,"href":"https:\/\/sindaopcpb.org.br\/index.php\/wp-json\/wp\/v2\/posts\/26970\/revisions"}],"predecessor-version":[{"id":26971,"href":"https:\/\/sindaopcpb.org.br\/index.php\/wp-json\/wp\/v2\/posts\/26970\/revisions\/26971"}],"wp:attachment":[{"href":"https:\/\/sindaopcpb.org.br\/index.php\/wp-json\/wp\/v2\/media?parent=26970"}],"wp:term":[{"taxonomy":"category","embeddable":true,"href":"https:\/\/sindaopcpb.org.br\/index.php\/wp-json\/wp\/v2\/categories?post=26970"},{"taxonomy":"post_tag","embeddable":true,"href":"https:\/\/sindaopcpb.org.br\/index.php\/wp-json\/wp\/v2\/tags?post=26970"}],"curies":[{"name":"wp","href":"https:\/\/api.w.org\/{rel}","templated":true}]}}