{"id":26946,"date":"2023-07-25T13:59:43","date_gmt":"2023-07-25T16:59:43","guid":{"rendered":"https:\/\/wpa.wscom.com.br\/?p=913914"},"modified":"2023-07-25T13:59:43","modified_gmt":"2023-07-25T16:59:43","slug":"luciano-cartaxo-e-indicado-pelo-diretorio-nacional-do-pt-para-conselho-curador-da-fundacao-perseu-abramo","status":"publish","type":"post","link":"https:\/\/sindaopcpb.org.br\/index.php\/2023\/07\/25\/luciano-cartaxo-e-indicado-pelo-diretorio-nacional-do-pt-para-conselho-curador-da-fundacao-perseu-abramo\/","title":{"rendered":"Luciano Cartaxo \u00e9 indicado pelo Diret\u00f3rio Nacional do PT para Conselho Curador da Funda\u00e7\u00e3o Perseu Abramo"},"content":{"rendered":"<p>No pr\u00f3ximo dia 4 de agosto o deputado estadual Luciano Cartaxo passa a integrar o Conselho Curador da Funda\u00e7\u00e3o Perseu Abramo (FPA), designado pelo Diret\u00f3rio Nacional do Partido dos Trabalhadores (PT). A institui\u00e7\u00e3o, que j\u00e1 contou com nomes como o da ex-presidente Dilma Rousseff e do ministro da Fazenda Fernando Haddad, \u00e9 respons\u00e1vel pelo desenvolvimento de atividades como as de reflex\u00e3o pol\u00edtica e ideol\u00f3gica, de promo\u00e7\u00e3o de debates, estudos e pesquisas, al\u00e9m da educa\u00e7\u00e3o pol\u00edtica dos filiados do PT e do povo trabalhador brasileiro.<\/p>\n<p>\u201c\u00c9 uma honra ter o nome indicado pelo Partido dos Trabalhadores para compor o Conselho Curador da Funda\u00e7\u00e3o Perseu Abramo, uma institui\u00e7\u00e3o hist\u00f3rica de muita credibilidade no partido e que, al\u00e9m de elaborar pol\u00edticas p\u00fablicas, tem um papel importante na forma\u00e7\u00e3o pol\u00edtica da milit\u00e2ncia e do Partido dos Trabalhadores. N\u00e3o deixa de ser um reconhecimento do trabalho que realizamos durante toda nossa trajet\u00f3ria pol\u00edtica. Ser\u00e1 um espa\u00e7o de amadurecimento pol\u00edtico e que sem d\u00favidas vai trazer novas propostas para a cidade de Jo\u00e3o Pessoa e para nossa Para\u00edba\u201d, destacou Cartaxo.<\/p>\n<p><strong>Sobre o Conselho Curador &#8211;<\/strong> A Funda\u00e7\u00e3o Perseu Abramo foi institu\u00edda pelo Partido dos Trabalhadores por decis\u00e3o do seu Diret\u00f3rio Nacional no dia 5 de maio de 1996. O Conselho Curador da FPA conta com 21 membros de todo o pa\u00eds e \u00e9 respons\u00e1vel pelas tarefas de fiscaliza\u00e7\u00e3o, aprova\u00e7\u00e3o das contas, or\u00e7amento e plano de trabalho anual, al\u00e9m da participa\u00e7\u00e3o de decis\u00f5es importantes relativas ao estatuto e patrim\u00f4nio da institui\u00e7\u00e3o.<\/p>\n<p>O post <a rel=\"nofollow noopener\" href=\"https:\/\/wscom.com.br\/luciano-cartaxo-e-indicado-pelo-diretorio-nacional-do-pt-para-conselho-curador-da-fundacao-perseu-abramo\/\" target=\"_blank\">Luciano Cartaxo \u00e9 indicado pelo Diret\u00f3rio Nacional do PT para Conselho Curador da Funda\u00e7\u00e3o Perseu Abramo<\/a> apareceu primeiro em <a rel=\"nofollow noopener\" href=\"https:\/\/wscom.com.br\/\" target=\"_blank\">WSCOM<\/a>.<\/p>\n","protected":false},"excerpt":{"rendered":"<p>No pr\u00f3ximo dia 4 de agosto o deputado estadual Luciano Cartaxo passa a integrar o Conselho Curador da Funda\u00e7\u00e3o Perseu Abramo (FPA), designado pelo Diret\u00f3rio Nacional do Partido dos Trabalhadores (PT). A institui\u00e7\u00e3o, que j\u00e1 contou com nomes como o da ex-presidente Dilma Rousseff e do ministro da Fazenda Fernando Haddad, \u00e9 respons\u00e1vel pelo desenvolvimento [\u2026]<\/p>\n<p>O post <a rel=\"nofollow\" href=\"https:\/\/wscom.com.br\/luciano-cartaxo-e-indicado-pelo-diretorio-nacional-do-pt-para-conselho-curador-da-fundacao-perseu-abramo\/\">Luciano Cartaxo \u00e9 indicado pelo Diret\u00f3rio Nacional do PT para Conselho Curador da Funda\u00e7\u00e3o Perseu Abramo<\/a> apareceu primeiro em <a rel=\"nofollow\" href=\"https:\/\/wscom.com.br\/\">WSCOM<\/a>.<\/p>\n","protected":false},"author":49,"featured_media":0,"comment_status":"closed","ping_status":"closed","sticky":false,"template":"","format":"standard","meta":{"advgb_blocks_editor_width":"","advgb_blocks_columns_visual_guide":"","footnotes":""},"categories":[3700,6914,6915,34,908,47],"tags":[35],"class_list":["post-26946","post","type-post","status-publish","format-standard","hentry","category-conselho-curador","category-diretorio-nacional-do-pt","category-fundacao-perseu-abramo","category-g1","category-luciano-cartaxo","category-politica","tag-g1"],"author_meta":{"display_name":"Cristiane Cavalcante","author_link":"https:\/\/sindaopcpb.org.br\/author\/cristiane-cavalcante\/"},"featured_img":null,"coauthors":[],"tax_additional":{"categories":{"linked":["<a href=\"https:\/\/sindaopcpb.org.br\/conselho-curador\/\" class=\"advgb-post-tax-term\">Conselho Curador<\/a>","<a href=\"https:\/\/sindaopcpb.org.br\/diretorio-nacional-do-pt\/\" class=\"advgb-post-tax-term\">Diret\u00f3rio Nacional do PT<\/a>","<a href=\"https:\/\/sindaopcpb.org.br\/fundacao-perseu-abramo\/\" class=\"advgb-post-tax-term\">Funda\u00e7\u00e3o Perseu Abramo<\/a>","<a href=\"https:\/\/sindaopcpb.org.br\/g1\/\" class=\"advgb-post-tax-term\">G1<\/a>","<a href=\"https:\/\/sindaopcpb.org.br\/luciano-cartaxo\/\" class=\"advgb-post-tax-term\">Luciano Cartaxo<\/a>","<a href=\"https:\/\/sindaopcpb.org.br\/politica\/\" class=\"advgb-post-tax-term\">POLITICA<\/a>"],"unlinked":["<span class=\"advgb-post-tax-term\">Conselho Curador<\/span>","<span class=\"advgb-post-tax-term\">Diret\u00f3rio Nacional do PT<\/span>","<span class=\"advgb-post-tax-term\">Funda\u00e7\u00e3o Perseu Abramo<\/span>","<span class=\"advgb-post-tax-term\">G1<\/span>","<span class=\"advgb-post-tax-term\">Luciano Cartaxo<\/span>","<span class=\"advgb-post-tax-term\">POLITICA<\/span>"]},"tags":{"linked":["<a href=\"https:\/\/sindaopcpb.org.br\/politica\/\" class=\"advgb-post-tax-term\">g1<\/a>"],"unlinked":["<span class=\"advgb-post-tax-term\">g1<\/span>"]}},"comment_count":"0","relative_dates":{"created":"Publicado 3 anos atr\u00e1s","modified":"Atualizado 3 anos atr\u00e1s"},"absolute_dates":{"created":"Publicado em 25 de julho de 2023","modified":"Atualizado em 25 de julho de 2023"},"absolute_dates_time":{"created":"Publicado em 25 de julho de 2023 13:59","modified":"Atualizado em 25 de julho de 2023 13:59"},"featured_img_caption":"","series_order":"","_links":{"self":[{"href":"https:\/\/sindaopcpb.org.br\/index.php\/wp-json\/wp\/v2\/posts\/26946","targetHints":{"allow":["GET"]}}],"collection":[{"href":"https:\/\/sindaopcpb.org.br\/index.php\/wp-json\/wp\/v2\/posts"}],"about":[{"href":"https:\/\/sindaopcpb.org.br\/index.php\/wp-json\/wp\/v2\/types\/post"}],"author":[{"embeddable":true,"href":"https:\/\/sindaopcpb.org.br\/index.php\/wp-json\/wp\/v2\/users\/49"}],"replies":[{"embeddable":true,"href":"https:\/\/sindaopcpb.org.br\/index.php\/wp-json\/wp\/v2\/comments?post=26946"}],"version-history":[{"count":1,"href":"https:\/\/sindaopcpb.org.br\/index.php\/wp-json\/wp\/v2\/posts\/26946\/revisions"}],"predecessor-version":[{"id":26947,"href":"https:\/\/sindaopcpb.org.br\/index.php\/wp-json\/wp\/v2\/posts\/26946\/revisions\/26947"}],"wp:attachment":[{"href":"https:\/\/sindaopcpb.org.br\/index.php\/wp-json\/wp\/v2\/media?parent=26946"}],"wp:term":[{"taxonomy":"category","embeddable":true,"href":"https:\/\/sindaopcpb.org.br\/index.php\/wp-json\/wp\/v2\/categories?post=26946"},{"taxonomy":"post_tag","embeddable":true,"href":"https:\/\/sindaopcpb.org.br\/index.php\/wp-json\/wp\/v2\/tags?post=26946"}],"curies":[{"name":"wp","href":"https:\/\/api.w.org\/{rel}","templated":true}]}}