{"id":26913,"date":"2023-07-25T11:35:48","date_gmt":"2023-07-25T14:35:48","guid":{"rendered":"https:\/\/wpa.wscom.com.br\/?p=913896"},"modified":"2023-07-25T11:35:48","modified_gmt":"2023-07-25T14:35:48","slug":"novos-valores-do-show-de-ney-matogrosso-comecam-a-valer-a-partir-desta-terca-em-joao-pessoa","status":"publish","type":"post","link":"https:\/\/sindaopcpb.org.br\/index.php\/2023\/07\/25\/novos-valores-do-show-de-ney-matogrosso-comecam-a-valer-a-partir-desta-terca-em-joao-pessoa\/","title":{"rendered":"Novos valores do show de Ney Matogrosso come\u00e7am a valer a partir desta ter\u00e7a em Jo\u00e3o Pessoa"},"content":{"rendered":"<p>Faltando menos de um m\u00eas para o show de *<strong>Ney Matogrosso*<\/strong>\u00a0em Jo\u00e3o Pessoa, que acontece no dia\u00a0<strong>24 de agosto<\/strong>, no\u00a0<strong>Teatro A Pedra do Reino<\/strong>, quase metade das entradas j\u00e1 foram vendidas. E nesta ter\u00e7a-feira (25), a produ\u00e7\u00e3o do evento divulgou a virada de pre\u00e7os dos ingressos, que agora variam entre R$143 e R$451, e est\u00e3o dispon\u00edveis nas lojas Skyler e no site do ingresso nacional (<a href=\"https:\/\/www.ingressonacional.com.br\/\" rel=\"noopener noreferrer nofollow\" data-saferedirecturl=\"https:\/\/www.google.com\/url?q=https:\/\/www.ingressonacional.com.br&amp;source=gmail&amp;ust=1690381494631000&amp;usg=AOvVaw2aw9fYck79OsclQCox0TmK\" target=\"_blank\">https:\/\/www.ingressonacional.<wbr \/>com.br<\/a>).<\/p>\n<p>Prestes a completar 82 anos, Ney Matogrosso reapresenta em Jo\u00e3o Pessoa a turn\u00ea<strong>\u00a0\u201cBloco na Rua\u201d<\/strong>, que j\u00e1 passou pela cidade em 2019. No palco, o cantor traz grandes can\u00e7\u00f5es como &#8220;Eu quero \u00e9 botar meu bloco na rua&#8221;, &#8220;Jardins da Babil\u00f4nia&#8221;, &#8220;Pav\u00e3o Mysteriozo&#8221;, &#8220;A ma\u00e7\u00e3&#8221;, &#8220;Sangue latino&#8221;, entre outros, que ganham uma leitura \u00fanica e exclusiva desse impressionante artista brasileiro.<\/p>\n<p>O post <a rel=\"nofollow noopener\" href=\"https:\/\/wscom.com.br\/novos-valores-do-show-de-ney-matogrosso-comecam-a-valer-a-partir-desta-terca-em-joao-pessoa\/\" target=\"_blank\">Novos valores do show de Ney Matogrosso come\u00e7am a valer a partir desta ter\u00e7a em Jo\u00e3o Pessoa<\/a> apareceu primeiro em <a rel=\"nofollow noopener\" href=\"https:\/\/wscom.com.br\/\" target=\"_blank\">WSCOM<\/a>.<\/p>\n","protected":false},"excerpt":{"rendered":"<p>Faltando menos de um m\u00eas para o show de *Ney Matogrosso*\u00a0em Jo\u00e3o Pessoa, que acontece no dia\u00a024 de agosto, no\u00a0Teatro A Pedra do Reino, quase metade das entradas j\u00e1 foram vendidas. E nesta ter\u00e7a-feira (25), a produ\u00e7\u00e3o do evento divulgou a virada de pre\u00e7os dos ingressos, que agora variam entre R$143 e R$451, e est\u00e3o [\u2026]<\/p>\n<p>O post <a rel=\"nofollow\" href=\"https:\/\/wscom.com.br\/novos-valores-do-show-de-ney-matogrosso-comecam-a-valer-a-partir-desta-terca-em-joao-pessoa\/\">Novos valores do show de Ney Matogrosso come\u00e7am a valer a partir desta ter\u00e7a em Jo\u00e3o Pessoa<\/a> apareceu primeiro em <a rel=\"nofollow\" href=\"https:\/\/wscom.com.br\/\">WSCOM<\/a>.<\/p>\n","protected":false},"author":50,"featured_media":0,"comment_status":"closed","ping_status":"closed","sticky":false,"template":"","format":"standard","meta":{"advgb_blocks_editor_width":"","advgb_blocks_columns_visual_guide":"","footnotes":""},"categories":[34,6678,302,6679],"tags":[35],"class_list":["post-26913","post","type-post","status-publish","format-standard","hentry","category-g1","category-matogrosso","category-musica","category-ney","tag-g1"],"author_meta":{"display_name":"Wallyson","author_link":"https:\/\/sindaopcpb.org.br\/author\/wallyson\/"},"featured_img":null,"coauthors":[],"tax_additional":{"categories":{"linked":["<a href=\"https:\/\/sindaopcpb.org.br\/g1\/\" class=\"advgb-post-tax-term\">G1<\/a>","<a href=\"https:\/\/sindaopcpb.org.br\/matogrosso\/\" class=\"advgb-post-tax-term\">matogrosso<\/a>","<a href=\"https:\/\/sindaopcpb.org.br\/musica\/\" class=\"advgb-post-tax-term\">M\u00fasica<\/a>","<a href=\"https:\/\/sindaopcpb.org.br\/ney\/\" class=\"advgb-post-tax-term\">ney<\/a>"],"unlinked":["<span class=\"advgb-post-tax-term\">G1<\/span>","<span class=\"advgb-post-tax-term\">matogrosso<\/span>","<span class=\"advgb-post-tax-term\">M\u00fasica<\/span>","<span class=\"advgb-post-tax-term\">ney<\/span>"]},"tags":{"linked":["<a href=\"https:\/\/sindaopcpb.org.br\/ney\/\" class=\"advgb-post-tax-term\">g1<\/a>"],"unlinked":["<span class=\"advgb-post-tax-term\">g1<\/span>"]}},"comment_count":"0","relative_dates":{"created":"Publicado 3 anos atr\u00e1s","modified":"Atualizado 3 anos atr\u00e1s"},"absolute_dates":{"created":"Publicado em 25 de julho de 2023","modified":"Atualizado em 25 de julho de 2023"},"absolute_dates_time":{"created":"Publicado em 25 de julho de 2023 11:35","modified":"Atualizado em 25 de julho de 2023 11:35"},"featured_img_caption":"","series_order":"","_links":{"self":[{"href":"https:\/\/sindaopcpb.org.br\/index.php\/wp-json\/wp\/v2\/posts\/26913","targetHints":{"allow":["GET"]}}],"collection":[{"href":"https:\/\/sindaopcpb.org.br\/index.php\/wp-json\/wp\/v2\/posts"}],"about":[{"href":"https:\/\/sindaopcpb.org.br\/index.php\/wp-json\/wp\/v2\/types\/post"}],"author":[{"embeddable":true,"href":"https:\/\/sindaopcpb.org.br\/index.php\/wp-json\/wp\/v2\/users\/50"}],"replies":[{"embeddable":true,"href":"https:\/\/sindaopcpb.org.br\/index.php\/wp-json\/wp\/v2\/comments?post=26913"}],"version-history":[{"count":1,"href":"https:\/\/sindaopcpb.org.br\/index.php\/wp-json\/wp\/v2\/posts\/26913\/revisions"}],"predecessor-version":[{"id":26914,"href":"https:\/\/sindaopcpb.org.br\/index.php\/wp-json\/wp\/v2\/posts\/26913\/revisions\/26914"}],"wp:attachment":[{"href":"https:\/\/sindaopcpb.org.br\/index.php\/wp-json\/wp\/v2\/media?parent=26913"}],"wp:term":[{"taxonomy":"category","embeddable":true,"href":"https:\/\/sindaopcpb.org.br\/index.php\/wp-json\/wp\/v2\/categories?post=26913"},{"taxonomy":"post_tag","embeddable":true,"href":"https:\/\/sindaopcpb.org.br\/index.php\/wp-json\/wp\/v2\/tags?post=26913"}],"curies":[{"name":"wp","href":"https:\/\/api.w.org\/{rel}","templated":true}]}}