{"id":26893,"date":"2023-07-25T09:18:32","date_gmt":"2023-07-25T12:18:32","guid":{"rendered":"https:\/\/wpa.wscom.com.br\/?p=913872"},"modified":"2023-07-25T09:18:32","modified_gmt":"2023-07-25T12:18:32","slug":"nx-zero-apresenta-tour-cedo-ou-tarde-em-joao-pessoa","status":"publish","type":"post","link":"https:\/\/sindaopcpb.org.br\/index.php\/2023\/07\/25\/nx-zero-apresenta-tour-cedo-ou-tarde-em-joao-pessoa\/","title":{"rendered":"NX Zero apresenta Tour \u2018Cedo Ou Tarde\u2019 em Jo\u00e3o Pessoa"},"content":{"rendered":"<p>No s\u00e1bado, 05 de agosto, o NX Zero desembarca com a Tour Cedo ou Tarde em Joao Pessoa (PB), para apresenta\u00e7\u00e3o no Domus Hall. Os ingressos est\u00e3o dispon\u00edveis\u00a0<a href=\"https:\/\/www.eventim.com.br\/event\/nxzero-domus-hall-16586183\/\" rel=\"noopener nofollow\" data-saferedirecturl=\"https:\/\/www.google.com\/url?q=https:\/\/www.eventim.com.br\/event\/nxzero-domus-hall-16586183\/&amp;source=gmail&amp;ust=1690373402563000&amp;usg=AOvVaw3vKRSgiHJmCT7NMhic9aoL\" target=\"_blank\">aqui<\/a>.<\/p>\n<p>Di Ferrero, Gee Rocha, Filipe, Conrado Grandino e Daniel Weksler apresentar\u00e3o um setlist especial (e com surpresas para cada apresenta\u00e7\u00e3o).<\/p>\n<p>A Tour Cedo ou Tarde segue viajando o Brasil em 2023 e encerra no dia 16 de dezembro no gramado do Allianz, que teve seus ingressos esgotados em poucas horas, e ser\u00e1 uma grande celebra\u00e7\u00e3o com surpresas e atra\u00e7\u00f5es que ser\u00e3o anunciadas em breve.<\/p>\n<p>O projeto \u00e9 uma realiza\u00e7\u00e3o da 30e e Bonus Track, em parceria com a Ag\u00eancia de M\u00fasica, respons\u00e1vel pelo empresariamento do NX Zero. A turn\u00ea Cedo ou Tarde mira em refer\u00eancias de shows internacionais que exploram a intera\u00e7\u00e3o com p\u00fablico e a criatividade no uso de LED, conte\u00fado e tecnologia, interagindo com a identidade e conte\u00fado visual do projeto criado pela ag\u00eancia B+Ca.<\/p>\n<p><strong><u>SERVI\u00c7O:<br \/>\n<\/u><\/strong><br \/>\nS\u00e1bado &#8211; 05\/08\/2023<br \/>\n20h<br \/>\nDomus Hall | Av. Gov. Fl\u00e1vio Ribeiro Coutinho &#8211; Lot. Oceania II, 58037-000 JO\u00c3O PESSOA<br \/>\nIngressos:\u00a0<a href=\"https:\/\/www.eventim.com.br\/event\/nxzero-domus-hall-16586183\/\" rel=\"noopener nofollow\" data-saferedirecturl=\"https:\/\/www.google.com\/url?q=https:\/\/www.eventim.com.br\/event\/nxzero-domus-hall-16586183\/&amp;source=gmail&amp;ust=1690373402563000&amp;usg=AOvVaw3vKRSgiHJmCT7NMhic9aoL\" target=\"_blank\">https:\/\/www.eventim.com.br\/<wbr \/>event\/nxzero-domus-hall-<wbr \/>16586183\/<\/a><\/p>\n<p>O post <a rel=\"nofollow noopener\" href=\"https:\/\/wscom.com.br\/nx-zero-apresenta-tour-cedo-ou-tarde-em-joao-pessoa\/\" target=\"_blank\">NX Zero apresenta Tour &#8216;Cedo Ou Tarde&#8217; em Jo\u00e3o Pessoa<\/a> apareceu primeiro em <a rel=\"nofollow noopener\" href=\"https:\/\/wscom.com.br\/\" target=\"_blank\">WSCOM<\/a>.<\/p>\n","protected":false},"excerpt":{"rendered":"<p>No s\u00e1bado, 05 de agosto, o NX Zero desembarca com a Tour Cedo ou Tarde em Joao Pessoa (PB), para apresenta\u00e7\u00e3o no Domus Hall. Os ingressos est\u00e3o dispon\u00edveis\u00a0aqui. Di Ferrero, Gee Rocha, Filipe, Conrado Grandino e Daniel Weksler apresentar\u00e3o um setlist especial (e com surpresas para cada apresenta\u00e7\u00e3o). A Tour Cedo ou Tarde segue viajando [\u2026]<\/p>\n<p>O post <a rel=\"nofollow\" href=\"https:\/\/wscom.com.br\/nx-zero-apresenta-tour-cedo-ou-tarde-em-joao-pessoa\/\">NX Zero apresenta Tour \u2018Cedo Ou Tarde\u2019 em Jo\u00e3o Pessoa<\/a> apareceu primeiro em <a rel=\"nofollow\" href=\"https:\/\/wscom.com.br\/\">WSCOM<\/a>.<\/p>\n","protected":false},"author":50,"featured_media":0,"comment_status":"closed","ping_status":"closed","sticky":false,"template":"","format":"standard","meta":{"advgb_blocks_editor_width":"","advgb_blocks_columns_visual_guide":"","footnotes":""},"categories":[267,34,6893,6894,6895],"tags":[35],"class_list":["post-26893","post","type-post","status-publish","format-standard","hentry","category-entretenimento","category-g1","category-nx-zero","category-tarde","category-tour-cedo","tag-g1"],"author_meta":{"display_name":"Wallyson","author_link":"https:\/\/sindaopcpb.org.br\/author\/wallyson\/"},"featured_img":null,"coauthors":[],"tax_additional":{"categories":{"linked":["<a href=\"https:\/\/sindaopcpb.org.br\/entretenimento\/\" class=\"advgb-post-tax-term\">Entretenimento<\/a>","<a href=\"https:\/\/sindaopcpb.org.br\/g1\/\" class=\"advgb-post-tax-term\">G1<\/a>","<a href=\"https:\/\/sindaopcpb.org.br\/nx-zero\/\" class=\"advgb-post-tax-term\">nx zero<\/a>","<a href=\"https:\/\/sindaopcpb.org.br\/tarde\/\" class=\"advgb-post-tax-term\">TARDE<\/a>","<a href=\"https:\/\/sindaopcpb.org.br\/tour-cedo\/\" class=\"advgb-post-tax-term\">tour cedo<\/a>"],"unlinked":["<span class=\"advgb-post-tax-term\">Entretenimento<\/span>","<span class=\"advgb-post-tax-term\">G1<\/span>","<span class=\"advgb-post-tax-term\">nx zero<\/span>","<span class=\"advgb-post-tax-term\">TARDE<\/span>","<span class=\"advgb-post-tax-term\">tour cedo<\/span>"]},"tags":{"linked":["<a href=\"https:\/\/sindaopcpb.org.br\/tour-cedo\/\" class=\"advgb-post-tax-term\">g1<\/a>"],"unlinked":["<span class=\"advgb-post-tax-term\">g1<\/span>"]}},"comment_count":"0","relative_dates":{"created":"Publicado 3 anos atr\u00e1s","modified":"Atualizado 3 anos atr\u00e1s"},"absolute_dates":{"created":"Publicado em 25 de julho de 2023","modified":"Atualizado em 25 de julho de 2023"},"absolute_dates_time":{"created":"Publicado em 25 de julho de 2023 09:18","modified":"Atualizado em 25 de julho de 2023 09:18"},"featured_img_caption":"","series_order":"","_links":{"self":[{"href":"https:\/\/sindaopcpb.org.br\/index.php\/wp-json\/wp\/v2\/posts\/26893","targetHints":{"allow":["GET"]}}],"collection":[{"href":"https:\/\/sindaopcpb.org.br\/index.php\/wp-json\/wp\/v2\/posts"}],"about":[{"href":"https:\/\/sindaopcpb.org.br\/index.php\/wp-json\/wp\/v2\/types\/post"}],"author":[{"embeddable":true,"href":"https:\/\/sindaopcpb.org.br\/index.php\/wp-json\/wp\/v2\/users\/50"}],"replies":[{"embeddable":true,"href":"https:\/\/sindaopcpb.org.br\/index.php\/wp-json\/wp\/v2\/comments?post=26893"}],"version-history":[{"count":1,"href":"https:\/\/sindaopcpb.org.br\/index.php\/wp-json\/wp\/v2\/posts\/26893\/revisions"}],"predecessor-version":[{"id":26894,"href":"https:\/\/sindaopcpb.org.br\/index.php\/wp-json\/wp\/v2\/posts\/26893\/revisions\/26894"}],"wp:attachment":[{"href":"https:\/\/sindaopcpb.org.br\/index.php\/wp-json\/wp\/v2\/media?parent=26893"}],"wp:term":[{"taxonomy":"category","embeddable":true,"href":"https:\/\/sindaopcpb.org.br\/index.php\/wp-json\/wp\/v2\/categories?post=26893"},{"taxonomy":"post_tag","embeddable":true,"href":"https:\/\/sindaopcpb.org.br\/index.php\/wp-json\/wp\/v2\/tags?post=26893"}],"curies":[{"name":"wp","href":"https:\/\/api.w.org\/{rel}","templated":true}]}}