{"id":26875,"date":"2023-07-25T09:32:00","date_gmt":"2023-07-25T12:32:00","guid":{"rendered":"https:\/\/www.infomoney.com.br\/?p=2195319"},"modified":"2023-07-25T09:32:00","modified_gmt":"2023-07-25T12:32:00","slug":"mercadante-fundo-clima-tera-r-620-milhoes-em-recursos-extras-no-2o-semestre","status":"publish","type":"post","link":"https:\/\/sindaopcpb.org.br\/index.php\/2023\/07\/25\/mercadante-fundo-clima-tera-r-620-milhoes-em-recursos-extras-no-2o-semestre\/","title":{"rendered":"Mercadante: fundo clima ter\u00e1 R$ 620 milh\u00f5es em recursos extras no 2\u00ba semestre"},"content":{"rendered":"<p><img loading=\"lazy\" width=\"300\" height=\"225\" src=\"https:\/\/www.infomoney.com.br\/wp-content\/uploads\/2023\/02\/Mercadante_BNDES.jpg?fit=300%2C225&amp;quality=70&amp;strip=all\" class=\"attachment-medium size-medium wp-post-image\" alt=\"\" decoding=\"async\" style=\"float:right; margin:0 0 10px 10px;\" srcset=\"https:\/\/www.infomoney.com.br\/wp-content\/uploads\/2023\/02\/Mercadante_BNDES.jpg?w=1024&amp;quality=70&amp;strip=all 1024w, https:\/\/www.infomoney.com.br\/wp-content\/uploads\/2023\/02\/Mercadante_BNDES.jpg?w=300&amp;quality=70&amp;strip=all 300w, https:\/\/www.infomoney.com.br\/wp-content\/uploads\/2023\/02\/Mercadante_BNDES.jpg?w=768&amp;quality=70&amp;strip=all 768w, https:\/\/www.infomoney.com.br\/wp-content\/uploads\/2023\/02\/Mercadante_BNDES.jpg?w=150&amp;quality=70&amp;strip=all 150w\" sizes=\"auto, (max-width: 300px) 100vw, 300px\" data-attachment-id=\"2050500\" data-permalink=\"https:\/\/www.infomoney.com.br\/politica\/ao-assumir-bndes-mercadante-nega-retorno-ao-passado-e-defende-mudancas-na-tlp\/attachment\/mercadante_bndes\/\" data-orig-file=\"https:\/\/www.infomoney.com.br\/wp-content\/uploads\/2023\/02\/Mercadante_BNDES.jpg?fit=1024%2C768&amp;quality=70&amp;strip=all\" data-orig-size=\"1024,768\" data-comments-opened=\"0\" data-image-meta=\"{&quot;aperture&quot;:&quot;3.2&quot;,&quot;credit&quot;:&quot;Valter Campanatoz\\\/Ag\\u00eancia Brasil&quot;,&quot;camera&quot;:&quot;Canon EOS-1D X&quot;,&quot;caption&quot;:&quot;O coordenador dos Grupos T\\u00e9cnicos, Aloizio Mercadante, participa do evento de encerramento dos trabalhos dos grupos t\\u00e9cnicos do Gabinete de Transi\\u00e7\\u00e3o&quot;,&quot;created_timestamp&quot;:&quot;1670944820&quot;,&quot;copyright&quot;:&quot;Ag\\u00eancia Brasil\\\/EBC&quot;,&quot;focal_length&quot;:&quot;200&quot;,&quot;iso&quot;:&quot;1600&quot;,&quot;shutter_speed&quot;:&quot;0.0125&quot;,&quot;title&quot;:&quot;&quot;,&quot;orientation&quot;:&quot;1&quot;}\" data-image-title=\"Aloizio Mercadante\" data-image-description=\"\" data-image-caption=\"&lt;p&gt;O presidente do Banco Nacional de Desenvolvimento Econ\u00f4mico e Social (BNDES), Aloizio Mercadante (Foto: Valter Campanato\/Ag\u00eancia Brasil)&lt;\/p&gt;\n\" data-medium-file=\"https:\/\/www.infomoney.com.br\/wp-content\/uploads\/2023\/02\/Mercadante_BNDES.jpg?fit=300%2C225&amp;quality=70&amp;strip=all\" data-large-file=\"https:\/\/www.infomoney.com.br\/wp-content\/uploads\/2023\/02\/Mercadante_BNDES.jpg?fit=1024%2C768&amp;quality=70&amp;strip=all\" title=\"\"><\/p>\n<p>O presidente do Banco Nacional de Desenvolvimento Econ\u00f4mico e Social (BNDES), Aloizio Mercadante, afirmou que o Fundo Clima, administrado pelo BNDES, ter\u00e1 um acr\u00e9scimo de R$ 620 milh\u00f5es no segundo semestre. Ap\u00f3s reuni\u00e3o com o ministro da Fazenda, Fernando Haddad, Mercadante classificou o fundo como um dos principais instrumentos que o governo ter\u00e1 \u00e0 disposi\u00e7\u00e3o para financiar as a\u00e7\u00f5es de transforma\u00e7\u00e3o ecol\u00f3gica, cujo programa vem sendo gestado pelo Minist\u00e9rio da Fazenda.<\/p>\n<p>&#8220;\u00c9 um fundo com imenso potencial para captar recursos no exterior que possam alavancar capacidade de financiamento de investimento no desenvolvimento, especialmente no programa de transforma\u00e7\u00e3o ecol\u00f3gica que a Fazenda coordena, e que estamos trabalhando junto, para projetos de \u00f4nibus el\u00e9trico, hidrog\u00eanio verde, energias e\u00f3lica, solar, etanol. E esse fundo vai abrir novo horizonte para transforma\u00e7\u00e3o ambiental&#8221;, disse o presidente do BNDES. Segundo ele, hoje o fundo tem cerca de R$ 7 bilh\u00f5es em ativos.<\/p>\n<p>&#8220;Al\u00e9m daquilo que j\u00e1 est\u00e1 l\u00e1, \u00e9 o que podemos captar externamente, emitindo bonds verdes no mercado internacional e trazendo esse recurso para financiar a transi\u00e7\u00e3o ecol\u00f3gica&#8221;, afirmou.<\/p>\n<p>Mercadante apontou que o Pa\u00eds vem indicando forte necessidade de financiamento para investimentos, e que mesmo o aumento de opera\u00e7\u00f5es pelo BNDES neste ano n\u00e3o d\u00e1 conta da demanda. Por isso, destacou a necessidade de novos instrumentos para financiar os setores, como da ind\u00fastria.<\/p>\n<p>&#8220;Tem press\u00e3o forte por investimentos, h\u00e1 uma grande motiva\u00e7\u00e3o para investimento nesse novo ambiente, h\u00e1 expectativa de queda da taxa de juros e de novos instrumentos de financiamentos que acelerem investimentos. J\u00e1 financiamos mais exporta\u00e7\u00f5es nesse semestre do que todo ano passado. Aumentamos 56% financiamento a micro, pequena e m\u00e9dia empresa. H\u00e1 um esfor\u00e7o grande do BNDES, precisamos de novos instrumentos&#8221;, disse Mercadante, citando a nova pol\u00edtica industrial, o novo PAC e o programa de transforma\u00e7\u00e3o ecol\u00f3gica como os tr\u00eas pilares da nova perspectiva de investimentos no Brasil.<\/p>\n<p>&#8220;E vamos ter a TR num futuro pr\u00f3ximo no BNDES, taxa de at\u00e9 2% ao ano, para estimular inova\u00e7\u00e3o e digitaliza\u00e7\u00e3o, e isso deve contribuir para acelerar os investimentos na ind\u00fastria&#8221;, observou.<\/p>\n<p>Mercadante disse ainda que mostrou a Haddad a carteira de projetos do banco, classificada como &#8220;muito forte&#8221;. &#8220;Trouxemos um pouco a nossa carteira de projetos, que est\u00e1 muito forte, tivemos crescimento de 207% em novos projetos que deram ingresso no BNDES. E nesse ano a perspectiva \u00e9 financiar R$ 50 bilh\u00f5es, dobro do ano passado&#8221;, afirmou o presidente do BNDES, segundo quem o banco est\u00e1 confiante na nova agenda econ\u00f4mica.<\/p>\n<p>The post <a rel=\"nofollow noopener\" href=\"https:\/\/www.infomoney.com.br\/politica\/mercadante-fundo-clima-tera-r-620-milhoes-em-recursos-extras-no-2o-semestre\/\" target=\"_blank\">Mercadante: fundo clima ter\u00e1 R$ 620 milh\u00f5es em recursos extras no 2\u00ba semestre<\/a> appeared first on <a rel=\"nofollow noopener\" href=\"https:\/\/www.infomoney.com.br\/\" target=\"_blank\">InfoMoney<\/a>.<\/p>\n","protected":false},"excerpt":{"rendered":"<p><img loading=\"lazy\" decoding=\"async\" width=\"300\" height=\"225\" src=\"https:\/\/www.infomoney.com.br\/wp-content\/uploads\/2023\/02\/Mercadante_BNDES.jpg?fit=300%2C225&amp;quality=70&amp;strip=all\" class=\"attachment-medium size-medium wp-post-image\" alt=\"\" data-attachment-id=\"2050500\" data-permalink=\"https:\/\/www.infomoney.com.br\/politica\/ao-assumir-bndes-mercadante-nega-retorno-ao-passado-e-defende-mudancas-na-tlp\/attachment\/mercadante_bndes\/\" data-orig-file=\"https:\/\/www.infomoney.com.br\/wp-content\/uploads\/2023\/02\/Mercadante_BNDES.jpg?fit=1024%2C768&amp;quality=70&amp;strip=all\" data-orig-size=\"1024,768\" data-comments-opened=\"0\" data-image-meta='{\"aperture\":\"3.2\",\"credit\":\"Valter Campanatoz\\\/Ag\\u00eancia Brasil\",\"camera\":\"Canon EOS-1D X\",\"caption\":\"O coordenador dos Grupos T\\u00e9cnicos, Aloizio Mercadante, participa do evento de encerramento dos trabalhos dos grupos t\\u00e9cnicos do Gabinete de Transi\\u00e7\\u00e3o\",\"created_timestamp\":\"1670944820\",\"copyright\":\"Ag\\u00eancia Brasil\\\/EBC\",\"focal_length\":\"200\",\"iso\":\"1600\",\"shutter_speed\":\"0.0125\",\"title\":\"\",\"orientation\":\"1\"}' data-image-title=\"Aloizio Mercadante\" data-image-description=\"\" data-image-caption=\"&lt;p&gt;O presidente do Banco Nacional de Desenvolvimento Econ\u00f4mico e Social (BNDES), Aloizio Mercadante (Foto: Valter Campanato\/Ag\u00eancia Brasil)&lt;\/p&gt;\n\" data-medium-file=\"https:\/\/www.infomoney.com.br\/wp-content\/uploads\/2023\/02\/Mercadante_BNDES.jpg?fit=300%2C225&amp;quality=70&amp;strip=all\" data-large-file=\"https:\/\/www.infomoney.com.br\/wp-content\/uploads\/2023\/02\/Mercadante_BNDES.jpg?fit=1024%2C768&amp;quality=70&amp;strip=all\">Objetivo \u00e9 financiar as a\u00e7\u00f5es de transforma\u00e7\u00e3o ecol\u00f3gica, cujo programa vem sendo gestado pelo Minist\u00e9rio da Fazenda<\/p>\n<p>The post <a rel=\"nofollow\" href=\"https:\/\/www.infomoney.com.br\/politica\/mercadante-fundo-clima-tera-r-620-milhoes-em-recursos-extras-no-2o-semestre\/\">Mercadante: fundo clima ter\u00e1 R$ 620 milh\u00f5es em recursos extras no 2\u00ba semestre<\/a> appeared first on <a rel=\"nofollow\" href=\"https:\/\/www.infomoney.com.br\/\">InfoMoney<\/a>.<\/p>\n","protected":false},"author":43,"featured_media":0,"comment_status":"closed","ping_status":"closed","sticky":false,"template":"","format":"standard","meta":{"advgb_blocks_editor_width":"","advgb_blocks_columns_visual_guide":"","footnotes":""},"categories":[850,1075,139,34,950,47],"tags":[35],"class_list":["post-26875","post","type-post","status-publish","format-standard","hentry","category-aloizio-mercadante","category-bancos-publicos","category-bndes","category-g1","category-meio-ambiente","category-politica","tag-g1"],"author_meta":{"display_name":"Estad\u00e3o Conte\u00fado","author_link":"https:\/\/sindaopcpb.org.br\/author\/estadao-conteudo\/"},"featured_img":null,"coauthors":[],"tax_additional":{"categories":{"linked":["<a href=\"https:\/\/sindaopcpb.org.br\/aloizio-mercadante\/\" class=\"advgb-post-tax-term\">Aloizio Mercadante<\/a>","<a href=\"https:\/\/sindaopcpb.org.br\/bancos-publicos\/\" class=\"advgb-post-tax-term\">Bancos p\u00fablicos<\/a>","<a href=\"https:\/\/sindaopcpb.org.br\/bndes\/\" class=\"advgb-post-tax-term\">BNDES<\/a>","<a href=\"https:\/\/sindaopcpb.org.br\/g1\/\" class=\"advgb-post-tax-term\">G1<\/a>","<a href=\"https:\/\/sindaopcpb.org.br\/meio-ambiente\/\" class=\"advgb-post-tax-term\">Meio Ambiente<\/a>","<a href=\"https:\/\/sindaopcpb.org.br\/politica\/\" class=\"advgb-post-tax-term\">POLITICA<\/a>"],"unlinked":["<span class=\"advgb-post-tax-term\">Aloizio Mercadante<\/span>","<span class=\"advgb-post-tax-term\">Bancos p\u00fablicos<\/span>","<span class=\"advgb-post-tax-term\">BNDES<\/span>","<span class=\"advgb-post-tax-term\">G1<\/span>","<span class=\"advgb-post-tax-term\">Meio Ambiente<\/span>","<span class=\"advgb-post-tax-term\">POLITICA<\/span>"]},"tags":{"linked":["<a href=\"https:\/\/sindaopcpb.org.br\/politica\/\" class=\"advgb-post-tax-term\">g1<\/a>"],"unlinked":["<span class=\"advgb-post-tax-term\">g1<\/span>"]}},"comment_count":"0","relative_dates":{"created":"Publicado 3 anos atr\u00e1s","modified":"Atualizado 3 anos atr\u00e1s"},"absolute_dates":{"created":"Publicado em 25 de julho de 2023","modified":"Atualizado em 25 de julho de 2023"},"absolute_dates_time":{"created":"Publicado em 25 de julho de 2023 09:32","modified":"Atualizado em 25 de julho de 2023 09:32"},"featured_img_caption":"","series_order":"","_links":{"self":[{"href":"https:\/\/sindaopcpb.org.br\/index.php\/wp-json\/wp\/v2\/posts\/26875","targetHints":{"allow":["GET"]}}],"collection":[{"href":"https:\/\/sindaopcpb.org.br\/index.php\/wp-json\/wp\/v2\/posts"}],"about":[{"href":"https:\/\/sindaopcpb.org.br\/index.php\/wp-json\/wp\/v2\/types\/post"}],"author":[{"embeddable":true,"href":"https:\/\/sindaopcpb.org.br\/index.php\/wp-json\/wp\/v2\/users\/43"}],"replies":[{"embeddable":true,"href":"https:\/\/sindaopcpb.org.br\/index.php\/wp-json\/wp\/v2\/comments?post=26875"}],"version-history":[{"count":1,"href":"https:\/\/sindaopcpb.org.br\/index.php\/wp-json\/wp\/v2\/posts\/26875\/revisions"}],"predecessor-version":[{"id":26876,"href":"https:\/\/sindaopcpb.org.br\/index.php\/wp-json\/wp\/v2\/posts\/26875\/revisions\/26876"}],"wp:attachment":[{"href":"https:\/\/sindaopcpb.org.br\/index.php\/wp-json\/wp\/v2\/media?parent=26875"}],"wp:term":[{"taxonomy":"category","embeddable":true,"href":"https:\/\/sindaopcpb.org.br\/index.php\/wp-json\/wp\/v2\/categories?post=26875"},{"taxonomy":"post_tag","embeddable":true,"href":"https:\/\/sindaopcpb.org.br\/index.php\/wp-json\/wp\/v2\/tags?post=26875"}],"curies":[{"name":"wp","href":"https:\/\/api.w.org\/{rel}","templated":true}]}}