{"id":26856,"date":"2023-07-25T09:04:59","date_gmt":"2023-07-25T12:04:59","guid":{"rendered":"https:\/\/wpa.wscom.com.br\/?p=913866"},"modified":"2023-07-25T09:04:59","modified_gmt":"2023-07-25T12:04:59","slug":"terminam-hoje-inscricoes-para-concurso-publico-para-niveis-superior-e-medio-em-santa-rita","status":"publish","type":"post","link":"https:\/\/sindaopcpb.org.br\/index.php\/2023\/07\/25\/terminam-hoje-inscricoes-para-concurso-publico-para-niveis-superior-e-medio-em-santa-rita\/","title":{"rendered":"Terminam hoje inscri\u00e7\u00f5es para concurso p\u00fablico para n\u00edveis superior e m\u00e9dio em Santa Rita"},"content":{"rendered":"<p>Termina hoje as inscri\u00e7\u00f5es para o <span class=\"il\">concurso<\/span> p\u00fablico para preenchimento de 235 vagas em v\u00e1rios setores da administra\u00e7\u00e3o p\u00fablica de Santa Rita, na Grande Jo\u00e3o Pessoa.<\/p>\n<div><a href=\"http:\/\/www.eplconcursos.com.br\/\" rel=\"noopener nofollow\" target=\"_blank\"><strong>Se inscreva aqui.<\/strong><\/a><\/div>\n<div><\/div>\n<div>\n<p>O\u00a0<span class=\"il\">concurso<\/span>\u00a0selecionar\u00e1 profissionais de n\u00edvel superior e m\u00e9dio, que ser\u00e3o alocados nas secretarias de Sa\u00fade, Infraestrutura, Meio Ambiente, Assist\u00eancia Social, Semob e Controladoria Geral.<\/p>\n<p>S\u00e3o 178 vagas para contrata\u00e7\u00e3o imediata e 57 para cadastro de reserva.<br \/>\nAs inscri\u00e7\u00f5es t\u00eam taxa de R$ 18,75.<\/p>\n<p>De acordo com o edital, as provas ser\u00e3o aplicadas dia 3 de setembro e o resultado est\u00e1 previsto para ser divulgado no dia 9 de novembro.<\/p>\n<\/div>\n<p>O post <a rel=\"nofollow noopener\" href=\"https:\/\/wscom.com.br\/terminam-hoje-inscricoes-para-concurso-publico-para-niveis-superior-e-medio-de-santa-rita\/\" target=\"_blank\">Terminam hoje inscri\u00e7\u00f5es para concurso p\u00fablico para n\u00edveis superior e m\u00e9dio em Santa Rita<\/a> apareceu primeiro em <a rel=\"nofollow noopener\" href=\"https:\/\/wscom.com.br\/\" target=\"_blank\">WSCOM<\/a>.<\/p>\n","protected":false},"excerpt":{"rendered":"<p>Termina hoje as inscri\u00e7\u00f5es para o concurso p\u00fablico para preenchimento de 235 vagas em v\u00e1rios setores da administra\u00e7\u00e3o p\u00fablica de Santa Rita, na Grande Jo\u00e3o Pessoa. Se inscreva aqui. O\u00a0concurso\u00a0selecionar\u00e1 profissionais de n\u00edvel superior e m\u00e9dio, que ser\u00e3o alocados nas secretarias de Sa\u00fade, Infraestrutura, Meio Ambiente, Assist\u00eancia Social, Semob e Controladoria Geral. S\u00e3o 178 vagas [\u2026]<\/p>\n<p>O post <a rel=\"nofollow\" href=\"https:\/\/wscom.com.br\/terminam-hoje-inscricoes-para-concurso-publico-para-niveis-superior-e-medio-de-santa-rita\/\">Terminam hoje inscri\u00e7\u00f5es para concurso p\u00fablico para n\u00edveis superior e m\u00e9dio em Santa Rita<\/a> apareceu primeiro em <a rel=\"nofollow\" href=\"https:\/\/wscom.com.br\/\">WSCOM<\/a>.<\/p>\n","protected":false},"author":50,"featured_media":0,"comment_status":"closed","ping_status":"closed","sticky":false,"template":"","format":"standard","meta":{"advgb_blocks_editor_width":"","advgb_blocks_columns_visual_guide":"","footnotes":""},"categories":[34,47,804,2565,2662],"tags":[35],"class_list":["post-26856","post","type-post","status-publish","format-standard","hentry","category-g1","category-politica","category-prefeitura","category-rita","category-santa","tag-g1"],"author_meta":{"display_name":"Wallyson","author_link":"https:\/\/sindaopcpb.org.br\/author\/wallyson\/"},"featured_img":null,"coauthors":[],"tax_additional":{"categories":{"linked":["<a href=\"https:\/\/sindaopcpb.org.br\/g1\/\" class=\"advgb-post-tax-term\">G1<\/a>","<a href=\"https:\/\/sindaopcpb.org.br\/politica\/\" class=\"advgb-post-tax-term\">POLITICA<\/a>","<a href=\"https:\/\/sindaopcpb.org.br\/prefeitura\/\" class=\"advgb-post-tax-term\">Prefeitura<\/a>","<a href=\"https:\/\/sindaopcpb.org.br\/rita\/\" class=\"advgb-post-tax-term\">Rita<\/a>","<a href=\"https:\/\/sindaopcpb.org.br\/santa\/\" class=\"advgb-post-tax-term\">Santa<\/a>"],"unlinked":["<span class=\"advgb-post-tax-term\">G1<\/span>","<span class=\"advgb-post-tax-term\">POLITICA<\/span>","<span class=\"advgb-post-tax-term\">Prefeitura<\/span>","<span class=\"advgb-post-tax-term\">Rita<\/span>","<span class=\"advgb-post-tax-term\">Santa<\/span>"]},"tags":{"linked":["<a href=\"https:\/\/sindaopcpb.org.br\/santa\/\" class=\"advgb-post-tax-term\">g1<\/a>"],"unlinked":["<span class=\"advgb-post-tax-term\">g1<\/span>"]}},"comment_count":"0","relative_dates":{"created":"Publicado 3 anos atr\u00e1s","modified":"Atualizado 3 anos atr\u00e1s"},"absolute_dates":{"created":"Publicado em 25 de julho de 2023","modified":"Atualizado em 25 de julho de 2023"},"absolute_dates_time":{"created":"Publicado em 25 de julho de 2023 09:04","modified":"Atualizado em 25 de julho de 2023 09:04"},"featured_img_caption":"","series_order":"","_links":{"self":[{"href":"https:\/\/sindaopcpb.org.br\/index.php\/wp-json\/wp\/v2\/posts\/26856","targetHints":{"allow":["GET"]}}],"collection":[{"href":"https:\/\/sindaopcpb.org.br\/index.php\/wp-json\/wp\/v2\/posts"}],"about":[{"href":"https:\/\/sindaopcpb.org.br\/index.php\/wp-json\/wp\/v2\/types\/post"}],"author":[{"embeddable":true,"href":"https:\/\/sindaopcpb.org.br\/index.php\/wp-json\/wp\/v2\/users\/50"}],"replies":[{"embeddable":true,"href":"https:\/\/sindaopcpb.org.br\/index.php\/wp-json\/wp\/v2\/comments?post=26856"}],"version-history":[{"count":1,"href":"https:\/\/sindaopcpb.org.br\/index.php\/wp-json\/wp\/v2\/posts\/26856\/revisions"}],"predecessor-version":[{"id":26857,"href":"https:\/\/sindaopcpb.org.br\/index.php\/wp-json\/wp\/v2\/posts\/26856\/revisions\/26857"}],"wp:attachment":[{"href":"https:\/\/sindaopcpb.org.br\/index.php\/wp-json\/wp\/v2\/media?parent=26856"}],"wp:term":[{"taxonomy":"category","embeddable":true,"href":"https:\/\/sindaopcpb.org.br\/index.php\/wp-json\/wp\/v2\/categories?post=26856"},{"taxonomy":"post_tag","embeddable":true,"href":"https:\/\/sindaopcpb.org.br\/index.php\/wp-json\/wp\/v2\/tags?post=26856"}],"curies":[{"name":"wp","href":"https:\/\/api.w.org\/{rel}","templated":true}]}}