{"id":26755,"date":"2023-07-24T13:01:59","date_gmt":"2023-07-24T16:01:59","guid":{"rendered":"https:\/\/g1.globo.com\/pb\/paraiba\/noticia\/2023\/07\/24\/show-de-ney-matogrosso-em-joao-pessoa-tem-virada-lote-de-nesta-segunda-feira-24.ghtml"},"modified":"2023-07-24T13:01:59","modified_gmt":"2023-07-24T16:01:59","slug":"show-de-ney-matogrosso-em-joao-pessoa-tem-virada-lote-de-nesta-segunda-feira-24","status":"publish","type":"post","link":"https:\/\/sindaopcpb.org.br\/index.php\/2023\/07\/24\/show-de-ney-matogrosso-em-joao-pessoa-tem-virada-lote-de-nesta-segunda-feira-24\/","title":{"rendered":"Show de Ney Matogrosso em Jo\u00e3o Pessoa tem virada lote de nesta segunda-feira (24)"},"content":{"rendered":"   <img src=\"https:\/\/s2.glbimg.com\/JyNSgead9r1UWe8d_Az6X9hCm4k=\/i.s3.glbimg.com\/v1\/AUTH_59edd422c0c84a879bd37670ae4f538a\/internal_photos\/bs\/2023\/C\/a\/WVwJofQiiD34BXOaINBQ\/ney-matogrosso.jpg\" \/><br \/>     Apresenta\u00e7\u00e3o acontece no Teatro Pedra do Reino, no dia 24 de agosto. Ney Matogrosso trar\u00e1 turn\u00ea \u201cBloco na Rua\u201d para Jo\u00e3o Pessoa em agosto\nMarcos Hermes\/Divulga\u00e7\u00e3o\nO show do cantor Ney Matogrosso na capital Jo\u00e3o Pessoa tem virada de lote nesta segunda-feira (24). Segundo a organiza\u00e7\u00e3o do evento, o p\u00fablico pode adquirir os ingressos com valores de primeiro lote at\u00e9 \u00e0s 23h59.\nCompartilhe esta not\u00edcia no WhatsApp\nCompartilhe esta not\u00edcia no Telegram\nA apresenta\u00e7\u00e3o de Ney Matogrosso acontece no dia 24 de agosto deste ano, no Teatro Pedra do Reino, em Jo\u00e3o Pessoa. A partir desta ter\u00e7a-feira (25) haver\u00e1 virada de pre\u00e7os, com novos valores. Quase metade dos ingressos j\u00e1 foi vendida. \nO artista vai trazer a beleza da turn\u00ea \"Bloco na Rua\", cujo registro ao vivo foi indicado ao Grammy Latino em 2020 na categoria melhor \u00e1lbum de m\u00fasica popular brasileira. Can\u00e7\u00f5es como \"Eu quero \u00e9 botar meu bloco na rua\", \"Jardins da Babil\u00f4nia\", \"Pav\u00e3o Mysteriozo\", \"A ma\u00e7\u00e3\", \"Sangue latino\", est\u00e3o no repert\u00f3rio do espet\u00e1culo.\nOs ingressos est\u00e3o \u00e0 venda pela internet e tamb\u00e9m nas lojas Skyler de Jo\u00e3o Pessoa (Mana\u00edra Shopping, Tambi\u00e1 Shopping, Mangabeira Shopping e Avenida Ruy Carneiro). \nValores do primeiro lote:\nPlateia A: R$ 400,00 (inteira) \/ R$ 200,00 (meia) \/ R$ 210,00 (social)\nPlateia B: R$ 300,00 (inteira) \/ R$ 150,00 (meia) \/ R$ 160,00 (social)\nBalc\u00e3o: R$ 240,00 (inteira) \/ R$ 120,00 (meia) \/ R$ 130,00 (social)\nV\u00eddeos mais assistidos do g1 Para\u00edba  ","protected":false},"excerpt":{"rendered":"<p>        Apresenta\u00e7\u00e3o acontece no Teatro Pedra do Reino, no dia 24 de agosto. Ney Matogrosso trar\u00e1 turn\u00ea \u201cBloco na Rua\u201d para Jo\u00e3o Pessoa em agosto<br \/>\nMarcos Hermes\/Divulga\u00e7\u00e3o<br \/>\nO show do cantor Ney Matogrosso na capital Jo\u00e3o Pessoa tem virada de lote nesta s&#8230;<\/p>\n","protected":false},"author":2,"featured_media":0,"comment_status":"closed","ping_status":"closed","sticky":false,"template":"","format":"standard","meta":{"advgb_blocks_editor_width":"","advgb_blocks_columns_visual_guide":"","footnotes":""},"categories":[34],"tags":[35],"class_list":["post-26755","post","type-post","status-publish","format-standard","hentry","category-g1","tag-g1"],"author_meta":{"display_name":"g1 &gt; Para\u00edba","author_link":"https:\/\/sindaopcpb.org.br\/author\/g1-paraiba\/"},"featured_img":null,"coauthors":[],"tax_additional":{"categories":{"linked":["<a href=\"https:\/\/sindaopcpb.org.br\/g1\/\" class=\"advgb-post-tax-term\">G1<\/a>"],"unlinked":["<span class=\"advgb-post-tax-term\">G1<\/span>"]},"tags":{"linked":["<a href=\"https:\/\/sindaopcpb.org.br\/g1\/\" class=\"advgb-post-tax-term\">g1<\/a>"],"unlinked":["<span class=\"advgb-post-tax-term\">g1<\/span>"]}},"comment_count":"0","relative_dates":{"created":"Publicado 3 anos atr\u00e1s","modified":"Atualizado 3 anos atr\u00e1s"},"absolute_dates":{"created":"Publicado em 24 de julho de 2023","modified":"Atualizado em 24 de julho de 2023"},"absolute_dates_time":{"created":"Publicado em 24 de julho de 2023 13:01","modified":"Atualizado em 24 de julho de 2023 13:01"},"featured_img_caption":"","series_order":"","_links":{"self":[{"href":"https:\/\/sindaopcpb.org.br\/index.php\/wp-json\/wp\/v2\/posts\/26755","targetHints":{"allow":["GET"]}}],"collection":[{"href":"https:\/\/sindaopcpb.org.br\/index.php\/wp-json\/wp\/v2\/posts"}],"about":[{"href":"https:\/\/sindaopcpb.org.br\/index.php\/wp-json\/wp\/v2\/types\/post"}],"author":[{"embeddable":true,"href":"https:\/\/sindaopcpb.org.br\/index.php\/wp-json\/wp\/v2\/users\/2"}],"replies":[{"embeddable":true,"href":"https:\/\/sindaopcpb.org.br\/index.php\/wp-json\/wp\/v2\/comments?post=26755"}],"version-history":[{"count":1,"href":"https:\/\/sindaopcpb.org.br\/index.php\/wp-json\/wp\/v2\/posts\/26755\/revisions"}],"predecessor-version":[{"id":26756,"href":"https:\/\/sindaopcpb.org.br\/index.php\/wp-json\/wp\/v2\/posts\/26755\/revisions\/26756"}],"wp:attachment":[{"href":"https:\/\/sindaopcpb.org.br\/index.php\/wp-json\/wp\/v2\/media?parent=26755"}],"wp:term":[{"taxonomy":"category","embeddable":true,"href":"https:\/\/sindaopcpb.org.br\/index.php\/wp-json\/wp\/v2\/categories?post=26755"},{"taxonomy":"post_tag","embeddable":true,"href":"https:\/\/sindaopcpb.org.br\/index.php\/wp-json\/wp\/v2\/tags?post=26755"}],"curies":[{"name":"wp","href":"https:\/\/api.w.org\/{rel}","templated":true}]}}