{"id":26751,"date":"2023-07-24T12:54:35","date_gmt":"2023-07-24T15:54:35","guid":{"rendered":"https:\/\/wpa.wscom.com.br\/?p=913691"},"modified":"2023-07-24T12:54:35","modified_gmt":"2023-07-24T15:54:35","slug":"em-resposta-a-cicero-efraim-diz-que-nao-e-com-ameaca-que-se-conquista-apoio","status":"publish","type":"post","link":"https:\/\/sindaopcpb.org.br\/index.php\/2023\/07\/24\/em-resposta-a-cicero-efraim-diz-que-nao-e-com-ameaca-que-se-conquista-apoio\/","title":{"rendered":"Em resposta a C\u00edcero, Efraim diz que \u201cn\u00e3o \u00e9 com amea\u00e7a que se conquista apoio\u201d"},"content":{"rendered":"<p>&nbsp;<\/p>\n<p>&nbsp;<\/p>\n<p>O senador Efraim Filho (Uni\u00e3o) deu um recado ao prefeito de Jo\u00e3o Pessoa, C\u00edcero Lucena (PP), ao afirmar que &#8220;n\u00e3o \u00e9 com amea\u00e7a que se conquista apoio&#8221;. A declara\u00e7\u00e3o do parlamentar \u00e9 uma resposta ao coment\u00e1rio do gestor feito na manh\u00e3 desta segunda-feira (24) de que o convite de filia\u00e7\u00e3o que Efraim fez ao comunicador Nilvan Ferreira (PL) teria &#8220;consequ\u00eancias&#8221;.<\/p>\n<p>A provoca\u00e7\u00e3o foi encarada como amea\u00e7a pelo senador. \u201cNa pol\u00edtica, n\u00e3o \u00e9 com amea\u00e7as que se conquista apoios. Eu valorizo muito mais o di\u00e1logo. Vamos pra frente\u201d, disse Efraim.<\/p>\n<p>O embate entre os dois pol\u00edticos esquenta o clima nas elei\u00e7\u00f5es de 2024 em Cabedelo, j\u00e1 que o movimento de aproxima\u00e7\u00e3o de Efraim a Nilvan n\u00e3o foi visto com bons olhos por lideran\u00e7as do Uni\u00e3o Brasil, como o prefeito Vitor Hugo. O gestor ainda chegou\u00a0a cobrar uma \u201cd\u00edvida de lealdade\u201d que Efraim teria com C\u00edcero pelo apoio da base do prefeito ao senador nas elei\u00e7\u00f5es de 2022.<\/p>\n<p>O post <a rel=\"nofollow noopener\" href=\"https:\/\/wscom.com.br\/em-resposta-a-cicero-efraim-diz-que-nao-e-com-ameaca-que-se-conquista-apoio\/\" target=\"_blank\">Em resposta a C\u00edcero, Efraim diz que &#8220;n\u00e3o \u00e9 com amea\u00e7a que se conquista apoio&#8221;<\/a> apareceu primeiro em <a rel=\"nofollow noopener\" href=\"https:\/\/wscom.com.br\/\" target=\"_blank\">WSCOM<\/a>.<\/p>\n","protected":false},"excerpt":{"rendered":"<p>\u00a0 \u00a0 O senador Efraim Filho (Uni\u00e3o) deu um recado ao prefeito de Jo\u00e3o Pessoa, C\u00edcero Lucena (PP), ao afirmar que \u201cn\u00e3o \u00e9 com amea\u00e7a que se conquista apoio\u201d. A declara\u00e7\u00e3o do parlamentar \u00e9 uma resposta ao coment\u00e1rio do gestor feito na manh\u00e3 desta segunda-feira (24) de que o convite de filia\u00e7\u00e3o que Efraim fez [\u2026]<\/p>\n<p>O post <a rel=\"nofollow\" href=\"https:\/\/wscom.com.br\/em-resposta-a-cicero-efraim-diz-que-nao-e-com-ameaca-que-se-conquista-apoio\/\">Em resposta a C\u00edcero, Efraim diz que \u201cn\u00e3o \u00e9 com amea\u00e7a que se conquista apoio\u201d<\/a> apareceu primeiro em <a rel=\"nofollow\" href=\"https:\/\/wscom.com.br\/\">WSCOM<\/a>.<\/p>\n","protected":false},"author":42,"featured_media":0,"comment_status":"closed","ping_status":"closed","sticky":false,"template":"","format":"standard","meta":{"advgb_blocks_editor_width":"","advgb_blocks_columns_visual_guide":"","footnotes":""},"categories":[2566,227,1324,34,47],"tags":[35],"class_list":["post-26751","post","type-post","status-publish","format-standard","hentry","category-apoio","category-cicero-lucena","category-efraim-filho","category-g1","category-politica","tag-g1"],"author_meta":{"display_name":"Rafael Andrade","author_link":"https:\/\/sindaopcpb.org.br\/author\/rafael-andrade\/"},"featured_img":null,"coauthors":[],"tax_additional":{"categories":{"linked":["<a href=\"https:\/\/sindaopcpb.org.br\/apoio\/\" class=\"advgb-post-tax-term\">apoio<\/a>","<a href=\"https:\/\/sindaopcpb.org.br\/cicero-lucena\/\" class=\"advgb-post-tax-term\">cicero lucena<\/a>","<a href=\"https:\/\/sindaopcpb.org.br\/efraim-filho\/\" class=\"advgb-post-tax-term\">efraim filho<\/a>","<a href=\"https:\/\/sindaopcpb.org.br\/g1\/\" class=\"advgb-post-tax-term\">G1<\/a>","<a href=\"https:\/\/sindaopcpb.org.br\/politica\/\" class=\"advgb-post-tax-term\">POLITICA<\/a>"],"unlinked":["<span class=\"advgb-post-tax-term\">apoio<\/span>","<span class=\"advgb-post-tax-term\">cicero lucena<\/span>","<span class=\"advgb-post-tax-term\">efraim filho<\/span>","<span class=\"advgb-post-tax-term\">G1<\/span>","<span class=\"advgb-post-tax-term\">POLITICA<\/span>"]},"tags":{"linked":["<a href=\"https:\/\/sindaopcpb.org.br\/politica\/\" class=\"advgb-post-tax-term\">g1<\/a>"],"unlinked":["<span class=\"advgb-post-tax-term\">g1<\/span>"]}},"comment_count":"0","relative_dates":{"created":"Publicado 3 anos atr\u00e1s","modified":"Atualizado 3 anos atr\u00e1s"},"absolute_dates":{"created":"Publicado em 24 de julho de 2023","modified":"Atualizado em 24 de julho de 2023"},"absolute_dates_time":{"created":"Publicado em 24 de julho de 2023 12:54","modified":"Atualizado em 24 de julho de 2023 12:54"},"featured_img_caption":"","series_order":"","_links":{"self":[{"href":"https:\/\/sindaopcpb.org.br\/index.php\/wp-json\/wp\/v2\/posts\/26751","targetHints":{"allow":["GET"]}}],"collection":[{"href":"https:\/\/sindaopcpb.org.br\/index.php\/wp-json\/wp\/v2\/posts"}],"about":[{"href":"https:\/\/sindaopcpb.org.br\/index.php\/wp-json\/wp\/v2\/types\/post"}],"author":[{"embeddable":true,"href":"https:\/\/sindaopcpb.org.br\/index.php\/wp-json\/wp\/v2\/users\/42"}],"replies":[{"embeddable":true,"href":"https:\/\/sindaopcpb.org.br\/index.php\/wp-json\/wp\/v2\/comments?post=26751"}],"version-history":[{"count":1,"href":"https:\/\/sindaopcpb.org.br\/index.php\/wp-json\/wp\/v2\/posts\/26751\/revisions"}],"predecessor-version":[{"id":26752,"href":"https:\/\/sindaopcpb.org.br\/index.php\/wp-json\/wp\/v2\/posts\/26751\/revisions\/26752"}],"wp:attachment":[{"href":"https:\/\/sindaopcpb.org.br\/index.php\/wp-json\/wp\/v2\/media?parent=26751"}],"wp:term":[{"taxonomy":"category","embeddable":true,"href":"https:\/\/sindaopcpb.org.br\/index.php\/wp-json\/wp\/v2\/categories?post=26751"},{"taxonomy":"post_tag","embeddable":true,"href":"https:\/\/sindaopcpb.org.br\/index.php\/wp-json\/wp\/v2\/tags?post=26751"}],"curies":[{"name":"wp","href":"https:\/\/api.w.org\/{rel}","templated":true}]}}