{"id":26749,"date":"2023-07-24T13:38:13","date_gmt":"2023-07-24T16:38:13","guid":{"rendered":"https:\/\/wpa.wscom.com.br\/?p=913702"},"modified":"2023-07-24T13:38:13","modified_gmt":"2023-07-24T16:38:13","slug":"apos-receber-apoio-do-pt-ricardo-barbosa-tem-mais-adesoes-da-oposicao-em-cabedelo-com-a-presenca-de-tiberio-limeira","status":"publish","type":"post","link":"https:\/\/sindaopcpb.org.br\/index.php\/2023\/07\/24\/apos-receber-apoio-do-pt-ricardo-barbosa-tem-mais-adesoes-da-oposicao-em-cabedelo-com-a-presenca-de-tiberio-limeira\/","title":{"rendered":"Ap\u00f3s receber apoio do PT, Ricardo Barbosa tem mais ades\u00f5es da oposi\u00e7\u00e3o em Cabedelo com a presen\u00e7a de Tib\u00e9rio Limeira"},"content":{"rendered":"<p>O presidente do Porto de Cabedelo e ex-deputado Ricardo Barbosa (PSB), recebeu nesta segunda-feira (24), o apoio dos vereadores J\u00fanior Paulo (Republicanos) e H\u00e9rlon Cabral (Avante), l\u00edder e vice-l\u00edder da oposi\u00e7\u00e3o no munic\u00edpio. Um importante reconhecimento do trabalho e das propostas de Barbosa para disputar o cargo de prefeito da cidade portu\u00e1ria.<\/p>\n<p>O an\u00fancio aconteceu na sede do Partido Socialista Brasileiro (PSB), com a presen\u00e7a do secret\u00e1rio de administra\u00e7\u00e3o do estado, Tib\u00e9rio Limeira, que na ocasi\u00e3o representou o presidente estadual do partido socialista, Gerv\u00e1sio Maia.<\/p>\n<p>Os vereadores que oficializaram apoio, s\u00e3o conhecidos pelo comprometimento com a comunidade e a vontade de promover mudan\u00e7as positivas em Cabedelo. A decis\u00e3o de apoiar Barbosa \u00e9 um reflexo da confian\u00e7a em sua capacidade e hist\u00f3ria de conquistas pela Para\u00edba, atuando como deputado estadual.<\/p>\n<p>\u201cExtremamente feliz por receber o apoio de dois vereadores da oposi\u00e7\u00e3o, H\u00e9rlon Cabral e J\u00fanior Paulo, que atuam de forma t\u00e3o elogi\u00e1vel na cidade. Essa semana ser\u00e1 muito significativa para avan\u00e7armos e construirmos uma Cabedelo melhor, com o apoio do nosso l\u00edder maior Jo\u00e3o Azev\u00eado, o presidente municipal de Jo\u00e3o Pessoa, Tib\u00e9rio Limeira e o presidente da executiva estadual Gerv\u00e1sio Maia\u201d, disse Ricardo Barbosa.<\/p>\n<p>Para Tib\u00e9rio, dirigente estadual do PSB, \u00e9 fundamental para o partido o apoio das lideran\u00e7as da oposi\u00e7\u00e3o na cidade.<\/p>\n<p>\u201cAcreditamos que Ricardo e o PSB possuem a habilidade de administrar Cabedelo e promover o seu progresso verdadeiro\u201d, afirmou Tib\u00e9rio.<\/p>\n<p>O post <a rel=\"nofollow noopener\" href=\"https:\/\/wscom.com.br\/apos-receber-apoio-do-pt-ricardo-barbosa-tem-mais-adesoes-da-oposicao-em-cabedelo-com-a-presenca-de-tiberio-limeira\/\" target=\"_blank\">Ap\u00f3s receber apoio do PT, Ricardo Barbosa tem mais ades\u00f5es da oposi\u00e7\u00e3o em Cabedelo com a presen\u00e7a de Tib\u00e9rio Limeira<\/a> apareceu primeiro em <a rel=\"nofollow noopener\" href=\"https:\/\/wscom.com.br\/\" target=\"_blank\">WSCOM<\/a>.<\/p>\n","protected":false},"excerpt":{"rendered":"<p>O presidente do Porto de Cabedelo e ex-deputado Ricardo Barbosa (PSB), recebeu nesta segunda-feira (24), o apoio dos vereadores J\u00fanior Paulo (Republicanos) e H\u00e9rlon Cabral (Avante), l\u00edder e vice-l\u00edder da oposi\u00e7\u00e3o no munic\u00edpio. Um importante reconhecimento do trabalho e das propostas de Barbosa para disputar o cargo de prefeito da cidade portu\u00e1ria. O an\u00fancio aconteceu [\u2026]<\/p>\n<p>O post <a rel=\"nofollow\" href=\"https:\/\/wscom.com.br\/apos-receber-apoio-do-pt-ricardo-barbosa-tem-mais-adesoes-da-oposicao-em-cabedelo-com-a-presenca-de-tiberio-limeira\/\">Ap\u00f3s receber apoio do PT, Ricardo Barbosa tem mais ades\u00f5es da oposi\u00e7\u00e3o em Cabedelo com a presen\u00e7a de Tib\u00e9rio Limeira<\/a> apareceu primeiro em <a rel=\"nofollow\" href=\"https:\/\/wscom.com.br\/\">WSCOM<\/a>.<\/p>\n","protected":false},"author":49,"featured_media":0,"comment_status":"closed","ping_status":"closed","sticky":false,"template":"","format":"standard","meta":{"advgb_blocks_editor_width":"","advgb_blocks_columns_visual_guide":"","footnotes":""},"categories":[471,333,34,6837,6838,47,4906,2811,6839],"tags":[35],"class_list":["post-26749","post","type-post","status-publish","format-standard","hentry","category-cabedelo","category-eleicoes-2024","category-g1","category-herlon-cabral","category-junior-paulo","category-politica","category-ricardo-barbosa","category-tiberio-limeira","category-vereadores-da-oposicao","tag-g1"],"author_meta":{"display_name":"Cristiane Cavalcante","author_link":"https:\/\/sindaopcpb.org.br\/author\/cristiane-cavalcante\/"},"featured_img":null,"coauthors":[],"tax_additional":{"categories":{"linked":["<a href=\"https:\/\/sindaopcpb.org.br\/cabedelo\/\" class=\"advgb-post-tax-term\">cabedelo<\/a>","<a href=\"https:\/\/sindaopcpb.org.br\/eleicoes-2024\/\" class=\"advgb-post-tax-term\">elei\u00e7\u00f5es 2024<\/a>","<a href=\"https:\/\/sindaopcpb.org.br\/g1\/\" class=\"advgb-post-tax-term\">G1<\/a>","<a href=\"https:\/\/sindaopcpb.org.br\/herlon-cabral\/\" class=\"advgb-post-tax-term\">H\u00e9rlon Cabral<\/a>","<a href=\"https:\/\/sindaopcpb.org.br\/junior-paulo\/\" class=\"advgb-post-tax-term\">J\u00fanior Paulo<\/a>","<a href=\"https:\/\/sindaopcpb.org.br\/politica\/\" class=\"advgb-post-tax-term\">POLITICA<\/a>","<a href=\"https:\/\/sindaopcpb.org.br\/ricardo-barbosa\/\" class=\"advgb-post-tax-term\">Ricardo Barbosa<\/a>","<a href=\"https:\/\/sindaopcpb.org.br\/tiberio-limeira\/\" class=\"advgb-post-tax-term\">tib\u00e9rio limeira<\/a>","<a href=\"https:\/\/sindaopcpb.org.br\/vereadores-da-oposicao\/\" class=\"advgb-post-tax-term\">vereadores da oposi\u00e7\u00e3o<\/a>"],"unlinked":["<span class=\"advgb-post-tax-term\">cabedelo<\/span>","<span class=\"advgb-post-tax-term\">elei\u00e7\u00f5es 2024<\/span>","<span class=\"advgb-post-tax-term\">G1<\/span>","<span class=\"advgb-post-tax-term\">H\u00e9rlon Cabral<\/span>","<span class=\"advgb-post-tax-term\">J\u00fanior Paulo<\/span>","<span class=\"advgb-post-tax-term\">POLITICA<\/span>","<span class=\"advgb-post-tax-term\">Ricardo Barbosa<\/span>","<span class=\"advgb-post-tax-term\">tib\u00e9rio limeira<\/span>","<span class=\"advgb-post-tax-term\">vereadores da oposi\u00e7\u00e3o<\/span>"]},"tags":{"linked":["<a href=\"https:\/\/sindaopcpb.org.br\/vereadores-da-oposicao\/\" class=\"advgb-post-tax-term\">g1<\/a>"],"unlinked":["<span class=\"advgb-post-tax-term\">g1<\/span>"]}},"comment_count":"0","relative_dates":{"created":"Publicado 3 anos atr\u00e1s","modified":"Atualizado 3 anos atr\u00e1s"},"absolute_dates":{"created":"Publicado em 24 de julho de 2023","modified":"Atualizado em 24 de julho de 2023"},"absolute_dates_time":{"created":"Publicado em 24 de julho de 2023 13:38","modified":"Atualizado em 24 de julho de 2023 13:38"},"featured_img_caption":"","series_order":"","_links":{"self":[{"href":"https:\/\/sindaopcpb.org.br\/index.php\/wp-json\/wp\/v2\/posts\/26749","targetHints":{"allow":["GET"]}}],"collection":[{"href":"https:\/\/sindaopcpb.org.br\/index.php\/wp-json\/wp\/v2\/posts"}],"about":[{"href":"https:\/\/sindaopcpb.org.br\/index.php\/wp-json\/wp\/v2\/types\/post"}],"author":[{"embeddable":true,"href":"https:\/\/sindaopcpb.org.br\/index.php\/wp-json\/wp\/v2\/users\/49"}],"replies":[{"embeddable":true,"href":"https:\/\/sindaopcpb.org.br\/index.php\/wp-json\/wp\/v2\/comments?post=26749"}],"version-history":[{"count":1,"href":"https:\/\/sindaopcpb.org.br\/index.php\/wp-json\/wp\/v2\/posts\/26749\/revisions"}],"predecessor-version":[{"id":26750,"href":"https:\/\/sindaopcpb.org.br\/index.php\/wp-json\/wp\/v2\/posts\/26749\/revisions\/26750"}],"wp:attachment":[{"href":"https:\/\/sindaopcpb.org.br\/index.php\/wp-json\/wp\/v2\/media?parent=26749"}],"wp:term":[{"taxonomy":"category","embeddable":true,"href":"https:\/\/sindaopcpb.org.br\/index.php\/wp-json\/wp\/v2\/categories?post=26749"},{"taxonomy":"post_tag","embeddable":true,"href":"https:\/\/sindaopcpb.org.br\/index.php\/wp-json\/wp\/v2\/tags?post=26749"}],"curies":[{"name":"wp","href":"https:\/\/api.w.org\/{rel}","templated":true}]}}