{"id":26684,"date":"2023-07-23T18:16:46","date_gmt":"2023-07-23T21:16:46","guid":{"rendered":"https:\/\/wpa.wscom.com.br\/?p=913566"},"modified":"2023-07-23T18:16:46","modified_gmt":"2023-07-23T21:16:46","slug":"filme-oppenheimer-supera-expectativas-de-vendas-antes-da-estreia-em-132-segundo-ingresso-com","status":"publish","type":"post","link":"https:\/\/sindaopcpb.org.br\/index.php\/2023\/07\/23\/filme-oppenheimer-supera-expectativas-de-vendas-antes-da-estreia-em-132-segundo-ingresso-com\/","title":{"rendered":"Filme Oppenheimer supera expectativas de vendas antes da estreia em 132%, segundo Ingresso.com"},"content":{"rendered":"<p>Um dos momentos hist\u00f3ricos mais impactantes do mundo moderno, a cria\u00e7\u00e3o da primeira arma nuclear, ganha cores no longa\u00a0<strong>Oppenheimer<\/strong>, que chegou aos cinemas na \u00faltima quinta-<span class=\"il\">feira<\/span>\u00a0(20). De acordo com os dados disponibilizados pela\u00a0<strong>Ingresso.com<\/strong>, empresa do grupo UOL, pioneira no mercado de vendas\u00a0<em>on-line<\/em>\u00a0de ingressos e automa\u00e7\u00e3o de bilheterias, o filme j\u00e1 superou em\u00a0<strong>132%<\/strong>\u00a0as expectativas de ingressos vendidos no primeiro final de semana de pr\u00e9-venda.<\/p>\n<p>A produ\u00e7\u00e3o, mesmo antes de sua estreia, j\u00e1 estava no top 5 no ranking de vendas geral do m\u00eas de julho na Ingresso.com. Ainda, Oppenheimer ocupou o segundo lugar nas vendas da \u00faltima\u00a0<span class=\"il\">segunda<\/span>&#8211;<span class=\"il\">feira<\/span>\u00a0(17) antes mesmo de sua estreia, atr\u00e1s apenas do filme da\u00a0<strong>Barbie<\/strong>\u00a0que teve sua pr\u00e9-venda aberta no dia 29 de junho.<\/p>\n<p>A trama, ambientada na\u00a0<span class=\"il\">Segunda<\/span>\u00a0Guerra Mundial, conta a hist\u00f3ria do f\u00edsico de J. Robert Oppenheimer (Cillian Murphy) durante o Projeto Manhattan, cuja miss\u00e3o era projetar e construir as primeiras armas nucleares. Apesar de ser um dos l\u00edderes contra o nazismo, Oppenheimer e seu time de cientistas acabaram desenvolvendo a primeira bomba at\u00f4mica do mundo, que ocasionou grandes trag\u00e9dias no Jap\u00e3o, nas cidades de Hiroshima e Nagasaki.<\/p>\n<p>O filme acompanha o longo processo de desenvolvimento da arma e suas consequ\u00eancias, em mais uma superprodu\u00e7\u00e3o do diretor Christopher Nolan. Na \u00faltima\u00a0<span class=\"il\">segunda<\/span>&#8211;<span class=\"il\">feira<\/span>\u00a0(17), a premi\u00e8re aconteceu na cidade de Nova Iorque com a presen\u00e7a de diversas personalidades e cr\u00edticos especializados, o que fez com o longa debutasse com nota de 94 no site Rotten Tomatoes.<\/p>\n<p>Entre as personalidades, dois diretores brasileiros, os Abdala Brothers, participaram do evento a convite de Renato Cruz, gerente de marketing da IMAX. Os irm\u00e3os, indicados em tr\u00eas categorias na \u00faltima edi\u00e7\u00e3o do Oscar, s\u00e3o conhecidos no mercado brasileiro pelas solu\u00e7\u00f5es inovadoras que apresentam e pelos projetos que desenvolvem, sobretudo por levar os equipamentos de cinema para as campanhas publicit\u00e1rias.<\/p>\n<p>&nbsp;<\/p>\n<p><center><\/p>\n<figure style=\"width: 278px\" class=\"wp-caption alignnone\"><img decoding=\"async\" loading=\"lazy\" class=\"CToWUd a6T\" tabindex=\"0\" src=\"https:\/\/ci3.googleusercontent.com\/proxy\/n0VFojWB0CuM1W3p5yh9FaJHkGD5px7npoTdOosh_afF_vsuBGP9Wf_9AsWlqfuikh2HVdyP4fzgjzebWpkVKrKU2VuvCElsI0KvW74Ff_ORwvtQiF0tG0UHumnQ8jshE6bCrIoQaFUmv6fYD1q0pLwIuoLn7R0gB2okQU_ODi37bt5bNFMfIniiB7YrOS0Q3xrd6A7Ycwv_FIM=s0-d-e1-ft#https:\/\/files.pressmanager.net\/clientes\/20703f823ac3589705fbf598e1ed1f66\/imagens\/2023\/07\/21\/f26056a139208e71e134041645ee7ae6_medium.jpg\" alt=\"\" width=\"278\" height=\"347\" data-bit=\"iit\" title=\"\"><figcaption class=\"wp-caption-text\"><span style=\"font-size: 8pt;\"><strong>Abdala Brothers com Christopher Nolan<\/strong><\/span><\/figcaption><\/figure>\n<p><\/center>&nbsp;<\/p>\n<p>A Ingresso.com compartilhou mais detalhes da experi\u00eancia que os brasileiros tiveram na sess\u00e3o especial de Openheimmer em sua p\u00e1gina oficial do\u00a0<a href=\"https:\/\/www.instagram.com\/ingressocom\/\" rel=\"noopener nofollow\" data-saferedirecturl=\"https:\/\/www.google.com\/url?q=https:\/\/www.instagram.com\/ingressocom\/&amp;source=gmail&amp;ust=1690228516317000&amp;usg=AOvVaw24s-7jwdLtcrPK6CYkAsfh\" target=\"_blank\">Instagram<\/a>. Para garantir os ingressos antecipados e demais produtos de bomboniere para assistir ao filme, basta acessar o site e no app da\u00a0<a href=\"https:\/\/www.ingresso.com\/filme\/oppenheimer\" rel=\"noopener nofollow\" data-saferedirecturl=\"https:\/\/www.google.com\/url?q=https:\/\/www.ingresso.com\/filme\/oppenheimer&amp;source=gmail&amp;ust=1690228516317000&amp;usg=AOvVaw1YsWnpmWCth_SpgEYJWY3q\" target=\"_blank\">Ingresso.com<\/a>.<\/p>\n<p><strong>O fen\u00f4meno\u00a0<\/strong><strong>Barbieheimer<\/strong><\/p>\n<p>O Oppenheimer tem sua estreia programada para o dia 20, mesma data em que o mundo m\u00e1gico da Barbie chegar\u00e1 nas telas do cinema mundial no primeiro\u00a0<em>live-action<\/em>\u00a0da franquia. Para os cin\u00e9filos, a coincid\u00eancia n\u00e3o \u00e9 um problema, pois o termo que integra as duas produ\u00e7\u00f5es \u201cBarbieheimer\u201d est\u00e1 cada vez mais em alta nas redes sociais.<\/p>\n<p>A Ingresso.com tamb\u00e9m mapeou esse interesse do p\u00fablico pelos filmes e afirma que\u00a0<strong>30% dos clientes<\/strong>\u00a0que compraram entradas para as sess\u00f5es de Oppenheimer tamb\u00e9m j\u00e1 garantiram seus ingressos para Barbie. Ainda segundo a companhia, entre esses consumidores que adquiriram as entradas para os dois filmes,\u00a0<strong>58%\u00a0<\/strong>v\u00e3o assistir no mesmo dia e\u00a0<strong>26%<\/strong>\u00a0no dia seguinte.<\/p>\n<p>Acesse a\u00a0<a href=\"https:\/\/www.ingresso.com\/home\" rel=\"noopener nofollow\" data-saferedirecturl=\"https:\/\/www.google.com\/url?q=https:\/\/www.ingresso.com\/home&amp;source=gmail&amp;ust=1690228516317000&amp;usg=AOvVaw1XxzOQWTacohbcirPQ_MXr\" target=\"_blank\">Ingresso.com<\/a>\u00a0e acompanhe todos os lan\u00e7amentos do ano.<\/p>\n<p>O post <a rel=\"nofollow noopener\" href=\"https:\/\/wscom.com.br\/filme-oppenheimer-supera-expectativas-de-vendas-antes-da-estreia-em-132-segundo-ingresso-com\/\" target=\"_blank\">Filme Oppenheimer supera expectativas de vendas antes da estreia em 132%, segundo Ingresso.com<\/a> apareceu primeiro em <a rel=\"nofollow noopener\" href=\"https:\/\/wscom.com.br\/\" target=\"_blank\">WSCOM<\/a>.<\/p>\n","protected":false},"excerpt":{"rendered":"<p>Um dos momentos hist\u00f3ricos mais impactantes do mundo moderno, a cria\u00e7\u00e3o da primeira arma nuclear, ganha cores no longa\u00a0Oppenheimer, que chegou aos cinemas na \u00faltima quinta-feira\u00a0(20). De acordo com os dados disponibilizados pela\u00a0Ingresso.com, empresa do grupo UOL, pioneira no mercado de vendas\u00a0on-line\u00a0de ingressos e automa\u00e7\u00e3o de bilheterias, o filme j\u00e1 superou em\u00a0132%\u00a0as expectativas de ingressos [\u2026]<\/p>\n<p>O post <a rel=\"nofollow\" href=\"https:\/\/wscom.com.br\/filme-oppenheimer-supera-expectativas-de-vendas-antes-da-estreia-em-132-segundo-ingresso-com\/\">Filme Oppenheimer supera expectativas de vendas antes da estreia em 132%, segundo Ingresso.com<\/a> apareceu primeiro em <a rel=\"nofollow\" href=\"https:\/\/wscom.com.br\/\">WSCOM<\/a>.<\/p>\n","protected":false},"author":49,"featured_media":0,"comment_status":"closed","ping_status":"closed","sticky":false,"template":"","format":"standard","meta":{"advgb_blocks_editor_width":"","advgb_blocks_columns_visual_guide":"","footnotes":""},"categories":[6635,940,6810,34,6811],"tags":[35],"class_list":["post-26684","post","type-post","status-publish","format-standard","hentry","category-barbie","category-cinema","category-estreias-no-cinema","category-g1","category-oppenheimer","tag-g1"],"author_meta":{"display_name":"Cristiane Cavalcante","author_link":"https:\/\/sindaopcpb.org.br\/author\/cristiane-cavalcante\/"},"featured_img":null,"coauthors":[],"tax_additional":{"categories":{"linked":["<a href=\"https:\/\/sindaopcpb.org.br\/barbie\/\" class=\"advgb-post-tax-term\">barbie<\/a>","<a href=\"https:\/\/sindaopcpb.org.br\/cinema\/\" class=\"advgb-post-tax-term\">Cinema<\/a>","<a href=\"https:\/\/sindaopcpb.org.br\/estreias-no-cinema\/\" class=\"advgb-post-tax-term\">estreias no cinema<\/a>","<a href=\"https:\/\/sindaopcpb.org.br\/g1\/\" class=\"advgb-post-tax-term\">G1<\/a>","<a href=\"https:\/\/sindaopcpb.org.br\/oppenheimer\/\" class=\"advgb-post-tax-term\">Oppenheimer<\/a>"],"unlinked":["<span class=\"advgb-post-tax-term\">barbie<\/span>","<span class=\"advgb-post-tax-term\">Cinema<\/span>","<span class=\"advgb-post-tax-term\">estreias no cinema<\/span>","<span class=\"advgb-post-tax-term\">G1<\/span>","<span class=\"advgb-post-tax-term\">Oppenheimer<\/span>"]},"tags":{"linked":["<a href=\"https:\/\/sindaopcpb.org.br\/oppenheimer\/\" class=\"advgb-post-tax-term\">g1<\/a>"],"unlinked":["<span class=\"advgb-post-tax-term\">g1<\/span>"]}},"comment_count":"0","relative_dates":{"created":"Publicado 3 anos atr\u00e1s","modified":"Atualizado 3 anos atr\u00e1s"},"absolute_dates":{"created":"Publicado em 23 de julho de 2023","modified":"Atualizado em 23 de julho de 2023"},"absolute_dates_time":{"created":"Publicado em 23 de julho de 2023 18:16","modified":"Atualizado em 23 de julho de 2023 18:16"},"featured_img_caption":"","series_order":"","_links":{"self":[{"href":"https:\/\/sindaopcpb.org.br\/index.php\/wp-json\/wp\/v2\/posts\/26684","targetHints":{"allow":["GET"]}}],"collection":[{"href":"https:\/\/sindaopcpb.org.br\/index.php\/wp-json\/wp\/v2\/posts"}],"about":[{"href":"https:\/\/sindaopcpb.org.br\/index.php\/wp-json\/wp\/v2\/types\/post"}],"author":[{"embeddable":true,"href":"https:\/\/sindaopcpb.org.br\/index.php\/wp-json\/wp\/v2\/users\/49"}],"replies":[{"embeddable":true,"href":"https:\/\/sindaopcpb.org.br\/index.php\/wp-json\/wp\/v2\/comments?post=26684"}],"version-history":[{"count":1,"href":"https:\/\/sindaopcpb.org.br\/index.php\/wp-json\/wp\/v2\/posts\/26684\/revisions"}],"predecessor-version":[{"id":26685,"href":"https:\/\/sindaopcpb.org.br\/index.php\/wp-json\/wp\/v2\/posts\/26684\/revisions\/26685"}],"wp:attachment":[{"href":"https:\/\/sindaopcpb.org.br\/index.php\/wp-json\/wp\/v2\/media?parent=26684"}],"wp:term":[{"taxonomy":"category","embeddable":true,"href":"https:\/\/sindaopcpb.org.br\/index.php\/wp-json\/wp\/v2\/categories?post=26684"},{"taxonomy":"post_tag","embeddable":true,"href":"https:\/\/sindaopcpb.org.br\/index.php\/wp-json\/wp\/v2\/tags?post=26684"}],"curies":[{"name":"wp","href":"https:\/\/api.w.org\/{rel}","templated":true}]}}