{"id":26682,"date":"2023-07-23T18:23:09","date_gmt":"2023-07-23T21:23:09","guid":{"rendered":"https:\/\/wpa.wscom.com.br\/?p=913576"},"modified":"2023-07-23T18:23:09","modified_gmt":"2023-07-23T21:23:09","slug":"brasil-inicia-busca-por-titulo-inedito-da-copa-diante-do-panama-nesta-segunda","status":"publish","type":"post","link":"https:\/\/sindaopcpb.org.br\/index.php\/2023\/07\/23\/brasil-inicia-busca-por-titulo-inedito-da-copa-diante-do-panama-nesta-segunda\/","title":{"rendered":"Brasil inicia busca por t\u00edtulo in\u00e9dito da Copa diante do Panam\u00e1 nesta segunda"},"content":{"rendered":"<p>O Brasil inicia, a partir das 8h (hor\u00e1rio de Bras\u00edlia) da pr\u00f3xima segunda-feira (24), a sua caminhada na Copa do Mundo de futebol feminino. E o primeiro desafio da sele\u00e7\u00e3o brasileira \u00e9 a equipe do Panam\u00e1 em jogo disputado em Adelaide (Austr\u00e1lia) e v\u00e1lido pelo Grupo F, que tamb\u00e9m conta com a presen\u00e7a de Jamaica e Fran\u00e7a (que empataram sem gols no \u00faltimo domingo).<img decoding=\"async\" src=\"https:\/\/agenciabrasil.ebc.com.br\/ebc.png?id=1545011&amp;o=node\" alt=\"\" title=\"\"><img decoding=\"async\" src=\"https:\/\/agenciabrasil.ebc.com.br\/ebc.gif?id=1545011&amp;o=node\" alt=\"\" title=\"\"><\/p>\n<p>E a expectativa \u00e9 de que a equipe canarinho tenha uma boa participa\u00e7\u00e3o na competi\u00e7\u00e3o, como afirmou a t\u00e9cnica sueca Pia Sundhage em entrevista coletiva concedida na madrugada deste domingo (23): \u201cEstamos muito felizes com os dois \u00faltimos resultados, pois o jogo est\u00e1 na nossa linha de confian\u00e7a. Podemos olhar para cada uma, \u00e9 um pouco diferente de um ano atr\u00e1s. Ent\u00e3o, tivemos uma linha de come\u00e7o similar e acho que o mais importante \u00e9 achar que est\u00e1 tudo garantido. E, por favor, aproveitar o jogo. Se fizermos isso, teremos uma grande chance de vencer amanh\u00e3 [contra o Panam\u00e1]. E, na verdade, n\u00f3s vamos ganhar muitos jogos se juntarmos um ataque lindo e uma defesa muito s\u00f3lida\u201d.<\/p>\n<p>&nbsp;<\/p>\n<blockquote class=\"twitter-tweet\">\n<p dir=\"ltr\" lang=\"pt\">\u00daltimo treino antes da estreia na Copa do Mundo! <img decoding=\"async\" src=\"https:\/\/s.w.org\/images\/core\/emoji\/13.0.1\/72x72\/2705.png\" alt=\"\u2705\" class=\"wp-smiley\" style=\"height: 1em; max-height: 1em;\" title=\"\"><\/p>\n<p>T\u00e1 chegando a hora, Brasil! Vamos <a href=\"https:\/\/twitter.com\/hashtag\/PelaPrimeiraEstrela?src=hash&amp;ref_src=twsrc%5Etfw\" rel=\"nofollow noopener\" target=\"_blank\">#PelaPrimeiraEstrela<\/a>! <img decoding=\"async\" src=\"https:\/\/s.w.org\/images\/core\/emoji\/13.0.1\/72x72\/2b50.png\" alt=\"\u2b50\" class=\"wp-smiley\" style=\"height: 1em; max-height: 1em;\" title=\"\"><\/p>\n<p><img decoding=\"async\" src=\"https:\/\/s.w.org\/images\/core\/emoji\/13.0.1\/72x72\/1f4f8.png\" alt=\"\ud83d\udcf8\" class=\"wp-smiley\" style=\"height: 1em; max-height: 1em;\" title=\"\"> Thais Magalh\u00e3es\/CBF <a href=\"https:\/\/t.co\/nBwZ9osYEy\" rel=\"nofollow\">pic.twitter.com\/nBwZ9osYEy<\/a><\/p>\n<p>\u2014 Sele\u00e7\u00e3o Feminina de Futebol (@SelecaoFeminina) <a href=\"https:\/\/twitter.com\/SelecaoFeminina\/status\/1683092234374115328?ref_src=twsrc%5Etfw\" rel=\"nofollow noopener\" target=\"_blank\">July 23, 2023<\/a><\/p>\n<\/blockquote>\n<p><script async src=\"https:\/\/platform.twitter.com\/widgets.js\" charset=\"utf-8\"><\/script><\/p>\n<p>&nbsp;<\/p>\n<p>A pr\u00f3pria Pia, ali\u00e1s, \u00e9 um dos trunfos do Brasil na competi\u00e7\u00e3o. Assim como a sele\u00e7\u00e3o brasileira, a treinadora tem no Mundial deste ano a oportunidade de um t\u00edtulo in\u00e9dito. A sueca de 63 anos levou os Estados Unidos ao ouro ol\u00edmpico em 2008 (superando o Brasil na final) e em 2012. Na Copa do Mundo, por\u00e9m, ficou no quase algumas vezes. Como atleta ajudou a Su\u00e9cia a ficar em terceiro lugar na primeira edi\u00e7\u00e3o, em 1991. Como t\u00e9cnica foi vice-campe\u00e3 em 2011, comandando os EUA, derrotados pelo Jap\u00e3o na decis\u00e3o.<\/p>\n<p>Os n\u00fameros da treinadora no comando do Brasil s\u00e3o significativos. Em 54 jogos s\u00e3o 33 vit\u00f3rias, 12 empates e nove derrotas, com 124 gols marcados e 40 sofridos. Em T\u00f3quio a sele\u00e7\u00e3o de Pia caiu nas quartas de final para o Canad\u00e1, nos p\u00eanaltis. No ano passado veio o primeiro t\u00edtulo oficial com o time brasileiro: a Copa Am\u00e9rica, em 2022, que garantiu lugar \u00e0 equipe na Olimp\u00edada de Paris, na Fran\u00e7a, em 2024.<\/p>\n<p>&nbsp;<\/p>\n<blockquote class=\"twitter-tweet\">\n<p dir=\"ltr\" lang=\"pt\">\u00daltimos detalhes da prepara\u00e7\u00e3o durante a noite australiana! <img decoding=\"async\" src=\"https:\/\/s.w.org\/images\/core\/emoji\/13.0.1\/72x72\/1f4aa.png\" alt=\"\ud83d\udcaa\" class=\"wp-smiley\" style=\"height: 1em; max-height: 1em;\" title=\"\"><\/p>\n<p><img decoding=\"async\" src=\"https:\/\/s.w.org\/images\/core\/emoji\/13.0.1\/72x72\/1f4f8.png\" alt=\"\ud83d\udcf8\" class=\"wp-smiley\" style=\"height: 1em; max-height: 1em;\" title=\"\"> Thais Magalh\u00e3es\/CBF <a href=\"https:\/\/t.co\/qT59zqzHnU\" rel=\"nofollow\">pic.twitter.com\/qT59zqzHnU<\/a><\/p>\n<p>\u2014 Sele\u00e7\u00e3o Feminina de Futebol (@SelecaoFeminina) <a href=\"https:\/\/twitter.com\/SelecaoFeminina\/status\/1683109373181034497?ref_src=twsrc%5Etfw\" rel=\"nofollow noopener\" target=\"_blank\">July 23, 2023<\/a><\/p>\n<\/blockquote>\n<p><script async src=\"https:\/\/platform.twitter.com\/widgets.js\" charset=\"utf-8\"><\/script><\/p>\n<p>&nbsp;<\/p>\n<p>A Copa do Mundo de 2023 tamb\u00e9m marcar\u00e1 o final do ciclo da Rainha Marta defendendo o Brasil em mundiais. A maior artilheira da hist\u00f3ria da sele\u00e7\u00e3o (entre homens e mulheres), que estar\u00e1 pela sexta e \u00faltima vez em um Mundial, tem como meta garantir a conquista in\u00e9dita.<\/p>\n<p>\u201cA Copa do Mundo perfeita para o Brasil seria vencer. Chegar \u00e0 final e, dessa vez, vencer. \u00c9 muito complicado pensar em outro cen\u00e1rio. Para mim, particularmente, como jogadora e atleta, \u00e9 agora ou nunca\u201d,\u00a0<a href=\"https:\/\/www.fifa.com\/fifaplus\/en\/tournaments\/womens\/womensworldcup\/australia-new-zealand2023\/articles\/marta-brazil-video-series-australia-new-zealand-2023\" rel=\"noopener nofollow\" target=\"_blank\">declarou a Rainha do Futebol em entrevista ao site da Fifa<\/a>.<\/p>\n<h2>Confronto com o Panam\u00e1<\/h2>\n<p>Primeiro advers\u00e1rio do Brasil, o Panam\u00e1 \u00e9 um dos oito estreantes em Copas e a sele\u00e7\u00e3o pior colocada no ranking da Fifa entre as que est\u00e3o na chave brasileira, na 52\u00aa posi\u00e7\u00e3o. A equipe da Am\u00e9rica Central se classificou pela repescagem mundial, eliminando o Paraguai. A convoca\u00e7\u00e3o do t\u00e9cnico mexicano Ignacio Quintana tem 12 atletas que atuam no pa\u00eds e 11 que jogam no exterior, sendo tr\u00eas na Europa e duas nos Estados Unidos.<\/p>\n<p>&nbsp;<\/p>\n<blockquote class=\"twitter-tweet\">\n<p dir=\"ltr\" lang=\"es\"><img decoding=\"async\" src=\"https:\/\/s.w.org\/images\/core\/emoji\/13.0.1\/72x72\/1f929.png\" alt=\"\ud83e\udd29\" class=\"wp-smiley\" style=\"height: 1em; max-height: 1em;\" title=\"\"> SELECCI\u00d3N MAYOR FEMENINA DE PANAM\u00c1 EN EL MUNDIAL <img decoding=\"async\" src=\"https:\/\/s.w.org\/images\/core\/emoji\/13.0.1\/72x72\/1f929.png\" alt=\"\ud83e\udd29\" class=\"wp-smiley\" style=\"height: 1em; max-height: 1em;\" title=\"\"><\/p>\n<p><img decoding=\"async\" src=\"https:\/\/s.w.org\/images\/core\/emoji\/13.0.1\/72x72\/1f4f8.png\" alt=\"\ud83d\udcf8\" class=\"wp-smiley\" style=\"height: 1em; max-height: 1em;\" title=\"\"> Presentamos a la primera delegaci\u00f3n de Panam\u00e1 <img decoding=\"async\" src=\"https:\/\/s.w.org\/images\/core\/emoji\/13.0.1\/72x72\/1f1f5-1f1e6.png\" alt=\"\ud83c\uddf5\ud83c\udde6\" class=\"wp-smiley\" style=\"height: 1em; max-height: 1em;\" title=\"\"> que representar\u00e1 al pa\u00eds en una Copa Mundial Femenina de la FIFA <img decoding=\"async\" src=\"https:\/\/s.w.org\/images\/core\/emoji\/13.0.1\/72x72\/1f3c6.png\" alt=\"\ud83c\udfc6\" class=\"wp-smiley\" style=\"height: 1em; max-height: 1em;\" title=\"\">. <a href=\"https:\/\/twitter.com\/hashtag\/TodosyTodasSomosPanam%C3%A1?src=hash&amp;ref_src=twsrc%5Etfw\" rel=\"nofollow noopener\" target=\"_blank\">#TodosyTodasSomosPanam\u00e1<\/a><img decoding=\"async\" src=\"https:\/\/s.w.org\/images\/core\/emoji\/13.0.1\/72x72\/1f1f5-1f1e6.png\" alt=\"\ud83c\uddf5\ud83c\udde6\" class=\"wp-smiley\" style=\"height: 1em; max-height: 1em;\" title=\"\"> <a href=\"https:\/\/t.co\/ANxj050sEG\" rel=\"nofollow\">pic.twitter.com\/ANxj050sEG<\/a><\/p>\n<p>\u2014 FEPAFUT (@fepafut) <a href=\"https:\/\/twitter.com\/fepafut\/status\/1682793163222839297?ref_src=twsrc%5Etfw\" rel=\"nofollow noopener\" target=\"_blank\">July 22, 2023<\/a><\/p>\n<\/blockquote>\n<p><script async src=\"https:\/\/platform.twitter.com\/widgets.js\" charset=\"utf-8\"><\/script><\/p>\n<p>&nbsp;<\/p>\n<div class=\"post-item-wrap\">\n<p>Por\u00e9m, Quintana deixou claro, em coletiva concedida no \u00faltimo domingo, que, apesar do favoritismo brasileiro, sua equipe entrar\u00e1 em campo para competir: \u201cNosso objetivo tem que ser competir. H\u00e1 melhor oportunidade do que ter a oportunidade de competir com suas refer\u00eancias esportivas? Queremos apresentar um plano que n\u00e3o demonstre apenas que o Panam\u00e1 est\u00e1 em sua primeira Copa e que chegamos no papel de v\u00edtimas\u201d.<\/p>\n<\/div>\n<p>O post <a rel=\"nofollow noopener\" href=\"https:\/\/wscom.com.br\/brasil-inicia-busca-por-titulo-inedito-da-copa-diante-do-panama-nesta-segunda\/\" target=\"_blank\">Brasil inicia busca por t\u00edtulo in\u00e9dito da Copa diante do Panam\u00e1 nesta segunda<\/a> apareceu primeiro em <a rel=\"nofollow noopener\" href=\"https:\/\/wscom.com.br\/\" target=\"_blank\">WSCOM<\/a>.<\/p>\n","protected":false},"excerpt":{"rendered":"<p>O Brasil inicia, a partir das 8h (hor\u00e1rio de Bras\u00edlia) da pr\u00f3xima segunda-feira (24), a sua caminhada na Copa do Mundo de futebol feminino. E o primeiro desafio da sele\u00e7\u00e3o brasileira \u00e9 a equipe do Panam\u00e1 em jogo disputado em Adelaide (Austr\u00e1lia) e v\u00e1lido pelo Grupo F, que tamb\u00e9m conta com a presen\u00e7a de Jamaica [\u2026]<\/p>\n<p>O post <a rel=\"nofollow\" href=\"https:\/\/wscom.com.br\/brasil-inicia-busca-por-titulo-inedito-da-copa-diante-do-panama-nesta-segunda\/\">Brasil inicia busca por t\u00edtulo in\u00e9dito da Copa diante do Panam\u00e1 nesta segunda<\/a> apareceu primeiro em <a rel=\"nofollow\" href=\"https:\/\/wscom.com.br\/\">WSCOM<\/a>.<\/p>\n","protected":false},"author":49,"featured_media":0,"comment_status":"closed","ping_status":"closed","sticky":false,"template":"","format":"standard","meta":{"advgb_blocks_editor_width":"","advgb_blocks_columns_visual_guide":"","footnotes":""},"categories":[2525,207,79,451,34,1393],"tags":[35],"class_list":["post-26682","post","type-post","status-publish","format-standard","hentry","category-copa-do-mundo","category-esporte","category-futebol","category-futebol-feminino","category-g1","category-selecao-brasileira","tag-g1"],"author_meta":{"display_name":"Cristiane Cavalcante","author_link":"https:\/\/sindaopcpb.org.br\/author\/cristiane-cavalcante\/"},"featured_img":null,"coauthors":[],"tax_additional":{"categories":{"linked":["<a href=\"https:\/\/sindaopcpb.org.br\/copa-do-mundo\/\" class=\"advgb-post-tax-term\">copa do mundo<\/a>","<a href=\"https:\/\/sindaopcpb.org.br\/esporte\/\" class=\"advgb-post-tax-term\">Esporte<\/a>","<a href=\"https:\/\/sindaopcpb.org.br\/futebol\/\" class=\"advgb-post-tax-term\">Futebol<\/a>","<a href=\"https:\/\/sindaopcpb.org.br\/futebol-feminino\/\" class=\"advgb-post-tax-term\">Futebol Feminino<\/a>","<a href=\"https:\/\/sindaopcpb.org.br\/g1\/\" class=\"advgb-post-tax-term\">G1<\/a>","<a href=\"https:\/\/sindaopcpb.org.br\/selecao-brasileira\/\" class=\"advgb-post-tax-term\">sele\u00e7\u00e3o brasileira<\/a>"],"unlinked":["<span class=\"advgb-post-tax-term\">copa do mundo<\/span>","<span class=\"advgb-post-tax-term\">Esporte<\/span>","<span class=\"advgb-post-tax-term\">Futebol<\/span>","<span class=\"advgb-post-tax-term\">Futebol Feminino<\/span>","<span class=\"advgb-post-tax-term\">G1<\/span>","<span class=\"advgb-post-tax-term\">sele\u00e7\u00e3o brasileira<\/span>"]},"tags":{"linked":["<a href=\"https:\/\/sindaopcpb.org.br\/selecao-brasileira\/\" class=\"advgb-post-tax-term\">g1<\/a>"],"unlinked":["<span class=\"advgb-post-tax-term\">g1<\/span>"]}},"comment_count":"0","relative_dates":{"created":"Publicado 3 anos atr\u00e1s","modified":"Atualizado 3 anos atr\u00e1s"},"absolute_dates":{"created":"Publicado em 23 de julho de 2023","modified":"Atualizado em 23 de julho de 2023"},"absolute_dates_time":{"created":"Publicado em 23 de julho de 2023 18:23","modified":"Atualizado em 23 de julho de 2023 18:23"},"featured_img_caption":"","series_order":"","_links":{"self":[{"href":"https:\/\/sindaopcpb.org.br\/index.php\/wp-json\/wp\/v2\/posts\/26682","targetHints":{"allow":["GET"]}}],"collection":[{"href":"https:\/\/sindaopcpb.org.br\/index.php\/wp-json\/wp\/v2\/posts"}],"about":[{"href":"https:\/\/sindaopcpb.org.br\/index.php\/wp-json\/wp\/v2\/types\/post"}],"author":[{"embeddable":true,"href":"https:\/\/sindaopcpb.org.br\/index.php\/wp-json\/wp\/v2\/users\/49"}],"replies":[{"embeddable":true,"href":"https:\/\/sindaopcpb.org.br\/index.php\/wp-json\/wp\/v2\/comments?post=26682"}],"version-history":[{"count":1,"href":"https:\/\/sindaopcpb.org.br\/index.php\/wp-json\/wp\/v2\/posts\/26682\/revisions"}],"predecessor-version":[{"id":26683,"href":"https:\/\/sindaopcpb.org.br\/index.php\/wp-json\/wp\/v2\/posts\/26682\/revisions\/26683"}],"wp:attachment":[{"href":"https:\/\/sindaopcpb.org.br\/index.php\/wp-json\/wp\/v2\/media?parent=26682"}],"wp:term":[{"taxonomy":"category","embeddable":true,"href":"https:\/\/sindaopcpb.org.br\/index.php\/wp-json\/wp\/v2\/categories?post=26682"},{"taxonomy":"post_tag","embeddable":true,"href":"https:\/\/sindaopcpb.org.br\/index.php\/wp-json\/wp\/v2\/tags?post=26682"}],"curies":[{"name":"wp","href":"https:\/\/api.w.org\/{rel}","templated":true}]}}