{"id":26642,"date":"2023-07-23T12:14:02","date_gmt":"2023-07-23T15:14:02","guid":{"rendered":"https:\/\/wpa.wscom.com.br\/?p=913416"},"modified":"2023-07-23T12:14:02","modified_gmt":"2023-07-23T15:14:02","slug":"gilson-souto-maior-lanca-livro-historia-do-jornalismo-impresso-na-paraiba-na-livraria-a-uniao","status":"publish","type":"post","link":"https:\/\/sindaopcpb.org.br\/index.php\/2023\/07\/23\/gilson-souto-maior-lanca-livro-historia-do-jornalismo-impresso-na-paraiba-na-livraria-a-uniao\/","title":{"rendered":"Gilson Souto Maior lan\u00e7a livro \u201cHist\u00f3ria do Jornalismo Impresso na Para\u00edba\u201d na Livraria A Uni\u00e3o"},"content":{"rendered":"<p style=\"font-weight: 500;\">O jornalista Gilson Souto Maior lan\u00e7ar\u00e1 na pr\u00f3xima quarta-feira (26), em Jo\u00e3o Pessoa, o livro Hist\u00f3ria do Jornalismo Impresso na Para\u00edba &#8211; Jornais e Revistas. O evento, que acontecer\u00e1 na Livraria A Uni\u00e3o, no Espa\u00e7o Cultural Jos\u00e9 Lins do R\u00eago, \u00e0s 18h30m, integra a programa\u00e7\u00e3o dos \u201c50 ANOS DO CURSO DE COMUNICA\u00c7\u00c3O da Universidade Estadual da Para\u00edba \u2013 UEPB, atrav\u00e9s da Editora UEPB, com apoio da Editora A UNI\u00c3O.<\/p>\n<p style=\"font-weight: 500;\">A Hist\u00f3ria do Jornalismo Impresso na Para\u00edba \u2013 Jornais e Revistas \u2013 \u00e9 um trabalho memorial\u00edstico desenvolvido pelo conhecido jornalista e professor Souto Maior, autor de outros trabalhos da \u00e1rea de comunica\u00e7\u00e3o, como, R\u00e1dio Hist\u00f3ria e Radiojornalismo (edi\u00e7\u00e3o esgotada) e do livro Hist\u00f3ria da Televis\u00e3o na Para\u00edba (primeiro livro sobre o tema), com poucos exemplares em algumas livrarias.<\/p>\n<p>&nbsp;<\/p>\n<p><img decoding=\"async\" loading=\"lazy\" class=\"\" src=\"https:\/\/rwn360.com.br\/wp-content\/uploads\/2023\/06\/livro-192x300.jpg\" width=\"538\" height=\"841\" alt=\"\" title=\"\"><\/p>\n<p>&nbsp;<\/p>\n<p style=\"font-weight: 500;\">O trabalho conta com o pref\u00e1cio do professor, escritor e jornalista, Francelino Soares, bonita capa de autoria do jornalista Nonato, Nunes, al\u00e9m de apresenta\u00e7\u00e3o do jornalista, escritor e pesquisador Evandro Dantas da N\u00f3brega.<\/p>\n<p style=\"font-weight: 500;\">O livro Hist\u00f3ria do Jornalismo Impresso na Para\u00edba conta com 504 p\u00e1ginas e um rico acervo iconogr\u00e1fico, com imagens de jornalistas e capas de peri\u00f3dicos que circularam desde 1826 (Gazetta do Governo da Parahyba do Norte), na ent\u00e3o prov\u00edncia, depois o nosso Estado da Para\u00edba, at\u00e9 hoje.<\/p>\n<p>O post <a rel=\"nofollow noopener\" href=\"https:\/\/wscom.com.br\/gilson-souto-maior-lanca-livro-historia-do-jornalismo-impresso-na-paraiba-na-livraria-a-uniao\/\" target=\"_blank\">Gilson Souto Maior lan\u00e7a livro \u201cHist\u00f3ria do Jornalismo Impresso na Para\u00edba\u201d na Livraria A Uni\u00e3o<\/a> apareceu primeiro em <a rel=\"nofollow noopener\" href=\"https:\/\/wscom.com.br\/\" target=\"_blank\">WSCOM<\/a>.<\/p>\n","protected":false},"excerpt":{"rendered":"<p>O jornalista Gilson Souto Maior lan\u00e7ar\u00e1 na pr\u00f3xima quarta-feira (26), em Jo\u00e3o Pessoa, o livro Hist\u00f3ria do Jornalismo Impresso na Para\u00edba \u2013 Jornais e Revistas. O evento, que acontecer\u00e1 na Livraria A Uni\u00e3o, no Espa\u00e7o Cultural Jos\u00e9 Lins do R\u00eago, \u00e0s 18h30m, integra a programa\u00e7\u00e3o dos \u201c50 ANOS DO CURSO DE COMUNICA\u00c7\u00c3O da Universidade Estadual [\u2026]<\/p>\n<p>O post <a rel=\"nofollow\" href=\"https:\/\/wscom.com.br\/gilson-souto-maior-lanca-livro-historia-do-jornalismo-impresso-na-paraiba-na-livraria-a-uniao\/\">Gilson Souto Maior lan\u00e7a livro \u201cHist\u00f3ria do Jornalismo Impresso na Para\u00edba\u201d na Livraria A Uni\u00e3o<\/a> apareceu primeiro em <a rel=\"nofollow\" href=\"https:\/\/wscom.com.br\/\">WSCOM<\/a>.<\/p>\n","protected":false},"author":49,"featured_media":0,"comment_status":"closed","ping_status":"closed","sticky":false,"template":"","format":"standard","meta":{"advgb_blocks_editor_width":"","advgb_blocks_columns_visual_guide":"","footnotes":""},"categories":[170,34,6784,378,6785],"tags":[35],"class_list":["post-26642","post","type-post","status-publish","format-standard","hentry","category-cultura","category-g1","category-gilson-souto-maior","category-livraria-a-uniao","category-livro-historia-do-jornalismo-impresso-na-paraiba","tag-g1"],"author_meta":{"display_name":"Cristiane Cavalcante","author_link":"https:\/\/sindaopcpb.org.br\/author\/cristiane-cavalcante\/"},"featured_img":null,"coauthors":[],"tax_additional":{"categories":{"linked":["<a href=\"https:\/\/sindaopcpb.org.br\/cultura\/\" class=\"advgb-post-tax-term\">Cultura<\/a>","<a href=\"https:\/\/sindaopcpb.org.br\/g1\/\" class=\"advgb-post-tax-term\">G1<\/a>","<a href=\"https:\/\/sindaopcpb.org.br\/gilson-souto-maior\/\" class=\"advgb-post-tax-term\">Gilson Souto Maior<\/a>","<a href=\"https:\/\/sindaopcpb.org.br\/livraria-a-uniao\/\" class=\"advgb-post-tax-term\">Livraria A Uni\u00e3o<\/a>","<a href=\"https:\/\/sindaopcpb.org.br\/livro-historia-do-jornalismo-impresso-na-paraiba\/\" class=\"advgb-post-tax-term\">livro \u201cHist\u00f3ria do Jornalismo Impresso na Para\u00edba\u201d<\/a>"],"unlinked":["<span class=\"advgb-post-tax-term\">Cultura<\/span>","<span class=\"advgb-post-tax-term\">G1<\/span>","<span class=\"advgb-post-tax-term\">Gilson Souto Maior<\/span>","<span class=\"advgb-post-tax-term\">Livraria A Uni\u00e3o<\/span>","<span class=\"advgb-post-tax-term\">livro \u201cHist\u00f3ria do Jornalismo Impresso na Para\u00edba\u201d<\/span>"]},"tags":{"linked":["<a href=\"https:\/\/sindaopcpb.org.br\/livro-historia-do-jornalismo-impresso-na-paraiba\/\" class=\"advgb-post-tax-term\">g1<\/a>"],"unlinked":["<span class=\"advgb-post-tax-term\">g1<\/span>"]}},"comment_count":"0","relative_dates":{"created":"Publicado 3 anos atr\u00e1s","modified":"Atualizado 3 anos atr\u00e1s"},"absolute_dates":{"created":"Publicado em 23 de julho de 2023","modified":"Atualizado em 23 de julho de 2023"},"absolute_dates_time":{"created":"Publicado em 23 de julho de 2023 12:14","modified":"Atualizado em 23 de julho de 2023 12:14"},"featured_img_caption":"","series_order":"","_links":{"self":[{"href":"https:\/\/sindaopcpb.org.br\/index.php\/wp-json\/wp\/v2\/posts\/26642","targetHints":{"allow":["GET"]}}],"collection":[{"href":"https:\/\/sindaopcpb.org.br\/index.php\/wp-json\/wp\/v2\/posts"}],"about":[{"href":"https:\/\/sindaopcpb.org.br\/index.php\/wp-json\/wp\/v2\/types\/post"}],"author":[{"embeddable":true,"href":"https:\/\/sindaopcpb.org.br\/index.php\/wp-json\/wp\/v2\/users\/49"}],"replies":[{"embeddable":true,"href":"https:\/\/sindaopcpb.org.br\/index.php\/wp-json\/wp\/v2\/comments?post=26642"}],"version-history":[{"count":1,"href":"https:\/\/sindaopcpb.org.br\/index.php\/wp-json\/wp\/v2\/posts\/26642\/revisions"}],"predecessor-version":[{"id":26643,"href":"https:\/\/sindaopcpb.org.br\/index.php\/wp-json\/wp\/v2\/posts\/26642\/revisions\/26643"}],"wp:attachment":[{"href":"https:\/\/sindaopcpb.org.br\/index.php\/wp-json\/wp\/v2\/media?parent=26642"}],"wp:term":[{"taxonomy":"category","embeddable":true,"href":"https:\/\/sindaopcpb.org.br\/index.php\/wp-json\/wp\/v2\/categories?post=26642"},{"taxonomy":"post_tag","embeddable":true,"href":"https:\/\/sindaopcpb.org.br\/index.php\/wp-json\/wp\/v2\/tags?post=26642"}],"curies":[{"name":"wp","href":"https:\/\/api.w.org\/{rel}","templated":true}]}}