{"id":26617,"date":"2023-07-23T09:00:19","date_gmt":"2023-07-23T12:00:19","guid":{"rendered":"https:\/\/www.infomoney.com.br\/?p=2192407"},"modified":"2023-07-23T09:00:19","modified_gmt":"2023-07-23T12:00:19","slug":"acordo-entre-mercosul-e-uniao-europeia-pode-viver-impasse-entre-exigencias-ambientais-e-compras-governamentais","status":"publish","type":"post","link":"https:\/\/sindaopcpb.org.br\/index.php\/2023\/07\/23\/acordo-entre-mercosul-e-uniao-europeia-pode-viver-impasse-entre-exigencias-ambientais-e-compras-governamentais\/","title":{"rendered":"Acordo entre Mercosul e Uni\u00e3o Europeia pode viver impasse entre exig\u00eancias ambientais e compras governamentais"},"content":{"rendered":"<p><img loading=\"lazy\" width=\"300\" height=\"200\" src=\"https:\/\/www.infomoney.com.br\/wp-content\/uploads\/2019\/08\/mercosul.jpg?fit=300%2C200&amp;quality=70&amp;strip=all\" class=\"attachment-medium size-medium wp-post-image\" alt=\"\" decoding=\"async\" style=\"float:right; margin:0 0 10px 10px;\" srcset=\"https:\/\/www.infomoney.com.br\/wp-content\/uploads\/2019\/08\/mercosul.jpg?w=900&amp;quality=70&amp;strip=all 900w, https:\/\/www.infomoney.com.br\/wp-content\/uploads\/2019\/08\/mercosul.jpg?w=300&amp;quality=70&amp;strip=all 300w, https:\/\/www.infomoney.com.br\/wp-content\/uploads\/2019\/08\/mercosul.jpg?w=768&amp;quality=70&amp;strip=all 768w, https:\/\/www.infomoney.com.br\/wp-content\/uploads\/2019\/08\/mercosul.jpg?w=150&amp;quality=70&amp;strip=all 150w\" sizes=\"auto, (max-width: 300px) 100vw, 300px\" data-attachment-id=\"690158\" data-permalink=\"https:\/\/www.infomoney.com.br\/mercosul-3\/\" data-orig-file=\"https:\/\/www.infomoney.com.br\/wp-content\/uploads\/2019\/08\/mercosul.jpg?fit=900%2C600&amp;quality=70&amp;strip=all\" data-orig-size=\"900,600\" data-comments-opened=\"1\" data-image-meta=\"{&quot;aperture&quot;:&quot;0&quot;,&quot;credit&quot;:&quot;&quot;,&quot;camera&quot;:&quot;&quot;,&quot;caption&quot;:&quot;&quot;,&quot;created_timestamp&quot;:&quot;0&quot;,&quot;copyright&quot;:&quot;&quot;,&quot;focal_length&quot;:&quot;0&quot;,&quot;iso&quot;:&quot;0&quot;,&quot;shutter_speed&quot;:&quot;0&quot;,&quot;title&quot;:&quot;&quot;,&quot;orientation&quot;:&quot;0&quot;}\" data-image-title=\"mercosul\" data-image-description=\"\" data-image-caption=\"\" data-medium-file=\"https:\/\/www.infomoney.com.br\/wp-content\/uploads\/2019\/08\/mercosul.jpg?fit=300%2C200&amp;quality=70&amp;strip=all\" data-large-file=\"https:\/\/www.infomoney.com.br\/wp-content\/uploads\/2019\/08\/mercosul.jpg?fit=900%2C600&amp;quality=70&amp;strip=all\" title=\"\"><\/p>\n<p>Com negocia\u00e7\u00f5es conclu\u00eddas em 2019, ainda durante o governo de Jair Bolsonaro (PL), e atualmente em fase de revis\u00e3o, o acordo comercial entre Uni\u00e3o Europeia e Mercosul tem sido tema recorrente em falas p\u00fablicas do presidente Luiz In\u00e1cio Lula da Silva (PT), al\u00e9m de ter pautado conversas durante o encontro de c\u00fapula entre l\u00edderes europeus e de representantes da Comunidade dos Estados Latino-Americanos e Caribenhos (Celac), ocorrida em Bruxelas (B\u00e9lgica), no in\u00edcio da semana.<\/p>\n<p>Debatida h\u00e1 d\u00e9cadas, a celebra\u00e7\u00e3o de um acordo comercial abriria um novo paradigma nas rela\u00e7\u00f5es entre os pa\u00edses que integram os blocos, j\u00e1 que umas das premissas do tratado \u00e9 a de suprimir gradativamente 90% das tarifas comerciais ao longo de um per\u00edodo de 15 anos. De acordo com especialistas, tal cen\u00e1rio poderia beneficiar setores como o agroneg\u00f3cio brasileiro, que ganharia maior acesso ao mercado consumidor europeu.<\/p>\n<p>Atualmente a Uni\u00e3o Europeia \u00e9 o segundo maior parceiro comercial do Mercosul. Pelo lado sul-americano, a rela\u00e7\u00e3o est\u00e1 focada prioritariamente na comercializa\u00e7\u00e3o de commodities, enquanto os europeus exportam medicamentos e artigos da cadeia petroqu\u00edmica, como autope\u00e7as e produtos feitos \u00e0 base de pl\u00e1stico.<\/p>\n<p>No que depender das declara\u00e7\u00f5es recentes do l\u00edder brasileiro, o acordo deve ser finalizado este ano, ainda que n\u00e3o existam evid\u00eancias sobre como o lado europeu reagir\u00e1 \u00e0 contraproposta sul-americana, que v\u00ea a inclus\u00e3o de novas exig\u00eancias ambientais apresentadas pelos europeus, como a suspens\u00e3o de importa\u00e7\u00f5es de produtos elaborados em \u00e1rea desmatada ap\u00f3s dezembro de 2020, como parte de um argumento ancorado sobretudo no protecionismo.<\/p>\n<p>Al\u00e9m de criar uma s\u00e9rie de normas com objetivo de flexibilizar o com\u00e9rcio entre os pa\u00edses, no documento s\u00e3o contempladas especificidades como a padroniza\u00e7\u00e3o de medidas sanit\u00e1rias a serem obedecidas nos processos de trocas comerciais visando a seguran\u00e7a alimentar, e tamb\u00e9m direitos de propriedade intelectual, compras governamentais e cuidados com o Meio Ambiente.<\/p>\n<p>Segundo estudo divulgado pela Confedera\u00e7\u00e3o da Agricultura e Pecu\u00e1ria (CNA) atualmente 15% do que \u00e9 exportado pelo setor tem como destino os portos dos pa\u00edses da Uni\u00e3o Europeia. Com o in\u00edcio da vig\u00eancia do acordo, 39% das linhas tarif\u00e1rias de produtos agropecu\u00e1rios brasileiros passariam a contar com al\u00edquota zero no bloco europeu j\u00e1 no primeiro ano. Entre os artigos est\u00e3o fil\u00e9s de til\u00e1pias, algumas esp\u00e9cies de camar\u00e3o, pimenta do reino triturada e \u00f3leos produzidos a partir de laranja ou lim\u00e3o.<\/p>\n<p>Alegando observ\u00e2ncia padr\u00f5es de seguran\u00e7a alimentar j\u00e1 seguidos para artigos produzidos no continente ou mesmo oriundos de importa\u00e7\u00e3o, a Uni\u00e3o Europeia destaca que um dos pontos do acordo \u00e9 a possibilidade de agir pelo \u201cprinc\u00edpio de precau\u00e7\u00e3o\u201d, em que autoridades se colocam no direito de aplicar medidas sanit\u00e1rias para proteger a sa\u00fade p\u00fablica mesmo que an\u00e1lises cient\u00edficas n\u00e3o sejam conclusivas em um primeiro momento.<\/p>\n<p>Recentemente, a imprensa francesa tem noticiado que associa\u00e7\u00f5es de produtores rurais t\u00eam feito press\u00e3o sobre o presidente Emmanuel Macron e exigem que o mandat\u00e1rio n\u00e3o assine o tratado, que, na opini\u00e3o da classe, poderia prejudicar a soberania alimentar do pa\u00eds ao eliminar grande parte das tarifas alfandeg\u00e1rias e permitir a entrada de produtos estrangeiros no pa\u00eds.<\/p>\n<p>\u201cDentro da Uni\u00e3o Europeia h\u00e1 certa discord\u00e2ncia entre os membros, mas o acordo parece ser uma prioridade diante do conflito que ocorre na Ucr\u00e2nia, e tamb\u00e9m se analisarmos a competi\u00e7\u00e3o do bloco com a China e Estados Unidos\u201d, pontuou o professor de Rela\u00e7\u00f5es Internacionais do Centro Universit\u00e1rio Belas Artes de S\u00e3o Paulo e da Escola Superior de Propaganda e Marketing (ESPM), Demetrius Pereira.<\/p>\n<p>\u201cA resist\u00eancia maior parece ser da Fran\u00e7a, por causa da competi\u00e7\u00e3o dos produtos agr\u00edcolas do Mercosul\u201d, acrescentou.<\/p>\n<p>Com a assinatura do tratado, tamb\u00e9m \u00e9 esperada uma abertura do mercado brasileiro a artigos fabricados na Europa. Entre os artigos que teriam as tarifas aduaneiras zeradas tamb\u00e9m est\u00e3o autom\u00f3veis, autope\u00e7as, m\u00e1quinas, cal\u00e7ados produzidos a partir de couro e medicamentos, al\u00e9m de g\u00eaneros aliment\u00edcios como vinho, peixes em conserva, bebidas destiladas e biscoitos.<\/p>\n<p>Enquanto o bloco europeu faz acenos com novas exig\u00eancias ambientais, o governante brasileiro, em posi\u00e7\u00e3o que j\u00e1 havia sido defendida publicamente pela Argentina, quando Alberto Fern\u00e1ndez exerceu a presid\u00eancia tempor\u00e1ria do Mercosul, tem chamado aten\u00e7\u00e3o para a necessidade de proteger fornecedores nacionais em processos licitat\u00f3rios, oferecendo uma blindagem contra um eventual avan\u00e7o de empresas estrangeiras no setor.<\/p>\n<p>De acordo com o jornal <em>O Globo<\/em>, na lista de prioridades de Lula em texto enviado aos parceiros do Mercosul antes de serem formalizadas ao bloco europeu estar\u00e3o mecanismos que obriguem empresas europeias vencedoras de processos licitat\u00f3rios a oferecer algum tipo de contrapartida, como transfer\u00eancia de tecnologia. Tamb\u00e9m ser\u00e1 defendida uma margem de disputa de 20% para empresas nacionais, ou seja, organiza\u00e7\u00f5es brasileiras sairiam vencedoras de processos licitat\u00f3rios mesmo que o pre\u00e7o apresentado seja at\u00e9 20% mais alto que o oferecido pelos europeus.<\/p>\n<p>Um m\u00eas atr\u00e1s, durante visita \u00e0 Fran\u00e7a, Lula fez duras cr\u00edticas ao termo adicional (&#8220;side letter&#8221;) encaminhado pelo bloco europeu ao processo de acordo. Na ocasi\u00e3o, o chefe de Estado brasileiro classificou as posi\u00e7\u00f5es da UE como &#8220;amea\u00e7a&#8221; e disse que n\u00e3o poderia ser aceita nos termos colocados. &#8220;Estou doido para fazer um acordo com a Uni\u00e3o Europeia. <em>[Mas]<\/em> N\u00e3o \u00e9 poss\u00edvel a carta adicional feita pela Uni\u00e3o Europeia. Vamos mandar resposta, mas \u00e9 preciso que comecemos a discutir&#8221;, disse.<\/p>\n<p>Analistas enxergam as exig\u00eancias de Lula como uma forma de ratificar as prioridades do Mercosul e estabelecer uma moeda de troca frente a um aumento das exig\u00eancias ambientais dos negociadores europeus. No entanto, h\u00e1 receio de que tal posi\u00e7\u00e3o possa refletir na cria\u00e7\u00e3o de um impasse, o que poderia fazer com que novas negocia\u00e7\u00f5es fossem abertas, atrasando a assinatura do tratado, ou mesmo inviabilizando o acordo.<\/p>\n<p>Fontes ouvidas por esta reportagem apontam que ao fato de ter havido uma men\u00e7\u00e3o singela de que Uni\u00e3o Europeia e Mercosul t\u00eam trabalhado em parceria pelo acordo, sem citar perspectivas concretas pela conclus\u00e3o do acordo, no documento final assinado pelos participantes da reuni\u00e3o de c\u00fapula UE-Celac realizada em Bruxelas, pode ser um indicativo de que um desfecho que agrade ambas as partes segue distante.<\/p>\n<p>\u201cO aumento das exig\u00eancias por parte da Uni\u00e3o Europeia decorre de fatos protecionistas, oriundos da necessidade de manuten\u00e7\u00e3o de empregos dos europeus e manuten\u00e7\u00e3o de um crescimento econ\u00f4mico j\u00e1 decrescente em decorr\u00eancia da Guerra na Ucr\u00e2nia\u201d, analisou a economista Daniela Cardoso, mestre em Ci\u00eancias Sociais e professora da p\u00f3s-gradua\u00e7\u00e3o em Pol\u00edtica e Rela\u00e7\u00f5es Internacionais da Funda\u00e7\u00e3o Escola de Sociologia e Pol\u00edtica de S\u00e3o Paulo (FESPSP), que tem acompanhado as tratativas sobre o acordo.<\/p>\n<p>\u201cProvavelmente o acordo ser\u00e1 assinado com o enfraquecimento da guerra na Ucr\u00e2nia, e ap\u00f3s a elei\u00e7\u00e3o presidencial francesa para menor desgaste pol\u00edtico do atual presidente, mas a assinatura ocorrer\u00e1, pois a Europa j\u00e1 percebeu o aprofundamento das rela\u00e7\u00f5es entre Brasil e China, principalmente atrav\u00e9s de parceria na produ\u00e7\u00e3o de vacinas &#8211; \u00e1rea de forte atua\u00e7\u00e3o europeia\u201d, projetou.<\/p>\n<h2><strong>Agroneg\u00f3cio v\u00ea &#8220;sinais confusos&#8221;<\/strong><\/h2>\n<p>Ainda que identifique a exist\u00eancia de \u201cdeterminadas posi\u00e7\u00f5es mercadol\u00f3gicas de maneira gen\u00e9rica\u201d nos termos defendidos pelos europeus ao mesmo tempo em que o governo brasileiro tem emitido \u201csinais confusos\u201d para a conclus\u00e3o do acordo, o vice-presidente da Associa\u00e7\u00e3o Brasileira do Agroneg\u00f3cio (Abag), Ingo P\u00f6gler, reconhece a import\u00e2ncia de os dirigentes dos blocos chegarem a um consenso para facilitar o acesso a mercados.<\/p>\n<p>\u201cN\u00f3s reconhecemos a import\u00e2ncia do acordo para os dois lados. Mesmo n\u00e3o sendo o ideal, ele d\u00e1 esperan\u00e7a para possibilidades futuras. \u00c9 importante ter acesso ao mercado da Uni\u00e3o Europeia, que hoje se encontra fechado para muitos produtos\u201d, afirmou.<\/p>\n<p>Tamb\u00e9m procuradas pela reportagem, fontes da Associa\u00e7\u00e3o Brasileira de Prote\u00edna Animal (ABPA), que representa frigor\u00edficos de carne su\u00edna e tamb\u00e9m avicultores, informaram que s\u00e3o favor\u00e1veis \u00e0 assinatura do acordo, pela perspectiva de aumento nas exporta\u00e7\u00f5es a pa\u00edses europeus.<\/p>\n<p>A Secretaria de Com\u00e9rcio Exterior, \u00f3rg\u00e3o subordinado ao Minist\u00e9rio do Desenvolvimento, Ind\u00fastria e Com\u00e9rcio Exterior (MDIC), que tamb\u00e9m defende o acordo em uma publica\u00e7\u00e3o na sua p\u00e1gina na internet, estima que a assinatura do tratado poder\u00e1 trazer um incremento do PIB brasileiro de at\u00e9 US$ 125 bilh\u00f5es em 15 anos, al\u00e9m de projetar um aumento de US$ 113 bilh\u00f5es em investimentos estrangeiros no pa\u00eds no per\u00edodo.<\/p>\n<p>No in\u00edcio de junho, com a visita da presidente da Comiss\u00e3o Europeia, Ursula von der Leyen, a Bras\u00edlia, a Confedera\u00e7\u00e3o Nacional da Ind\u00fastria (CNI) divulgou um comunicado assinado de maneira conjunta com a Confedera\u00e7\u00e3o das Empresas Europeias (BusinessEurope) ratificando apoio ao acordo. O documento destaca que o com\u00e9rcio bilateral entre o bloco europeu e o Brasil atingiu um valor recorde de quase 90,5 bilh\u00f5es de euros em 2022.<\/p>\n<p>\u201cAo estabelecer uma das maiores \u00e1reas de livre com\u00e9rcio do mundo que cobriria quase um quarto da economia global e 31% das exporta\u00e7\u00f5es mundiais de bens, o acordo proporcionar\u00e1 benef\u00edcios concretos para ambos os blocos, inclusive no sentido de se atingir a neutralidade clim\u00e1tica\u201d, diz trecho do documento.<\/p>\n<h2><strong>Ipea recomenda cautela<\/strong><\/h2>\n<p>Na contram\u00e3o desses setores, uma nota divulgada pelo Instituto de Pesquisa Econ\u00f4mica Aplicada (Ipea) no in\u00edcio deste m\u00eas, feita a partir de simula\u00e7\u00f5es baseadas em par\u00e2metros de com\u00e9rcio tradicionais, recomenda cautela ao entender que os ganhos para a economia brasileira n\u00e3o ser\u00e3o significativos. Ligado ao Minist\u00e9rio do Planejamento e Or\u00e7amento, o \u00f3rg\u00e3o v\u00ea futuros preju\u00edzos ao processo de reindustrializa\u00e7\u00e3o do pa\u00eds, uma das bandeiras do governo Lula, que tamb\u00e9m foi uma das plataformas do petista durante a campanha presidencial.<\/p>\n<p>\u201cEnquanto as economias latino-americanas possuem vantagens comparativas em agricultura e minera\u00e7\u00e3o, o bloco de economias europeias tem vantagens comparativas em bens manufaturados. \u00c9 ponto pac\u00edfico que o acordo de livre-com\u00e9rcio entre os blocos ir\u00e1 acentuar este padr\u00e3o de especializa\u00e7\u00e3o das economias. O ganho potencial para as economias latino-americanas est\u00e1 no maior acesso aos mercados europeus para a exporta\u00e7\u00e3o de suas commodities e no barateamento de insumos e bens de consumo industriais. A perda, por sua vez, est\u00e1 no aprofundamento do processo de desindustrializa\u00e7\u00e3o de suas economias\u201d, comparou.<\/p>\n<p>The post <a rel=\"nofollow noopener\" href=\"https:\/\/www.infomoney.com.br\/politica\/acordo-entre-mercosul-e-uniao-europeia-pode-viver-impasse-entre-exigencias-ambientais-e-compras-governamentais\/\" target=\"_blank\">Acordo entre Mercosul e Uni\u00e3o Europeia pode viver impasse entre exig\u00eancias ambientais e compras governamentais<\/a> appeared first on <a rel=\"nofollow noopener\" href=\"https:\/\/www.infomoney.com.br\/\" target=\"_blank\">InfoMoney<\/a>.<\/p>\n","protected":false},"excerpt":{"rendered":"<p><img loading=\"lazy\" decoding=\"async\" width=\"300\" height=\"200\" src=\"https:\/\/www.infomoney.com.br\/wp-content\/uploads\/2019\/08\/mercosul.jpg?fit=300%2C200&amp;quality=70&amp;strip=all\" class=\"attachment-medium size-medium wp-post-image\" alt=\"\" data-attachment-id=\"690158\" data-permalink=\"https:\/\/www.infomoney.com.br\/mercosul-3\/\" data-orig-file=\"https:\/\/www.infomoney.com.br\/wp-content\/uploads\/2019\/08\/mercosul.jpg?fit=900%2C600&amp;quality=70&amp;strip=all\" data-orig-size=\"900,600\" data-comments-opened=\"1\" data-image-meta='{\"aperture\":\"0\",\"credit\":\"\",\"camera\":\"\",\"caption\":\"\",\"created_timestamp\":\"0\",\"copyright\":\"\",\"focal_length\":\"0\",\"iso\":\"0\",\"shutter_speed\":\"0\",\"title\":\"\",\"orientation\":\"0\"}' data-image-title=\"mercosul\" data-image-description=\"\" data-image-caption=\"\" data-medium-file=\"https:\/\/www.infomoney.com.br\/wp-content\/uploads\/2019\/08\/mercosul.jpg?fit=300%2C200&amp;quality=70&amp;strip=all\" data-large-file=\"https:\/\/www.infomoney.com.br\/wp-content\/uploads\/2019\/08\/mercosul.jpg?fit=900%2C600&amp;quality=70&amp;strip=all\">Secretaria de Com\u00e9cio Exterior projeta um aumento de US$ 113 bilh\u00f5es em investimentos estrangeiros no Brasil; Ipea v\u00ea preju\u00edzos \u00e0 reindustrializa\u00e7\u00e3o<\/p>\n<p>The post <a rel=\"nofollow\" href=\"https:\/\/www.infomoney.com.br\/politica\/acordo-entre-mercosul-e-uniao-europeia-pode-viver-impasse-entre-exigencias-ambientais-e-compras-governamentais\/\">Acordo entre Mercosul e Uni\u00e3o Europeia pode viver impasse entre exig\u00eancias ambientais e compras governamentais<\/a> appeared first on <a rel=\"nofollow\" href=\"https:\/\/www.infomoney.com.br\/\">InfoMoney<\/a>.<\/p>\n","protected":false},"author":47,"featured_media":0,"comment_status":"closed","ping_status":"closed","sticky":false,"template":"","format":"standard","meta":{"advgb_blocks_editor_width":"","advgb_blocks_columns_visual_guide":"","footnotes":""},"categories":[34,129,1473,47,1474],"tags":[35],"class_list":["post-26617","post","type-post","status-publish","format-standard","hentry","category-g1","category-luiz-inacio-lula-da-silva","category-mercosul","category-politica","category-uniao-europeia","tag-g1"],"author_meta":{"display_name":"luispereira","author_link":"https:\/\/sindaopcpb.org.br\/author\/luispereira\/"},"featured_img":null,"coauthors":[],"tax_additional":{"categories":{"linked":["<a href=\"https:\/\/sindaopcpb.org.br\/g1\/\" class=\"advgb-post-tax-term\">G1<\/a>","<a href=\"https:\/\/sindaopcpb.org.br\/luiz-inacio-lula-da-silva\/\" class=\"advgb-post-tax-term\">Luiz In\u00e1cio Lula da Silva<\/a>","<a href=\"https:\/\/sindaopcpb.org.br\/mercosul\/\" class=\"advgb-post-tax-term\">Mercosul<\/a>","<a href=\"https:\/\/sindaopcpb.org.br\/politica\/\" class=\"advgb-post-tax-term\">POLITICA<\/a>","<a href=\"https:\/\/sindaopcpb.org.br\/uniao-europeia\/\" class=\"advgb-post-tax-term\">Uni\u00e3o Europeia<\/a>"],"unlinked":["<span class=\"advgb-post-tax-term\">G1<\/span>","<span class=\"advgb-post-tax-term\">Luiz In\u00e1cio Lula da Silva<\/span>","<span class=\"advgb-post-tax-term\">Mercosul<\/span>","<span class=\"advgb-post-tax-term\">POLITICA<\/span>","<span class=\"advgb-post-tax-term\">Uni\u00e3o Europeia<\/span>"]},"tags":{"linked":["<a href=\"https:\/\/sindaopcpb.org.br\/uniao-europeia\/\" class=\"advgb-post-tax-term\">g1<\/a>"],"unlinked":["<span class=\"advgb-post-tax-term\">g1<\/span>"]}},"comment_count":"0","relative_dates":{"created":"Publicado 3 anos atr\u00e1s","modified":"Atualizado 3 anos atr\u00e1s"},"absolute_dates":{"created":"Publicado em 23 de julho de 2023","modified":"Atualizado em 23 de julho de 2023"},"absolute_dates_time":{"created":"Publicado em 23 de julho de 2023 09:00","modified":"Atualizado em 23 de julho de 2023 09:00"},"featured_img_caption":"","series_order":"","_links":{"self":[{"href":"https:\/\/sindaopcpb.org.br\/index.php\/wp-json\/wp\/v2\/posts\/26617","targetHints":{"allow":["GET"]}}],"collection":[{"href":"https:\/\/sindaopcpb.org.br\/index.php\/wp-json\/wp\/v2\/posts"}],"about":[{"href":"https:\/\/sindaopcpb.org.br\/index.php\/wp-json\/wp\/v2\/types\/post"}],"author":[{"embeddable":true,"href":"https:\/\/sindaopcpb.org.br\/index.php\/wp-json\/wp\/v2\/users\/47"}],"replies":[{"embeddable":true,"href":"https:\/\/sindaopcpb.org.br\/index.php\/wp-json\/wp\/v2\/comments?post=26617"}],"version-history":[{"count":2,"href":"https:\/\/sindaopcpb.org.br\/index.php\/wp-json\/wp\/v2\/posts\/26617\/revisions"}],"predecessor-version":[{"id":26729,"href":"https:\/\/sindaopcpb.org.br\/index.php\/wp-json\/wp\/v2\/posts\/26617\/revisions\/26729"}],"wp:attachment":[{"href":"https:\/\/sindaopcpb.org.br\/index.php\/wp-json\/wp\/v2\/media?parent=26617"}],"wp:term":[{"taxonomy":"category","embeddable":true,"href":"https:\/\/sindaopcpb.org.br\/index.php\/wp-json\/wp\/v2\/categories?post=26617"},{"taxonomy":"post_tag","embeddable":true,"href":"https:\/\/sindaopcpb.org.br\/index.php\/wp-json\/wp\/v2\/tags?post=26617"}],"curies":[{"name":"wp","href":"https:\/\/api.w.org\/{rel}","templated":true}]}}