{"id":26613,"date":"2023-07-23T08:51:18","date_gmt":"2023-07-23T11:51:18","guid":{"rendered":"https:\/\/wpa.wscom.com.br\/?p=913391"},"modified":"2023-07-23T08:51:18","modified_gmt":"2023-07-23T11:51:18","slug":"dino-defende-que-governo-lula-amplie-sua-base-em-alianca-com-o-centrao","status":"publish","type":"post","link":"https:\/\/sindaopcpb.org.br\/index.php\/2023\/07\/23\/dino-defende-que-governo-lula-amplie-sua-base-em-alianca-com-o-centrao\/","title":{"rendered":"Dino defende que governo Lula amplie sua base em alian\u00e7a com o centr\u00e3o"},"content":{"rendered":"<p>Fl\u00e1vio Dino, ministro da Justi\u00e7a e Seguran\u00e7a P\u00fablica e representante do PSB na Esplanada dos Minist\u00e9rios, defende a import\u00e2ncia da entrada do Centr\u00e3o no governo como uma medida positiva para fortalecer a base pol\u00edtica do Pal\u00e1cio do Planalto. Segundo ele\u00a0<a href=\"https:\/\/oglobo.globo.com\/politica\/noticia\/2023\/07\/23\/acho-que-e-importante-ampliar-a-base-com-o-centrao-diz-flavio-dino.ghtml\" rel=\"noopener nofollow\" target=\"_blank\"><u>afirmou em entrevista ao jornalista Sergio Roxo<\/u><\/a>, do Globo, a presen\u00e7a do Centr\u00e3o aumentaria o comprometimento desse grupo nas vota\u00e7\u00f5es no Congresso, baseando-se na &#8220;\u00e9tica do resultado&#8221;. No entanto, sua vis\u00e3o contrasta com a posi\u00e7\u00e3o do presidente de seu partido, Carlos Siqueira, que critica a alian\u00e7a com partidos que apoiaram o governo Bolsonaro.<\/p>\n<p>Fl\u00e1vio Dino explica que o espa\u00e7o ocupado pelo PSB no governo n\u00e3o \u00e9 exclusivamente uma quest\u00e3o de representa\u00e7\u00e3o partid\u00e1ria, citando exemplos de membros como Geraldo Alckmin, que est\u00e1 no minist\u00e9rio devido a suas conex\u00f5es econ\u00f4micas. O ministro considera sua atua\u00e7\u00e3o pol\u00edtica mais abrangente e acredita que a entrada do Centr\u00e3o aumentaria o compromisso pol\u00edtico com o governo, dada a for\u00e7a do Congresso atualmente.<\/p>\n<p>Em rela\u00e7\u00e3o ao projeto de regula\u00e7\u00e3o das redes sociais, Fl\u00e1vio Dino prev\u00ea que o tema pode voltar \u00e0 pauta da C\u00e2mara no segundo semestre, ap\u00f3s as quest\u00f5es econ\u00f4micas serem resolvidas. Quanto aos ataques sofridos pelo ministro do STF, Alexandre de Moraes, o ministro da Justi\u00e7a reitera que todas as medidas cab\u00edveis foram tomadas, mas acredita que ainda h\u00e1 &#8220;elos perdidos&#8221; a serem revelados sobre o ocorrido.<\/p>\n<p>Fl\u00e1vio Dino esclarece que n\u00e3o est\u00e1 buscando uma vaga no STF e n\u00e3o faz campanha para isso. Sua prioridade \u00e9 seu trabalho como ministro da Justi\u00e7a e Seguran\u00e7a P\u00fablica, e ele est\u00e1 satisfeito com suas responsabilidades atuais. Quanto \u00e0 perman\u00eancia do procurador-geral, Augusto Aras, o ministro ressalta que o presidente deve considerar todas as opini\u00f5es e deve conversar com diferentes pessoas antes de tomar uma decis\u00e3o.<\/p>\n<p>O post <a rel=\"nofollow noopener\" href=\"https:\/\/wscom.com.br\/dino-defende-que-governo-lula-amplie-sua-base-em-alianca-com-o-centrao\/\" target=\"_blank\">Dino defende que governo Lula amplie sua base em alian\u00e7a com o centr\u00e3o<\/a> apareceu primeiro em <a rel=\"nofollow noopener\" href=\"https:\/\/wscom.com.br\/\" target=\"_blank\">WSCOM<\/a>.<\/p>\n","protected":false},"excerpt":{"rendered":"<p>Fl\u00e1vio Dino, ministro da Justi\u00e7a e Seguran\u00e7a P\u00fablica e representante do PSB na Esplanada dos Minist\u00e9rios, defende a import\u00e2ncia da entrada do Centr\u00e3o no governo como uma medida positiva para fortalecer a base pol\u00edtica do Pal\u00e1cio do Planalto. Segundo ele\u00a0afirmou em entrevista ao jornalista Sergio Roxo, do Globo, a presen\u00e7a do Centr\u00e3o aumentaria o comprometimento [\u2026]<\/p>\n<p>O post <a rel=\"nofollow\" href=\"https:\/\/wscom.com.br\/dino-defende-que-governo-lula-amplie-sua-base-em-alianca-com-o-centrao\/\">Dino defende que governo Lula amplie sua base em alian\u00e7a com o centr\u00e3o<\/a> apareceu primeiro em <a rel=\"nofollow\" href=\"https:\/\/wscom.com.br\/\">WSCOM<\/a>.<\/p>\n","protected":false},"author":49,"featured_media":0,"comment_status":"closed","ping_status":"closed","sticky":false,"template":"","format":"standard","meta":{"advgb_blocks_editor_width":"","advgb_blocks_columns_visual_guide":"","footnotes":""},"categories":[1285,219,34,110,47],"tags":[35],"class_list":["post-26613","post","type-post","status-publish","format-standard","hentry","category-centrao","category-flavio-dino","category-g1","category-lula","category-politica","tag-g1"],"author_meta":{"display_name":"Cristiane Cavalcante","author_link":"https:\/\/sindaopcpb.org.br\/author\/cristiane-cavalcante\/"},"featured_img":null,"coauthors":[],"tax_additional":{"categories":{"linked":["<a href=\"https:\/\/sindaopcpb.org.br\/centrao\/\" class=\"advgb-post-tax-term\">Centr\u00e3o<\/a>","<a href=\"https:\/\/sindaopcpb.org.br\/flavio-dino\/\" class=\"advgb-post-tax-term\">fl\u00e1vio dino<\/a>","<a href=\"https:\/\/sindaopcpb.org.br\/g1\/\" class=\"advgb-post-tax-term\">G1<\/a>","<a href=\"https:\/\/sindaopcpb.org.br\/lula\/\" class=\"advgb-post-tax-term\">Lula<\/a>","<a href=\"https:\/\/sindaopcpb.org.br\/politica\/\" class=\"advgb-post-tax-term\">POLITICA<\/a>"],"unlinked":["<span class=\"advgb-post-tax-term\">Centr\u00e3o<\/span>","<span class=\"advgb-post-tax-term\">fl\u00e1vio dino<\/span>","<span class=\"advgb-post-tax-term\">G1<\/span>","<span class=\"advgb-post-tax-term\">Lula<\/span>","<span class=\"advgb-post-tax-term\">POLITICA<\/span>"]},"tags":{"linked":["<a href=\"https:\/\/sindaopcpb.org.br\/politica\/\" class=\"advgb-post-tax-term\">g1<\/a>"],"unlinked":["<span class=\"advgb-post-tax-term\">g1<\/span>"]}},"comment_count":"0","relative_dates":{"created":"Publicado 3 anos atr\u00e1s","modified":"Atualizado 3 anos atr\u00e1s"},"absolute_dates":{"created":"Publicado em 23 de julho de 2023","modified":"Atualizado em 23 de julho de 2023"},"absolute_dates_time":{"created":"Publicado em 23 de julho de 2023 08:51","modified":"Atualizado em 23 de julho de 2023 08:51"},"featured_img_caption":"","series_order":"","_links":{"self":[{"href":"https:\/\/sindaopcpb.org.br\/index.php\/wp-json\/wp\/v2\/posts\/26613","targetHints":{"allow":["GET"]}}],"collection":[{"href":"https:\/\/sindaopcpb.org.br\/index.php\/wp-json\/wp\/v2\/posts"}],"about":[{"href":"https:\/\/sindaopcpb.org.br\/index.php\/wp-json\/wp\/v2\/types\/post"}],"author":[{"embeddable":true,"href":"https:\/\/sindaopcpb.org.br\/index.php\/wp-json\/wp\/v2\/users\/49"}],"replies":[{"embeddable":true,"href":"https:\/\/sindaopcpb.org.br\/index.php\/wp-json\/wp\/v2\/comments?post=26613"}],"version-history":[{"count":2,"href":"https:\/\/sindaopcpb.org.br\/index.php\/wp-json\/wp\/v2\/posts\/26613\/revisions"}],"predecessor-version":[{"id":26614,"href":"https:\/\/sindaopcpb.org.br\/index.php\/wp-json\/wp\/v2\/posts\/26613\/revisions\/26614"}],"wp:attachment":[{"href":"https:\/\/sindaopcpb.org.br\/index.php\/wp-json\/wp\/v2\/media?parent=26613"}],"wp:term":[{"taxonomy":"category","embeddable":true,"href":"https:\/\/sindaopcpb.org.br\/index.php\/wp-json\/wp\/v2\/categories?post=26613"},{"taxonomy":"post_tag","embeddable":true,"href":"https:\/\/sindaopcpb.org.br\/index.php\/wp-json\/wp\/v2\/tags?post=26613"}],"curies":[{"name":"wp","href":"https:\/\/api.w.org\/{rel}","templated":true}]}}