{"id":26609,"date":"2023-07-22T18:27:35","date_gmt":"2023-07-22T21:27:35","guid":{"rendered":"https:\/\/www.infomoney.com.br\/?p=2194195"},"modified":"2023-07-22T18:27:35","modified_gmt":"2023-07-22T21:27:35","slug":"ministro-suspende-normas-que-permitem-salarios-acima-do-teto-em-goias","status":"publish","type":"post","link":"https:\/\/sindaopcpb.org.br\/index.php\/2023\/07\/22\/ministro-suspende-normas-que-permitem-salarios-acima-do-teto-em-goias\/","title":{"rendered":"Ministro suspende normas que permitem sal\u00e1rios acima do teto em Goi\u00e1s"},"content":{"rendered":"<p><img loading=\"lazy\" width=\"300\" height=\"200\" src=\"https:\/\/www.infomoney.com.br\/wp-content\/uploads\/2021\/12\/Andre_Mendonca.jpg?fit=300%2C200&amp;quality=70&amp;strip=all\" class=\"attachment-medium size-medium wp-post-image\" alt=\"\" decoding=\"async\" style=\"float:right; margin:0 0 10px 10px;\" srcset=\"https:\/\/www.infomoney.com.br\/wp-content\/uploads\/2021\/12\/Andre_Mendonca.jpg?w=799&amp;quality=70&amp;strip=all 799w, https:\/\/www.infomoney.com.br\/wp-content\/uploads\/2021\/12\/Andre_Mendonca.jpg?w=300&amp;quality=70&amp;strip=all 300w, https:\/\/www.infomoney.com.br\/wp-content\/uploads\/2021\/12\/Andre_Mendonca.jpg?w=768&amp;quality=70&amp;strip=all 768w, https:\/\/www.infomoney.com.br\/wp-content\/uploads\/2021\/12\/Andre_Mendonca.jpg?w=150&amp;quality=70&amp;strip=all 150w\" sizes=\"auto, (max-width: 300px) 100vw, 300px\" data-attachment-id=\"1742796\" data-permalink=\"https:\/\/www.infomoney.com.br\/politica\/senado-vota-pec-dos-precatorios-em-plenario-acompanhe\/attachment\/andre_mendonca\/\" data-orig-file=\"https:\/\/www.infomoney.com.br\/wp-content\/uploads\/2021\/12\/Andre_Mendonca.jpg?fit=799%2C533&amp;quality=70&amp;strip=all\" data-orig-size=\"799,533\" data-comments-opened=\"1\" data-image-meta=\"{&quot;aperture&quot;:&quot;0&quot;,&quot;credit&quot;:&quot;Marcos Oliveira\\\/Ag\\u00eancia Senado&quot;,&quot;camera&quot;:&quot;&quot;,&quot;caption&quot;:&quot;&quot;,&quot;created_timestamp&quot;:&quot;0&quot;,&quot;copyright&quot;:&quot;Senado Federal do Brasil&quot;,&quot;focal_length&quot;:&quot;0&quot;,&quot;iso&quot;:&quot;0&quot;,&quot;shutter_speed&quot;:&quot;0&quot;,&quot;title&quot;:&quot;&quot;,&quot;orientation&quot;:&quot;0&quot;}\" data-image-title=\"Andre_Mendon\u00e7a\" data-image-description=\"\" data-image-caption=\"\" data-medium-file=\"https:\/\/www.infomoney.com.br\/wp-content\/uploads\/2021\/12\/Andre_Mendonca.jpg?fit=300%2C200&amp;quality=70&amp;strip=all\" data-large-file=\"https:\/\/www.infomoney.com.br\/wp-content\/uploads\/2021\/12\/Andre_Mendonca.jpg?fit=799%2C533&amp;quality=70&amp;strip=all\" title=\"\"><\/p>\n<p>O ministro do Supremo Tribunal Federal (STF), Andr\u00e9 Mendon\u00e7a, suspendeu, neste s\u00e1bado (22), cinco leis do estado de Goi\u00e1s que permitem que os servidores p\u00fablicos estaduais recebam sal\u00e1rios acima do teto do funcionalismo p\u00fablico, previsto na Constitui\u00e7\u00e3o Federal de 1988. Atualmente, este teto \u00e9 o equivalente ao valor do sal\u00e1rio dos ministros do STF (R$ 41,6 mil).\u00a0<img decoding=\"async\" src=\"https:\/\/i0.wp.com\/agenciabrasil.ebc.com.br\/ebc.png?quality=70&#038;strip=all&#038;%23038;ssl=1\" data-recalc-dims=\"1\" alt=\"\" title=\"\"><img decoding=\"async\" src=\"https:\/\/i0.wp.com\/agenciabrasil.ebc.com.br\/ebc.gif?quality=70&#038;strip=all&#038;%23038;ssl=1\" data-recalc-dims=\"1\" alt=\"\" title=\"\"><\/p>\n<p>A medida cautelar concedida por Andr\u00e9 Mendon\u00e7a suspendeu imediatamente os efeitos das normas estaduais questionadas na a\u00e7\u00e3o direta de inconstitucionalidade (ADI 7402),\u00a0proposta pelo procurador-geral da Rep\u00fablica, Augusto Aras. A Advocacia-Geral da Uni\u00e3o (AGU) tamb\u00e9m se manifestou favor\u00e1vel ao deferimento da medida cautelar.<\/p>\n<p>A decis\u00e3o liminar ainda ser\u00e1 analisada pelos demais ministros da corte, no plen\u00e1rio do STF.<\/p>\n<h2>Verbas indenizat\u00f3rias<\/h2>\n<p>Os artigos questionados s\u00e3o de cinco leis estaduais que regulamentam as verbas indenizat\u00f3rias atribu\u00eddas tanto a comissionados, como a funcion\u00e1rios p\u00fablicos efetivos do governo do estado, do Poder Judici\u00e1rio estadual, do Tribunal de Contas do Estado de Goi\u00e1s e dos munic\u00edpios goianos, al\u00e9m de procuradores do Minist\u00e9rio P\u00fablico de Contas (arts. 92, \u00a7 2\u00ba, e 94, par\u00e1grafo \u00fanico, da Lei 21.792, de 2023; a Lei 21.831\/2023; o art. 2\u00ba da Lei 21.832\/2023; a Lei 21.833\/2023; e o art. 2\u00ba da Lei 21.761\/2022). As referidas normas regulamentavam o recebimento das chamadas \u201cverbas indenizat\u00f3rias&#8221;, que ultrapassam o limite fixado pelo teto do funcionalismo p\u00fablico. O ministro Mendon\u00e7a discordou do texto destas legisla\u00e7\u00f5es. \u201cPara que se tipifique um gasto como indenizat\u00f3rio, n\u00e3o basta que a norma assim o considere\u201d.<\/p>\n<p>Andr\u00e9 Mendon\u00e7a ressaltou que a Constitui\u00e7\u00e3o Federal estabelece os valores m\u00e1ximo e m\u00ednimo que podem prevalecer em qualquer das entidades pol\u00edticas ou suas entidades administrativas, em qualquer quadrante do pa\u00eds. \u201cTais valores correspondem aos limites m\u00e1ximo (fixado pelo subs\u00eddio do ministro do Supremo Tribunal Federal) e m\u00ednimo (que \u00e9 estabelecido pelo padr\u00e3o pecuni\u00e1rio definido legalmente como sal\u00e1rio m\u00ednimo para qualquer trabalhador)\u201d, escreveu o ministro em sua decis\u00e3o liminar.<\/p>\n<p>O magistrado entende ainda que valor m\u00e1ximo da remunera\u00e7\u00e3o recebido pelos servidores p\u00fablicos da Uni\u00e3o, estados, Distrito Federal e munic\u00edpios deve ser respeitado. \u201cA observ\u00e2ncia da norma de teto de retribui\u00e7\u00e3o representa verdadeira condi\u00e7\u00e3o de legitimidade para o pagamento das remunera\u00e7\u00f5es no servi\u00e7o p\u00fablico\u201d, diz nos autos o ministro do STF, Andr\u00e9 Mendon\u00e7a.<\/p>\n<p>The post <a rel=\"nofollow noopener\" href=\"https:\/\/www.infomoney.com.br\/politica\/ministro-suspende-normas-que-permitem-salarios-acima-do-teto-em-goias\/\" target=\"_blank\">Ministro suspende normas que permitem sal\u00e1rios acima do teto em Goi\u00e1s<\/a> appeared first on <a rel=\"nofollow noopener\" href=\"https:\/\/www.infomoney.com.br\/\" target=\"_blank\">InfoMoney<\/a>.<\/p>\n","protected":false},"excerpt":{"rendered":"<p><img loading=\"lazy\" decoding=\"async\" width=\"300\" height=\"200\" src=\"https:\/\/www.infomoney.com.br\/wp-content\/uploads\/2021\/12\/Andre_Mendonca.jpg?fit=300%2C200&amp;quality=70&amp;strip=all\" class=\"attachment-medium size-medium wp-post-image\" alt=\"\" data-attachment-id=\"1742796\" data-permalink=\"https:\/\/www.infomoney.com.br\/politica\/senado-vota-pec-dos-precatorios-em-plenario-acompanhe\/attachment\/andre_mendonca\/\" data-orig-file=\"https:\/\/www.infomoney.com.br\/wp-content\/uploads\/2021\/12\/Andre_Mendonca.jpg?fit=799%2C533&amp;quality=70&amp;strip=all\" data-orig-size=\"799,533\" data-comments-opened=\"1\" data-image-meta='{\"aperture\":\"0\",\"credit\":\"Marcos Oliveira\\\/Ag\\u00eancia Senado\",\"camera\":\"\",\"caption\":\"\",\"created_timestamp\":\"0\",\"copyright\":\"Senado Federal do Brasil\",\"focal_length\":\"0\",\"iso\":\"0\",\"shutter_speed\":\"0\",\"title\":\"\",\"orientation\":\"0\"}' data-image-title=\"Andre_Mendon\u00e7a\" data-image-description=\"\" data-image-caption=\"\" data-medium-file=\"https:\/\/www.infomoney.com.br\/wp-content\/uploads\/2021\/12\/Andre_Mendonca.jpg?fit=300%2C200&amp;quality=70&amp;strip=all\" data-large-file=\"https:\/\/www.infomoney.com.br\/wp-content\/uploads\/2021\/12\/Andre_Mendonca.jpg?fit=799%2C533&amp;quality=70&amp;strip=all\">Liminar de Andr\u00e9 Mendon\u00e7a ser\u00e1 analisada pelo plen\u00e1rio do STF<\/p>\n<p>The post <a rel=\"nofollow\" href=\"https:\/\/www.infomoney.com.br\/politica\/ministro-suspende-normas-que-permitem-salarios-acima-do-teto-em-goias\/\">Ministro suspende normas que permitem sal\u00e1rios acima do teto em Goi\u00e1s<\/a> appeared first on <a rel=\"nofollow\" href=\"https:\/\/www.infomoney.com.br\/\">InfoMoney<\/a>.<\/p>\n","protected":false},"author":44,"featured_media":0,"comment_status":"closed","ping_status":"closed","sticky":false,"template":"","format":"standard","meta":{"advgb_blocks_editor_width":"","advgb_blocks_columns_visual_guide":"","footnotes":""},"categories":[1575,34,1797,47,3930,449,6775],"tags":[35],"class_list":["post-26609","post","type-post","status-publish","format-standard","hentry","category-andre-mendonca","category-g1","category-poder-judiciario","category-politica","category-salario","category-stf","category-supersalarios","tag-g1"],"author_meta":{"display_name":"Ag\u00eancia Brasil","author_link":"https:\/\/sindaopcpb.org.br\/author\/agencia-brasil\/"},"featured_img":null,"coauthors":[],"tax_additional":{"categories":{"linked":["<a href=\"https:\/\/sindaopcpb.org.br\/andre-mendonca\/\" class=\"advgb-post-tax-term\">Andr\u00e9 Mendon\u00e7a<\/a>","<a href=\"https:\/\/sindaopcpb.org.br\/g1\/\" class=\"advgb-post-tax-term\">G1<\/a>","<a href=\"https:\/\/sindaopcpb.org.br\/poder-judiciario\/\" class=\"advgb-post-tax-term\">Poder Judici\u00e1rio<\/a>","<a href=\"https:\/\/sindaopcpb.org.br\/politica\/\" class=\"advgb-post-tax-term\">POLITICA<\/a>","<a href=\"https:\/\/sindaopcpb.org.br\/salario\/\" class=\"advgb-post-tax-term\">Sal\u00e1rio<\/a>","<a href=\"https:\/\/sindaopcpb.org.br\/stf\/\" class=\"advgb-post-tax-term\">STF<\/a>","<a href=\"https:\/\/sindaopcpb.org.br\/supersalarios\/\" class=\"advgb-post-tax-term\">Supersal\u00e1rios<\/a>"],"unlinked":["<span class=\"advgb-post-tax-term\">Andr\u00e9 Mendon\u00e7a<\/span>","<span class=\"advgb-post-tax-term\">G1<\/span>","<span class=\"advgb-post-tax-term\">Poder Judici\u00e1rio<\/span>","<span class=\"advgb-post-tax-term\">POLITICA<\/span>","<span class=\"advgb-post-tax-term\">Sal\u00e1rio<\/span>","<span class=\"advgb-post-tax-term\">STF<\/span>","<span class=\"advgb-post-tax-term\">Supersal\u00e1rios<\/span>"]},"tags":{"linked":["<a href=\"https:\/\/sindaopcpb.org.br\/supersalarios\/\" class=\"advgb-post-tax-term\">g1<\/a>"],"unlinked":["<span class=\"advgb-post-tax-term\">g1<\/span>"]}},"comment_count":"0","relative_dates":{"created":"Publicado 3 anos atr\u00e1s","modified":"Atualizado 3 anos atr\u00e1s"},"absolute_dates":{"created":"Publicado em 22 de julho de 2023","modified":"Atualizado em 22 de julho de 2023"},"absolute_dates_time":{"created":"Publicado em 22 de julho de 2023 18:27","modified":"Atualizado em 22 de julho de 2023 18:27"},"featured_img_caption":"","series_order":"","_links":{"self":[{"href":"https:\/\/sindaopcpb.org.br\/index.php\/wp-json\/wp\/v2\/posts\/26609","targetHints":{"allow":["GET"]}}],"collection":[{"href":"https:\/\/sindaopcpb.org.br\/index.php\/wp-json\/wp\/v2\/posts"}],"about":[{"href":"https:\/\/sindaopcpb.org.br\/index.php\/wp-json\/wp\/v2\/types\/post"}],"author":[{"embeddable":true,"href":"https:\/\/sindaopcpb.org.br\/index.php\/wp-json\/wp\/v2\/users\/44"}],"replies":[{"embeddable":true,"href":"https:\/\/sindaopcpb.org.br\/index.php\/wp-json\/wp\/v2\/comments?post=26609"}],"version-history":[{"count":1,"href":"https:\/\/sindaopcpb.org.br\/index.php\/wp-json\/wp\/v2\/posts\/26609\/revisions"}],"predecessor-version":[{"id":26610,"href":"https:\/\/sindaopcpb.org.br\/index.php\/wp-json\/wp\/v2\/posts\/26609\/revisions\/26610"}],"wp:attachment":[{"href":"https:\/\/sindaopcpb.org.br\/index.php\/wp-json\/wp\/v2\/media?parent=26609"}],"wp:term":[{"taxonomy":"category","embeddable":true,"href":"https:\/\/sindaopcpb.org.br\/index.php\/wp-json\/wp\/v2\/categories?post=26609"},{"taxonomy":"post_tag","embeddable":true,"href":"https:\/\/sindaopcpb.org.br\/index.php\/wp-json\/wp\/v2\/tags?post=26609"}],"curies":[{"name":"wp","href":"https:\/\/api.w.org\/{rel}","templated":true}]}}