{"id":26603,"date":"2023-07-22T18:07:04","date_gmt":"2023-07-22T21:07:04","guid":{"rendered":"https:\/\/wpa.wscom.com.br\/?p=913364"},"modified":"2023-07-22T18:07:04","modified_gmt":"2023-07-22T21:07:04","slug":"mel-maia-mostra-bronzeado-em-biquini-asa-delta-ecomemora-ferias-em-paris","status":"publish","type":"post","link":"https:\/\/sindaopcpb.org.br\/index.php\/2023\/07\/22\/mel-maia-mostra-bronzeado-em-biquini-asa-delta-ecomemora-ferias-em-paris\/","title":{"rendered":"Mel Maia mostra bronzeado em biqu\u00edni asa-delta ecomemora f\u00e9rias em Paris"},"content":{"rendered":"<div class=\"mc-column content-text active-extra-styles active-capital-letter\" data-block-type=\"unstyled\" data-block-weight=\"52\" data-block-id=\"2\">\n<p class=\"content-text__container theme-color-primary-first-letter\" data-track-category=\"Link no Texto\" data-track-links=\"\"><strong>Mel Maia<\/strong> est\u00e1 oficialmente de f\u00e9rias! Ap\u00f3s o papel como a influenciadora Guiga, em\u00a0<em>Vai na F\u00e9<\/em>, a atriz iniciou o per\u00edodo de descanso mostrando um biqu\u00edni asa-delta que destaca seu bronzeado em candy colors e tie dye.<\/p>\n<p class=\"content-text__container theme-color-primary-first-letter\" data-track-category=\"Link no Texto\" data-track-links=\"\">A influenciadora ainda aproveitou para exaltar sua beleza e afirmou: &#8220;Que obra de arte!&#8221;<\/p>\n<\/div>\n<div class=\"wall protected-content\">\n<div class=\"related-article-container mc-column\" data-block-type=\"saiba-mais\" data-track-category=\"multicontent\" data-track-action=\"saiba mais v2\" data-block-id=\"3\"><\/div>\n<\/div>\n<p>O post <a rel=\"nofollow noopener\" href=\"https:\/\/wscom.com.br\/mel-maia-mostra-bronzeado-em-biquini-asa-delta-ecomemora-ferias-em-paris\/\" target=\"_blank\">Mel Maia mostra bronzeado em biqu\u00edni asa-delta ecomemora f\u00e9rias em Paris<\/a> apareceu primeiro em <a rel=\"nofollow noopener\" href=\"https:\/\/wscom.com.br\/\" target=\"_blank\">WSCOM<\/a>.<\/p>\n","protected":false},"excerpt":{"rendered":"<p>Mel Maia est\u00e1 oficialmente de f\u00e9rias! Ap\u00f3s o papel como a influenciadora Guiga, em\u00a0Vai na F\u00e9, a atriz iniciou o per\u00edodo de descanso mostrando um biqu\u00edni asa-delta que destaca seu bronzeado em candy colors e tie dye.<br \/>\nA influenciadora ainda aproveitou p&#8230;<\/p>\n","protected":false},"author":50,"featured_media":0,"comment_status":"closed","ping_status":"closed","sticky":false,"template":"","format":"standard","meta":{"advgb_blocks_editor_width":"","advgb_blocks_columns_visual_guide":"","footnotes":""},"categories":[1619,436,34,3546,4538],"tags":[35],"class_list":["post-26603","post","type-post","status-publish","format-standard","hentry","category-biquini","category-celebridades","category-g1","category-maia","category-mel","tag-g1"],"author_meta":{"display_name":"Wallyson","author_link":"https:\/\/sindaopcpb.org.br\/author\/wallyson\/"},"featured_img":null,"coauthors":[],"tax_additional":{"categories":{"linked":["<a href=\"https:\/\/sindaopcpb.org.br\/biquini\/\" class=\"advgb-post-tax-term\">Biqu\u00edni<\/a>","<a href=\"https:\/\/sindaopcpb.org.br\/celebridades\/\" class=\"advgb-post-tax-term\">Celebridades<\/a>","<a href=\"https:\/\/sindaopcpb.org.br\/g1\/\" class=\"advgb-post-tax-term\">G1<\/a>","<a href=\"https:\/\/sindaopcpb.org.br\/maia\/\" class=\"advgb-post-tax-term\">Maia<\/a>","<a href=\"https:\/\/sindaopcpb.org.br\/mel\/\" class=\"advgb-post-tax-term\">mel<\/a>"],"unlinked":["<span class=\"advgb-post-tax-term\">Biqu\u00edni<\/span>","<span class=\"advgb-post-tax-term\">Celebridades<\/span>","<span class=\"advgb-post-tax-term\">G1<\/span>","<span class=\"advgb-post-tax-term\">Maia<\/span>","<span class=\"advgb-post-tax-term\">mel<\/span>"]},"tags":{"linked":["<a href=\"https:\/\/sindaopcpb.org.br\/mel\/\" class=\"advgb-post-tax-term\">g1<\/a>"],"unlinked":["<span class=\"advgb-post-tax-term\">g1<\/span>"]}},"comment_count":"0","relative_dates":{"created":"Publicado 3 anos atr\u00e1s","modified":"Atualizado 3 anos atr\u00e1s"},"absolute_dates":{"created":"Publicado em 22 de julho de 2023","modified":"Atualizado em 22 de julho de 2023"},"absolute_dates_time":{"created":"Publicado em 22 de julho de 2023 18:07","modified":"Atualizado em 22 de julho de 2023 18:07"},"featured_img_caption":"","series_order":"","_links":{"self":[{"href":"https:\/\/sindaopcpb.org.br\/index.php\/wp-json\/wp\/v2\/posts\/26603","targetHints":{"allow":["GET"]}}],"collection":[{"href":"https:\/\/sindaopcpb.org.br\/index.php\/wp-json\/wp\/v2\/posts"}],"about":[{"href":"https:\/\/sindaopcpb.org.br\/index.php\/wp-json\/wp\/v2\/types\/post"}],"author":[{"embeddable":true,"href":"https:\/\/sindaopcpb.org.br\/index.php\/wp-json\/wp\/v2\/users\/50"}],"replies":[{"embeddable":true,"href":"https:\/\/sindaopcpb.org.br\/index.php\/wp-json\/wp\/v2\/comments?post=26603"}],"version-history":[{"count":1,"href":"https:\/\/sindaopcpb.org.br\/index.php\/wp-json\/wp\/v2\/posts\/26603\/revisions"}],"predecessor-version":[{"id":26604,"href":"https:\/\/sindaopcpb.org.br\/index.php\/wp-json\/wp\/v2\/posts\/26603\/revisions\/26604"}],"wp:attachment":[{"href":"https:\/\/sindaopcpb.org.br\/index.php\/wp-json\/wp\/v2\/media?parent=26603"}],"wp:term":[{"taxonomy":"category","embeddable":true,"href":"https:\/\/sindaopcpb.org.br\/index.php\/wp-json\/wp\/v2\/categories?post=26603"},{"taxonomy":"post_tag","embeddable":true,"href":"https:\/\/sindaopcpb.org.br\/index.php\/wp-json\/wp\/v2\/tags?post=26603"}],"curies":[{"name":"wp","href":"https:\/\/api.w.org\/{rel}","templated":true}]}}