{"id":26541,"date":"2023-07-22T09:46:42","date_gmt":"2023-07-22T12:46:42","guid":{"rendered":"https:\/\/wpa.wscom.com.br\/?p=913304"},"modified":"2023-07-22T09:46:42","modified_gmt":"2023-07-22T12:46:42","slug":"paraiba-firma-parceria-com-o-governo-federal-para-fomentar-agricultura-e-impulsionar-desenvolvimento-no-sertao","status":"publish","type":"post","link":"https:\/\/sindaopcpb.org.br\/index.php\/2023\/07\/22\/paraiba-firma-parceria-com-o-governo-federal-para-fomentar-agricultura-e-impulsionar-desenvolvimento-no-sertao\/","title":{"rendered":"Para\u00edba firma parceria com o Governo Federal para fomentar agricultura e impulsionar desenvolvimento no Sert\u00e3o"},"content":{"rendered":"<p>O governador em exerc\u00edcio Lucas Ribeiro encerrou sua agenda administrativa pelo Sert\u00e3o Paraibano, nessa sexta-feira (21),\u00a0\u00a0com importantes acordos para o desenvolvimento da regi\u00e3o. Em parceria com o Departamento Nacional de Obras contra as Secas (Dnocs), foram assinados termos de coopera\u00e7\u00e3o que visam promover a piscicultura e regularizar a situa\u00e7\u00e3o fundi\u00e1ria do distrito de S\u00e3o Gon\u00e7alo, em Sousa, al\u00e9m de possibilitar a reforma da Escola Estadual Estev\u00e3o Marinho, na mesma localidade.<\/p>\n<p>O primeiro termo de coopera\u00e7\u00e3o celebrado tem como objetivo a implanta\u00e7\u00e3o da esta\u00e7\u00e3o de piscicultura Joaquim Firmino Filho, que visa ampliar o estoque pesqueiro dos a\u00e7udes na Para\u00edba, possibilitando a produ\u00e7\u00e3o de alevinos, al\u00e9m de fomentar a pesca profissional e de subsist\u00eancia da popula\u00e7\u00e3o local.<\/p>\n<p>O segundo termo de coopera\u00e7\u00e3o \u00e9 voltado para a regulariza\u00e7\u00e3o fundi\u00e1ria e revis\u00e3o cadastral dos moradores do per\u00edmetro irrigado de S\u00e3o Gon\u00e7alo. Com a iniciativa, ser\u00e1 poss\u00edvel entregar os t\u00edtulos de propriedade dos lotes \u00e0s mais de 1.014 fam\u00edlias que residem no local. A parceria com o Dnocs tamb\u00e9m inclui a cess\u00e3o do terreno onde est\u00e1 localizada a Escola Estadual Estev\u00e3o Marinho, que agora passa a ser de titularidade do Governo do Estado.<\/p>\n<p>O governador em exerc\u00edcio Lucas Ribeiro comemorou os acordos realizados com o Dnocs. \u201cFicamos felizes em celebrar essa parceria, que vai trazer, al\u00e9m de seguran\u00e7a jur\u00eddica, mais dignidade \u00e0s fam\u00edlias que aqui vivem. Estamos investindo no fortalecimento da economia local, promovendo a pesca sustent\u00e1vel e a agricultura. Al\u00e9m disso, a cess\u00e3o do terreno da escola nos permitir\u00e1 reformar o espa\u00e7o e proporcionar educa\u00e7\u00e3o de qualidade em um ambiente adequado para nossos estudantes\u201d, destacou.<\/p>\n<p>O coordenador estadual do Dnocs, Alberto Gomes, ressaltou a import\u00e2ncia do momento. \u201cA gente sabe da import\u00e2ncia dos termos de coopera\u00e7\u00e3o assinados hoje, que representam um passo significativo para o desenvolvimento dessa regi\u00e3o. O Dnocs est\u00e1 empenhado em contribuir para o sucesso dessas iniciativas e continuar\u00e1 \u00e0 disposi\u00e7\u00e3o para parcerias em prol dos paraibanos.\u201d<\/p>\n<p>Por sua vez, o prefeito de Sousa, F\u00e1bio Tyrone, disse que os acordos assinados s\u00e3o de extrema import\u00e2ncia para o crescimento do munic\u00edpio. \u201cAqui a gente tem o sol, a \u00e1gua e uma gente trabalhadora que, com incentivos como os que foram celebrados hoje, pode ter ainda mais oportunidades de crescimento. Agrade\u00e7o ao Governo do Estado pela parceria e aten\u00e7\u00e3o com nosso munic\u00edpio e todos os sousenses.\u201d<\/p>\n<p>Estiveram presentes na agenda do governador em exerc\u00edcio, a senadora Daniella Ribeiro, os deputados Wilson Santiago e Chico Mendes, os prefeitos F\u00e1bio Tyrone (Sousa), Lucas Braga (Mariz\u00f3polis) e Marcelo Vale (Nazarezinho), o secret\u00e1rio Joaquim Hugo (Agropecu\u00e1ria e Pesca), Lindolfo Pires (Juventude, Esporte e Lazer), al\u00e9m de vereadores e lideran\u00e7as da regi\u00e3o.<\/p>\n<p>O post <a rel=\"nofollow noopener\" href=\"https:\/\/wscom.com.br\/paraiba-firma-parceria-com-o-governo-federal-para-fomentar-agricultura-e-impulsionar-desenvolvimento-no-sertao\/\" target=\"_blank\">Para\u00edba firma parceria com o Governo Federal para fomentar agricultura e impulsionar desenvolvimento no Sert\u00e3o<\/a> apareceu primeiro em <a rel=\"nofollow noopener\" href=\"https:\/\/wscom.com.br\/\" target=\"_blank\">WSCOM<\/a>.<\/p>\n","protected":false},"excerpt":{"rendered":"<p>O governador em exerc\u00edcio Lucas Ribeiro encerrou sua agenda administrativa pelo Sert\u00e3o Paraibano, nessa sexta-feira (21),\u00a0\u00a0com importantes acordos para o desenvolvimento da regi\u00e3o. Em parceria com o Departamento Nacional de Obras contra as Secas (Dnocs), foram assinados termos de coopera\u00e7\u00e3o que visam promover a piscicultura e regularizar a situa\u00e7\u00e3o fundi\u00e1ria do distrito de S\u00e3o Gon\u00e7alo, [\u2026]<\/p>\n<p>O post <a rel=\"nofollow\" href=\"https:\/\/wscom.com.br\/paraiba-firma-parceria-com-o-governo-federal-para-fomentar-agricultura-e-impulsionar-desenvolvimento-no-sertao\/\">Para\u00edba firma parceria com o Governo Federal para fomentar agricultura e impulsionar desenvolvimento no Sert\u00e3o<\/a> apareceu primeiro em <a rel=\"nofollow\" href=\"https:\/\/wscom.com.br\/\">WSCOM<\/a>.<\/p>\n","protected":false},"author":50,"featured_media":0,"comment_status":"closed","ping_status":"closed","sticky":false,"template":"","format":"standard","meta":{"advgb_blocks_editor_width":"","advgb_blocks_columns_visual_guide":"","footnotes":""},"categories":[6759,1061,34,260,47],"tags":[35],"class_list":["post-26541","post","type-post","status-publish","format-standard","hentry","category-dnocs","category-federal","category-g1","category-governo","category-politica","tag-g1"],"author_meta":{"display_name":"Wallyson","author_link":"https:\/\/sindaopcpb.org.br\/author\/wallyson\/"},"featured_img":null,"coauthors":[],"tax_additional":{"categories":{"linked":["<a href=\"https:\/\/sindaopcpb.org.br\/dnocs\/\" class=\"advgb-post-tax-term\">DNOCS<\/a>","<a href=\"https:\/\/sindaopcpb.org.br\/federal\/\" class=\"advgb-post-tax-term\">Federal<\/a>","<a href=\"https:\/\/sindaopcpb.org.br\/g1\/\" class=\"advgb-post-tax-term\">G1<\/a>","<a href=\"https:\/\/sindaopcpb.org.br\/governo\/\" class=\"advgb-post-tax-term\">Governo<\/a>","<a href=\"https:\/\/sindaopcpb.org.br\/politica\/\" class=\"advgb-post-tax-term\">POLITICA<\/a>"],"unlinked":["<span class=\"advgb-post-tax-term\">DNOCS<\/span>","<span class=\"advgb-post-tax-term\">Federal<\/span>","<span class=\"advgb-post-tax-term\">G1<\/span>","<span class=\"advgb-post-tax-term\">Governo<\/span>","<span class=\"advgb-post-tax-term\">POLITICA<\/span>"]},"tags":{"linked":["<a href=\"https:\/\/sindaopcpb.org.br\/politica\/\" class=\"advgb-post-tax-term\">g1<\/a>"],"unlinked":["<span class=\"advgb-post-tax-term\">g1<\/span>"]}},"comment_count":"0","relative_dates":{"created":"Publicado 3 anos atr\u00e1s","modified":"Atualizado 3 anos atr\u00e1s"},"absolute_dates":{"created":"Publicado em 22 de julho de 2023","modified":"Atualizado em 22 de julho de 2023"},"absolute_dates_time":{"created":"Publicado em 22 de julho de 2023 09:46","modified":"Atualizado em 22 de julho de 2023 09:46"},"featured_img_caption":"","series_order":"","_links":{"self":[{"href":"https:\/\/sindaopcpb.org.br\/index.php\/wp-json\/wp\/v2\/posts\/26541","targetHints":{"allow":["GET"]}}],"collection":[{"href":"https:\/\/sindaopcpb.org.br\/index.php\/wp-json\/wp\/v2\/posts"}],"about":[{"href":"https:\/\/sindaopcpb.org.br\/index.php\/wp-json\/wp\/v2\/types\/post"}],"author":[{"embeddable":true,"href":"https:\/\/sindaopcpb.org.br\/index.php\/wp-json\/wp\/v2\/users\/50"}],"replies":[{"embeddable":true,"href":"https:\/\/sindaopcpb.org.br\/index.php\/wp-json\/wp\/v2\/comments?post=26541"}],"version-history":[{"count":1,"href":"https:\/\/sindaopcpb.org.br\/index.php\/wp-json\/wp\/v2\/posts\/26541\/revisions"}],"predecessor-version":[{"id":26542,"href":"https:\/\/sindaopcpb.org.br\/index.php\/wp-json\/wp\/v2\/posts\/26541\/revisions\/26542"}],"wp:attachment":[{"href":"https:\/\/sindaopcpb.org.br\/index.php\/wp-json\/wp\/v2\/media?parent=26541"}],"wp:term":[{"taxonomy":"category","embeddable":true,"href":"https:\/\/sindaopcpb.org.br\/index.php\/wp-json\/wp\/v2\/categories?post=26541"},{"taxonomy":"post_tag","embeddable":true,"href":"https:\/\/sindaopcpb.org.br\/index.php\/wp-json\/wp\/v2\/tags?post=26541"}],"curies":[{"name":"wp","href":"https:\/\/api.w.org\/{rel}","templated":true}]}}