{"id":26526,"date":"2023-07-21T18:06:39","date_gmt":"2023-07-21T21:06:39","guid":{"rendered":"https:\/\/wpa.wscom.com.br\/?p=913225"},"modified":"2023-07-21T18:06:39","modified_gmt":"2023-07-21T21:06:39","slug":"vitor-hugo-ameaca-deixar-uniao-brasil-caso-nilvan-se-filie-e-george-morais-defende-autonomia-de-efraim-no-partido","status":"publish","type":"post","link":"https:\/\/sindaopcpb.org.br\/index.php\/2023\/07\/21\/vitor-hugo-ameaca-deixar-uniao-brasil-caso-nilvan-se-filie-e-george-morais-defende-autonomia-de-efraim-no-partido\/","title":{"rendered":"Vitor Hugo amea\u00e7a deixar Uni\u00e3o Brasil caso Nilvan se filie, e George Morais defende autonomia de Efraim no partido"},"content":{"rendered":"<p>O prefeito de Cabedelo, V\u00edtor Hugo (Uni\u00e3o Brasil), criticou a aproxima\u00e7\u00e3o\u00a0 do senador Efraim Morais com o comunicador Nilvan, que pode ser candidato \u00e0 prefeitura de Jo\u00e3o Pessoa. V\u00edtor Hugo afirmou que Efraim Morais tem uma d\u00edvida de lealdade com o prefeito C\u00edcero Lucena e insinuou que Nilvan Ferreira n\u00e3o teria espa\u00e7o no partido.<\/p>\n<p>Hugo argumentou que grande parte dos votos que levaram Efraim Morais ao Senado, em Jo\u00e3o Pessoa, vieram da base de C\u00edcero Lucena. Ele tamb\u00e9m afirmou que pediu ao prefeito de Jo\u00e3o Pessoa para n\u00e3o interferir no apoio dos vereadores a Efraim durante as elei\u00e7\u00f5es.<\/p>\n<p>Vito cogitou sair do Uni\u00e3o: &#8220;Eu jamais terei problema com Efraim, comecei no PFL e voltei ao Uni\u00e3o, mas onde cabe Nilvan n\u00e3o cabe Vitor Hugo, n\u00e3o fa\u00e7o pol\u00edtica por oportunismo, h\u00e1 pouco tempo ele era do PCdoB, depois do MDB&#8230; com a chegada de Nilvan, o Uni\u00e3o pode estar perdendo o vice-presidente estadual&#8221;.<\/p>\n<p>Em resposta, George Morais, irm\u00e3o de Efraim Filho, defendeu a autonomia de Efraim, assim como de Vitor Hugo. George destacou que o di\u00e1logo com diversos setores pol\u00edticos foi fundamental para a elei\u00e7\u00e3o de seu irm\u00e3o ao cargo de senador nas elei\u00e7\u00f5es de 2022.<\/p>\n<p>&#8220;Como senador da Rep\u00fablica Efraim tem total liberdade e autonomia para conversar com todos os campos, inclusive isso foi uma das caracter\u00edsticas, uma das marcas da vit\u00f3ria de Efraim na \u00faltima elei\u00e7\u00e3o. Quem votou exclusivamente na esquerda foi derrotado, quem votou exclusivamente na direita foi derrotado e n\u00f3s constru\u00edmos essa alian\u00e7a com apoios no PSB, no Progressistas, no MDB, no Uni\u00e3o. Ent\u00e3o n\u00e3o nos furtaremos de conversar com todas as lideran\u00e7as pol\u00edticas da Para\u00edba&#8221;, disse.<\/p>\n<p>O post <a rel=\"nofollow noopener\" href=\"https:\/\/wscom.com.br\/vitor-hugo-ameaca-deixar-uniao-brasil-caso-nilvan-se-filie-e-george-morais-defende-autonomia-de-efraim-no-partido\/\" target=\"_blank\">Vitor Hugo amea\u00e7a deixar Uni\u00e3o Brasil caso Nilvan se filie, e George Morais defende autonomia de Efraim no partido<\/a> apareceu primeiro em <a rel=\"nofollow noopener\" href=\"https:\/\/wscom.com.br\/\" target=\"_blank\">WSCOM<\/a>.<\/p>\n","protected":false},"excerpt":{"rendered":"<p>O prefeito de Cabedelo, V\u00edtor Hugo (Uni\u00e3o Brasil), criticou a aproxima\u00e7\u00e3o\u00a0 do senador Efraim Morais com o comunicador Nilvan, que pode ser candidato \u00e0 prefeitura de Jo\u00e3o Pessoa. V\u00edtor Hugo afirmou que Efraim Morais tem uma d\u00edvida de lealdade com o prefeito C\u00edcero Lucena e insinuou que Nilvan Ferreira n\u00e3o teria espa\u00e7o no partido. Hugo [\u2026]<\/p>\n<p>O post <a rel=\"nofollow\" href=\"https:\/\/wscom.com.br\/vitor-hugo-ameaca-deixar-uniao-brasil-caso-nilvan-se-filie-e-george-morais-defende-autonomia-de-efraim-no-partido\/\">Vitor Hugo amea\u00e7a deixar Uni\u00e3o Brasil caso Nilvan se filie, e George Morais defende autonomia de Efraim no partido<\/a> apareceu primeiro em <a rel=\"nofollow\" href=\"https:\/\/wscom.com.br\/\">WSCOM<\/a>.<\/p>\n","protected":false},"author":50,"featured_media":0,"comment_status":"closed","ping_status":"closed","sticky":false,"template":"","format":"standard","meta":{"advgb_blocks_editor_width":"","advgb_blocks_columns_visual_guide":"","footnotes":""},"categories":[115,1709,34,47,4028],"tags":[35],"class_list":["post-26526","post","type-post","status-publish","format-standard","hentry","category-brasil","category-efraim","category-g1","category-politica","category-uniao","tag-g1"],"author_meta":{"display_name":"Wallyson","author_link":"https:\/\/sindaopcpb.org.br\/author\/wallyson\/"},"featured_img":null,"coauthors":[],"tax_additional":{"categories":{"linked":["<a href=\"https:\/\/sindaopcpb.org.br\/brasil\/\" class=\"advgb-post-tax-term\">Brasil<\/a>","<a href=\"https:\/\/sindaopcpb.org.br\/efraim\/\" class=\"advgb-post-tax-term\">efraim<\/a>","<a href=\"https:\/\/sindaopcpb.org.br\/g1\/\" class=\"advgb-post-tax-term\">G1<\/a>","<a href=\"https:\/\/sindaopcpb.org.br\/politica\/\" class=\"advgb-post-tax-term\">POLITICA<\/a>","<a href=\"https:\/\/sindaopcpb.org.br\/uniao\/\" class=\"advgb-post-tax-term\">uni\u00e3o<\/a>"],"unlinked":["<span class=\"advgb-post-tax-term\">Brasil<\/span>","<span class=\"advgb-post-tax-term\">efraim<\/span>","<span class=\"advgb-post-tax-term\">G1<\/span>","<span class=\"advgb-post-tax-term\">POLITICA<\/span>","<span class=\"advgb-post-tax-term\">uni\u00e3o<\/span>"]},"tags":{"linked":["<a href=\"https:\/\/sindaopcpb.org.br\/uniao\/\" class=\"advgb-post-tax-term\">g1<\/a>"],"unlinked":["<span class=\"advgb-post-tax-term\">g1<\/span>"]}},"comment_count":"0","relative_dates":{"created":"Publicado 3 anos atr\u00e1s","modified":"Atualizado 3 anos atr\u00e1s"},"absolute_dates":{"created":"Publicado em 21 de julho de 2023","modified":"Atualizado em 21 de julho de 2023"},"absolute_dates_time":{"created":"Publicado em 21 de julho de 2023 18:06","modified":"Atualizado em 21 de julho de 2023 18:06"},"featured_img_caption":"","series_order":"","_links":{"self":[{"href":"https:\/\/sindaopcpb.org.br\/index.php\/wp-json\/wp\/v2\/posts\/26526","targetHints":{"allow":["GET"]}}],"collection":[{"href":"https:\/\/sindaopcpb.org.br\/index.php\/wp-json\/wp\/v2\/posts"}],"about":[{"href":"https:\/\/sindaopcpb.org.br\/index.php\/wp-json\/wp\/v2\/types\/post"}],"author":[{"embeddable":true,"href":"https:\/\/sindaopcpb.org.br\/index.php\/wp-json\/wp\/v2\/users\/50"}],"replies":[{"embeddable":true,"href":"https:\/\/sindaopcpb.org.br\/index.php\/wp-json\/wp\/v2\/comments?post=26526"}],"version-history":[{"count":1,"href":"https:\/\/sindaopcpb.org.br\/index.php\/wp-json\/wp\/v2\/posts\/26526\/revisions"}],"predecessor-version":[{"id":26527,"href":"https:\/\/sindaopcpb.org.br\/index.php\/wp-json\/wp\/v2\/posts\/26526\/revisions\/26527"}],"wp:attachment":[{"href":"https:\/\/sindaopcpb.org.br\/index.php\/wp-json\/wp\/v2\/media?parent=26526"}],"wp:term":[{"taxonomy":"category","embeddable":true,"href":"https:\/\/sindaopcpb.org.br\/index.php\/wp-json\/wp\/v2\/categories?post=26526"},{"taxonomy":"post_tag","embeddable":true,"href":"https:\/\/sindaopcpb.org.br\/index.php\/wp-json\/wp\/v2\/tags?post=26526"}],"curies":[{"name":"wp","href":"https:\/\/api.w.org\/{rel}","templated":true}]}}