{"id":26476,"date":"2023-07-21T15:04:50","date_gmt":"2023-07-21T18:04:50","guid":{"rendered":"https:\/\/wpa.wscom.com.br\/?p=913165"},"modified":"2023-07-21T15:04:50","modified_gmt":"2023-07-21T18:04:50","slug":"governo-federal-publica-decreto-que-revoga-programa-de-escolas-civico-militares","status":"publish","type":"post","link":"https:\/\/sindaopcpb.org.br\/index.php\/2023\/07\/21\/governo-federal-publica-decreto-que-revoga-programa-de-escolas-civico-militares\/","title":{"rendered":"Governo Federal publica decreto que revoga Programa de Escolas C\u00edvico-Militares"},"content":{"rendered":"<p>O governo federal publicou na edi\u00e7\u00e3o desta sexta-feira (21) do <em>Di\u00e1rio Oficial da Uni\u00e3o<\/em>\u00a0o decreto que revoga o Programa Nacional de Escolas C\u00edvico-Militares.<img decoding=\"async\" src=\"https:\/\/agenciabrasil.ebc.com.br\/ebc.png?id=1544875&amp;o=node\" alt=\"\" title=\"\"><img decoding=\"async\" src=\"https:\/\/agenciabrasil.ebc.com.br\/ebc.gif?id=1544875&amp;o=node\" alt=\"\" title=\"\"><\/p>\n<p>O texto prev\u00ea que o plano de transi\u00e7\u00e3o para encerramento das atividades ser\u00e1 estabelecido pelo Minist\u00e9rio da Educa\u00e7\u00e3o (MEC) no prazo de 30 dias. O planejamento ser\u00e1 discutido com estados e munic\u00edpios.<\/p>\n<p>Na semana passada, o minist\u00e9rio\u00a0enviou um of\u00edcio aos secret\u00e1rios de Educa\u00e7\u00e3o\u00a0informando que o programa iria acabar, mas que haveria uma transi\u00e7\u00e3o cuidadosa das atividades para n\u00e3o comprometer o cotidiano das escolas.<\/p>\n<p>O Programa Nacional de Escolas C\u00edvico-Militares era a principal bandeira do governo de Jair Bolsonaro para a educa\u00e7\u00e3o. Executado em parceria entre o MEC e o Minist\u00e9rio da Defesa, por meio dele, militares atuam na gest\u00e3o escolar e na educacional.<\/p>\n<p>O programa tinha\u00a0a participa\u00e7\u00e3o de militares da reserva das For\u00e7as Armadas, policiais e bombeiros militares.<\/p>\n<p>Agora, com o encerramento, cada sistema de ensino dever\u00e1 definir estrat\u00e9gias espec\u00edficas para reintegrar as unidades educacionais \u00e0s redes regulares.<\/p>\n<p>Segundo o Minist\u00e9rio da Educa\u00e7\u00e3o, 216 escolas aderiram ao modelo nas cinco regi\u00f5es do pa\u00eds.<\/p>\n<p>O post <a rel=\"nofollow noopener\" href=\"https:\/\/wscom.com.br\/governo-federal-publica-decreto-que-revoga-programa-de-escolas-civico-militares\/\" target=\"_blank\">Governo Federal publica decreto que revoga Programa de Escolas C\u00edvico-Militares<\/a> apareceu primeiro em <a rel=\"nofollow noopener\" href=\"https:\/\/wscom.com.br\/\" target=\"_blank\">WSCOM<\/a>.<\/p>\n","protected":false},"excerpt":{"rendered":"<p>O governo federal publicou na edi\u00e7\u00e3o desta sexta-feira (21) do Di\u00e1rio Oficial da Uni\u00e3o\u00a0o decreto que revoga o Programa Nacional de Escolas C\u00edvico-Militares. O texto prev\u00ea que o plano de transi\u00e7\u00e3o para encerramento das atividades ser\u00e1 estabelecido pelo Minist\u00e9rio da Educa\u00e7\u00e3o (MEC) no prazo de 30 dias. O planejamento ser\u00e1 discutido com estados e munic\u00edpios. [\u2026]<\/p>\n<p>O post <a rel=\"nofollow\" href=\"https:\/\/wscom.com.br\/governo-federal-publica-decreto-que-revoga-programa-de-escolas-civico-militares\/\">Governo Federal publica decreto que revoga Programa de Escolas C\u00edvico-Militares<\/a> apareceu primeiro em <a rel=\"nofollow\" href=\"https:\/\/wscom.com.br\/\">WSCOM<\/a>.<\/p>\n","protected":false},"author":49,"featured_media":0,"comment_status":"closed","ping_status":"closed","sticky":false,"template":"","format":"standard","meta":{"advgb_blocks_editor_width":"","advgb_blocks_columns_visual_guide":"","footnotes":""},"categories":[229,34,1973,6725],"tags":[35],"class_list":["post-26476","post","type-post","status-publish","format-standard","hentry","category-educacao","category-g1","category-mec","category-programa-de-escolas-civico-militares","tag-g1"],"author_meta":{"display_name":"Cristiane Cavalcante","author_link":"https:\/\/sindaopcpb.org.br\/author\/cristiane-cavalcante\/"},"featured_img":null,"coauthors":[],"tax_additional":{"categories":{"linked":["<a href=\"https:\/\/sindaopcpb.org.br\/educacao\/\" class=\"advgb-post-tax-term\">Educa\u00e7\u00e3o<\/a>","<a href=\"https:\/\/sindaopcpb.org.br\/g1\/\" class=\"advgb-post-tax-term\">G1<\/a>","<a href=\"https:\/\/sindaopcpb.org.br\/mec\/\" class=\"advgb-post-tax-term\">MEC<\/a>","<a href=\"https:\/\/sindaopcpb.org.br\/programa-de-escolas-civico-militares\/\" class=\"advgb-post-tax-term\">Programa de Escolas C\u00edvico-Militares<\/a>"],"unlinked":["<span class=\"advgb-post-tax-term\">Educa\u00e7\u00e3o<\/span>","<span class=\"advgb-post-tax-term\">G1<\/span>","<span class=\"advgb-post-tax-term\">MEC<\/span>","<span class=\"advgb-post-tax-term\">Programa de Escolas C\u00edvico-Militares<\/span>"]},"tags":{"linked":["<a href=\"https:\/\/sindaopcpb.org.br\/programa-de-escolas-civico-militares\/\" class=\"advgb-post-tax-term\">g1<\/a>"],"unlinked":["<span class=\"advgb-post-tax-term\">g1<\/span>"]}},"comment_count":"0","relative_dates":{"created":"Publicado 3 anos atr\u00e1s","modified":"Atualizado 3 anos atr\u00e1s"},"absolute_dates":{"created":"Publicado em 21 de julho de 2023","modified":"Atualizado em 21 de julho de 2023"},"absolute_dates_time":{"created":"Publicado em 21 de julho de 2023 15:04","modified":"Atualizado em 21 de julho de 2023 15:04"},"featured_img_caption":"","series_order":"","_links":{"self":[{"href":"https:\/\/sindaopcpb.org.br\/index.php\/wp-json\/wp\/v2\/posts\/26476","targetHints":{"allow":["GET"]}}],"collection":[{"href":"https:\/\/sindaopcpb.org.br\/index.php\/wp-json\/wp\/v2\/posts"}],"about":[{"href":"https:\/\/sindaopcpb.org.br\/index.php\/wp-json\/wp\/v2\/types\/post"}],"author":[{"embeddable":true,"href":"https:\/\/sindaopcpb.org.br\/index.php\/wp-json\/wp\/v2\/users\/49"}],"replies":[{"embeddable":true,"href":"https:\/\/sindaopcpb.org.br\/index.php\/wp-json\/wp\/v2\/comments?post=26476"}],"version-history":[{"count":1,"href":"https:\/\/sindaopcpb.org.br\/index.php\/wp-json\/wp\/v2\/posts\/26476\/revisions"}],"predecessor-version":[{"id":26477,"href":"https:\/\/sindaopcpb.org.br\/index.php\/wp-json\/wp\/v2\/posts\/26476\/revisions\/26477"}],"wp:attachment":[{"href":"https:\/\/sindaopcpb.org.br\/index.php\/wp-json\/wp\/v2\/media?parent=26476"}],"wp:term":[{"taxonomy":"category","embeddable":true,"href":"https:\/\/sindaopcpb.org.br\/index.php\/wp-json\/wp\/v2\/categories?post=26476"},{"taxonomy":"post_tag","embeddable":true,"href":"https:\/\/sindaopcpb.org.br\/index.php\/wp-json\/wp\/v2\/tags?post=26476"}],"curies":[{"name":"wp","href":"https:\/\/api.w.org\/{rel}","templated":true}]}}