{"id":26469,"date":"2023-07-21T13:19:38","date_gmt":"2023-07-21T16:19:38","guid":{"rendered":"https:\/\/wpa.wscom.com.br\/?p=913150"},"modified":"2023-07-21T13:19:38","modified_gmt":"2023-07-21T16:19:38","slug":"diretor-do-engenho-sao-paulo-e-o-novo-presidente-do-sindbebidas-pb","status":"publish","type":"post","link":"https:\/\/sindaopcpb.org.br\/index.php\/2023\/07\/21\/diretor-do-engenho-sao-paulo-e-o-novo-presidente-do-sindbebidas-pb\/","title":{"rendered":"Diretor do Engenho S\u00e3o Paulo \u00e9 o novo presidente do SindBebidas-PB"},"content":{"rendered":"<p>O empres\u00e1rio M\u00facio Fernandes, diretor do Engenho S\u00e3o Paulo e atual presidente da Aspeca (Associa\u00e7\u00e3o Paraibana dos Engenhos de Cacha\u00e7a de Alambique), acumula mais uma fun\u00e7\u00e3o de lideran\u00e7a no \u00e2mbito dos destilados paraibanos. Assumiu o cargo de presidente do SindBebidas-PB, junto com Aur\u00e9lio Junior, da Matuta, como vice-presidente, em solenidade ocorrida no \u00faltimo dia 14, na sede da Federa\u00e7\u00e3o das Ind\u00fastrias do Estado da Para\u00edba (Fiep), em Campina Grande.<\/p>\n<p>Com o prop\u00f3sito de continuar atuando em prol da categoria dos produtores de cacha\u00e7a da Para\u00edba, com est\u00edmulo ao crescimento da produ\u00e7\u00e3o e da sua divulga\u00e7\u00e3o, na sua gest\u00e3o (2023-2026), M\u00facio Fernandes ser\u00e1 acompanhado ainda pelos colegas Jo\u00e3o Alves Neto, Eliane Carvalho, Leonardo Costa, Aur\u00edlio Frutuoso, \u00c1lvaro Borba, Olavo Cruz, Severino da Silva, Roberta Melo e Ednaldo Troccoli.<\/p>\n<p>O post <a rel=\"nofollow noopener\" href=\"https:\/\/wscom.com.br\/diretor-do-engenho-sao-paulo-e-o-novo-presidente-do-sindbebidas-pb\/\" target=\"_blank\">Diretor do Engenho S\u00e3o Paulo \u00e9 o novo presidente do SindBebidas-PB<\/a> apareceu primeiro em <a rel=\"nofollow noopener\" href=\"https:\/\/wscom.com.br\/\" target=\"_blank\">WSCOM<\/a>.<\/p>\n","protected":false},"excerpt":{"rendered":"<p>O empres\u00e1rio M\u00facio Fernandes, diretor do Engenho S\u00e3o Paulo e atual presidente da Aspeca (Associa\u00e7\u00e3o Paraibana dos Engenhos de Cacha\u00e7a de Alambique), acumula mais uma fun\u00e7\u00e3o de lideran\u00e7a no \u00e2mbito dos destilados paraibanos. Assumiu o cargo de presidente do SindBebidas-PB, junto com Aur\u00e9lio Junior, da Matuta, como vice-presidente, em solenidade ocorrida no \u00faltimo dia 14, [\u2026]<\/p>\n<p>O post <a rel=\"nofollow\" href=\"https:\/\/wscom.com.br\/diretor-do-engenho-sao-paulo-e-o-novo-presidente-do-sindbebidas-pb\/\">Diretor do Engenho S\u00e3o Paulo \u00e9 o novo presidente do SindBebidas-PB<\/a> apareceu primeiro em <a rel=\"nofollow\" href=\"https:\/\/wscom.com.br\/\">WSCOM<\/a>.<\/p>\n","protected":false},"author":49,"featured_media":0,"comment_status":"closed","ping_status":"closed","sticky":false,"template":"","format":"standard","meta":{"advgb_blocks_editor_width":"","advgb_blocks_columns_visual_guide":"","footnotes":""},"categories":[6722,34,6723,54,6724],"tags":[35],"class_list":["post-26469","post","type-post","status-publish","format-standard","hentry","category-diretor-do-engenho-sao-paulo","category-g1","category-mucio-fernandes","category-paraiba","category-presidente-do-sindbebidas-pb","tag-g1"],"author_meta":{"display_name":"Cristiane Cavalcante","author_link":"https:\/\/sindaopcpb.org.br\/author\/cristiane-cavalcante\/"},"featured_img":null,"coauthors":[],"tax_additional":{"categories":{"linked":["<a href=\"https:\/\/sindaopcpb.org.br\/diretor-do-engenho-sao-paulo\/\" class=\"advgb-post-tax-term\">Diretor do Engenho S\u00e3o Paulo<\/a>","<a href=\"https:\/\/sindaopcpb.org.br\/g1\/\" class=\"advgb-post-tax-term\">G1<\/a>","<a href=\"https:\/\/sindaopcpb.org.br\/mucio-fernandes\/\" class=\"advgb-post-tax-term\">M\u00facio Fernandes<\/a>","<a href=\"https:\/\/sindaopcpb.org.br\/paraiba\/\" class=\"advgb-post-tax-term\">Para\u00edba<\/a>","<a href=\"https:\/\/sindaopcpb.org.br\/presidente-do-sindbebidas-pb\/\" class=\"advgb-post-tax-term\">presidente do SindBebidas-PB<\/a>"],"unlinked":["<span class=\"advgb-post-tax-term\">Diretor do Engenho S\u00e3o Paulo<\/span>","<span class=\"advgb-post-tax-term\">G1<\/span>","<span class=\"advgb-post-tax-term\">M\u00facio Fernandes<\/span>","<span class=\"advgb-post-tax-term\">Para\u00edba<\/span>","<span class=\"advgb-post-tax-term\">presidente do SindBebidas-PB<\/span>"]},"tags":{"linked":["<a href=\"https:\/\/sindaopcpb.org.br\/presidente-do-sindbebidas-pb\/\" class=\"advgb-post-tax-term\">g1<\/a>"],"unlinked":["<span class=\"advgb-post-tax-term\">g1<\/span>"]}},"comment_count":"0","relative_dates":{"created":"Publicado 3 anos atr\u00e1s","modified":"Atualizado 3 anos atr\u00e1s"},"absolute_dates":{"created":"Publicado em 21 de julho de 2023","modified":"Atualizado em 21 de julho de 2023"},"absolute_dates_time":{"created":"Publicado em 21 de julho de 2023 13:19","modified":"Atualizado em 21 de julho de 2023 13:19"},"featured_img_caption":"","series_order":"","_links":{"self":[{"href":"https:\/\/sindaopcpb.org.br\/index.php\/wp-json\/wp\/v2\/posts\/26469","targetHints":{"allow":["GET"]}}],"collection":[{"href":"https:\/\/sindaopcpb.org.br\/index.php\/wp-json\/wp\/v2\/posts"}],"about":[{"href":"https:\/\/sindaopcpb.org.br\/index.php\/wp-json\/wp\/v2\/types\/post"}],"author":[{"embeddable":true,"href":"https:\/\/sindaopcpb.org.br\/index.php\/wp-json\/wp\/v2\/users\/49"}],"replies":[{"embeddable":true,"href":"https:\/\/sindaopcpb.org.br\/index.php\/wp-json\/wp\/v2\/comments?post=26469"}],"version-history":[{"count":1,"href":"https:\/\/sindaopcpb.org.br\/index.php\/wp-json\/wp\/v2\/posts\/26469\/revisions"}],"predecessor-version":[{"id":26470,"href":"https:\/\/sindaopcpb.org.br\/index.php\/wp-json\/wp\/v2\/posts\/26469\/revisions\/26470"}],"wp:attachment":[{"href":"https:\/\/sindaopcpb.org.br\/index.php\/wp-json\/wp\/v2\/media?parent=26469"}],"wp:term":[{"taxonomy":"category","embeddable":true,"href":"https:\/\/sindaopcpb.org.br\/index.php\/wp-json\/wp\/v2\/categories?post=26469"},{"taxonomy":"post_tag","embeddable":true,"href":"https:\/\/sindaopcpb.org.br\/index.php\/wp-json\/wp\/v2\/tags?post=26469"}],"curies":[{"name":"wp","href":"https:\/\/api.w.org\/{rel}","templated":true}]}}