{"id":26459,"date":"2023-07-21T12:18:38","date_gmt":"2023-07-21T15:18:38","guid":{"rendered":"https:\/\/wpa.wscom.com.br\/?p=913133"},"modified":"2023-07-21T12:18:38","modified_gmt":"2023-07-21T15:18:38","slug":"motorista-de-onibus-incendiado-em-joao-pessoa-e-intubado-e-familia-pede-doacao","status":"publish","type":"post","link":"https:\/\/sindaopcpb.org.br\/index.php\/2023\/07\/21\/motorista-de-onibus-incendiado-em-joao-pessoa-e-intubado-e-familia-pede-doacao\/","title":{"rendered":"Motorista de \u00f4nibus incendiado em Jo\u00e3o Pessoa \u00e9 intubado e fam\u00edlia pede doa\u00e7\u00e3o"},"content":{"rendered":"<p>&nbsp;<\/p>\n<p>&nbsp;<\/p>\n<p>O motorista Silvano da Silva, 47 anos, que teve mais de 50% do corpo queimado durante inc\u00eandio em um \u00f4nibus na \u00faltima ter\u00e7a-feira (18), no bairro Padre Z\u00e9, em Jo\u00e3o Pessoa, precisou de entubado. A informa\u00e7\u00e3o foi confirmada nas redes sociais pela filha da dele.<\/p>\n<p>De acordo com a publica\u00e7\u00e3o, a intuba\u00e7\u00e3o foi necess\u00e1ria devido a insufici\u00eancia respirat\u00f3ria gerada pela inala\u00e7\u00e3o da fuma\u00e7a pelos pulm\u00f5es. Silvano se encontra se recuperando na UTI do Hospital de Emerg\u00eancia e Trama da capital desde o incidente.<\/p>\n<p>\u201cAs queimaduras j\u00e1 est\u00e3o bem melhores e a sutura feita na testa devido \u00e0s coronhadas est\u00e1 cicatrizando bem e o quadro \u00e9 est\u00e1vel por\u00e9m grave. Agora \u00e9 botar nas m\u00e3os de Deus, orar e esperar. Agrade\u00e7o o apoio e a ajuda de todos\u201d, explicou Jhenely Marrizalla.<\/p>\n<p>Para arrecadar fundos que ir\u00e3o custear as despesas ap\u00f3s a sa\u00edda do motorista do hospital, foi iniciada uma campanha de doa\u00e7\u00e3o via Pix. Quem puder ajudar, o n\u00famero \u00e9 95330658420.<\/p>\n<p>O post <a rel=\"nofollow noopener\" href=\"https:\/\/wscom.com.br\/motorista-de-onibus-incendiado-em-joao-pessoa-e-intubado-e-familia-pede-doacao\/\" target=\"_blank\">Motorista de \u00f4nibus incendiado em Jo\u00e3o Pessoa \u00e9 intubado e fam\u00edlia pede doa\u00e7\u00e3o<\/a> apareceu primeiro em <a rel=\"nofollow noopener\" href=\"https:\/\/wscom.com.br\/\" target=\"_blank\">WSCOM<\/a>.<\/p>\n","protected":false},"excerpt":{"rendered":"<p>\u00a0 \u00a0 O motorista Silvano da Silva, 47 anos, que teve mais de 50% do corpo queimado durante inc\u00eandio em um \u00f4nibus na \u00faltima ter\u00e7a-feira (18), no bairro Padre Z\u00e9, em Jo\u00e3o Pessoa, precisou de entubado. A informa\u00e7\u00e3o foi confirmada nas redes sociais pela filha da dele. De acordo com a publica\u00e7\u00e3o, a intuba\u00e7\u00e3o foi [\u2026]<\/p>\n<p>O post <a rel=\"nofollow\" href=\"https:\/\/wscom.com.br\/motorista-de-onibus-incendiado-em-joao-pessoa-e-intubado-e-familia-pede-doacao\/\">Motorista de \u00f4nibus incendiado em Jo\u00e3o Pessoa \u00e9 intubado e fam\u00edlia pede doa\u00e7\u00e3o<\/a> apareceu primeiro em <a rel=\"nofollow\" href=\"https:\/\/wscom.com.br\/\">WSCOM<\/a>.<\/p>\n","protected":false},"author":42,"featured_media":0,"comment_status":"closed","ping_status":"closed","sticky":false,"template":"","format":"standard","meta":{"advgb_blocks_editor_width":"","advgb_blocks_columns_visual_guide":"","footnotes":""},"categories":[2838,34,1762,71,4269,175,54,6720],"tags":[35],"class_list":["post-26459","post","type-post","status-publish","format-standard","hentry","category-doacao","category-g1","category-incendio","category-joao-pessoa","category-motorista","category-onibus","category-paraiba","category-silvano-da-silva","tag-g1"],"author_meta":{"display_name":"Rafael Andrade","author_link":"https:\/\/sindaopcpb.org.br\/author\/rafael-andrade\/"},"featured_img":null,"coauthors":[],"tax_additional":{"categories":{"linked":["<a href=\"https:\/\/sindaopcpb.org.br\/doacao\/\" class=\"advgb-post-tax-term\">Doa\u00e7\u00e3o<\/a>","<a href=\"https:\/\/sindaopcpb.org.br\/g1\/\" class=\"advgb-post-tax-term\">G1<\/a>","<a href=\"https:\/\/sindaopcpb.org.br\/incendio\/\" class=\"advgb-post-tax-term\">inc\u00eandio<\/a>","<a href=\"https:\/\/sindaopcpb.org.br\/joao-pessoa\/\" class=\"advgb-post-tax-term\">Jo\u00e3o Pessoa<\/a>","<a href=\"https:\/\/sindaopcpb.org.br\/motorista\/\" class=\"advgb-post-tax-term\">motorista<\/a>","<a href=\"https:\/\/sindaopcpb.org.br\/onibus\/\" class=\"advgb-post-tax-term\">\u00d4nibus<\/a>","<a href=\"https:\/\/sindaopcpb.org.br\/paraiba\/\" class=\"advgb-post-tax-term\">Para\u00edba<\/a>","<a href=\"https:\/\/sindaopcpb.org.br\/silvano-da-silva\/\" class=\"advgb-post-tax-term\">Silvano da Silva<\/a>"],"unlinked":["<span class=\"advgb-post-tax-term\">Doa\u00e7\u00e3o<\/span>","<span class=\"advgb-post-tax-term\">G1<\/span>","<span class=\"advgb-post-tax-term\">inc\u00eandio<\/span>","<span class=\"advgb-post-tax-term\">Jo\u00e3o Pessoa<\/span>","<span class=\"advgb-post-tax-term\">motorista<\/span>","<span class=\"advgb-post-tax-term\">\u00d4nibus<\/span>","<span class=\"advgb-post-tax-term\">Para\u00edba<\/span>","<span class=\"advgb-post-tax-term\">Silvano da Silva<\/span>"]},"tags":{"linked":["<a href=\"https:\/\/sindaopcpb.org.br\/silvano-da-silva\/\" class=\"advgb-post-tax-term\">g1<\/a>"],"unlinked":["<span class=\"advgb-post-tax-term\">g1<\/span>"]}},"comment_count":"0","relative_dates":{"created":"Publicado 3 anos atr\u00e1s","modified":"Atualizado 3 anos atr\u00e1s"},"absolute_dates":{"created":"Publicado em 21 de julho de 2023","modified":"Atualizado em 21 de julho de 2023"},"absolute_dates_time":{"created":"Publicado em 21 de julho de 2023 12:18","modified":"Atualizado em 21 de julho de 2023 12:18"},"featured_img_caption":"","series_order":"","_links":{"self":[{"href":"https:\/\/sindaopcpb.org.br\/index.php\/wp-json\/wp\/v2\/posts\/26459","targetHints":{"allow":["GET"]}}],"collection":[{"href":"https:\/\/sindaopcpb.org.br\/index.php\/wp-json\/wp\/v2\/posts"}],"about":[{"href":"https:\/\/sindaopcpb.org.br\/index.php\/wp-json\/wp\/v2\/types\/post"}],"author":[{"embeddable":true,"href":"https:\/\/sindaopcpb.org.br\/index.php\/wp-json\/wp\/v2\/users\/42"}],"replies":[{"embeddable":true,"href":"https:\/\/sindaopcpb.org.br\/index.php\/wp-json\/wp\/v2\/comments?post=26459"}],"version-history":[{"count":1,"href":"https:\/\/sindaopcpb.org.br\/index.php\/wp-json\/wp\/v2\/posts\/26459\/revisions"}],"predecessor-version":[{"id":26460,"href":"https:\/\/sindaopcpb.org.br\/index.php\/wp-json\/wp\/v2\/posts\/26459\/revisions\/26460"}],"wp:attachment":[{"href":"https:\/\/sindaopcpb.org.br\/index.php\/wp-json\/wp\/v2\/media?parent=26459"}],"wp:term":[{"taxonomy":"category","embeddable":true,"href":"https:\/\/sindaopcpb.org.br\/index.php\/wp-json\/wp\/v2\/categories?post=26459"},{"taxonomy":"post_tag","embeddable":true,"href":"https:\/\/sindaopcpb.org.br\/index.php\/wp-json\/wp\/v2\/tags?post=26459"}],"curies":[{"name":"wp","href":"https:\/\/api.w.org\/{rel}","templated":true}]}}