{"id":26445,"date":"2023-07-21T11:39:33","date_gmt":"2023-07-21T14:39:33","guid":{"rendered":"https:\/\/g1.globo.com\/pb\/paraiba\/noticia\/2023\/07\/21\/governo-da-paraiba-abre-edital-para-contratar-pessoas-juridicas-para-realizar-cirurgias-eletivas.ghtml"},"modified":"2023-07-21T11:39:33","modified_gmt":"2023-07-21T14:39:33","slug":"governo-da-paraiba-abre-edital-para-contratar-pessoas-juridicas-para-realizar-cirurgias-eletivas","status":"publish","type":"post","link":"https:\/\/sindaopcpb.org.br\/index.php\/2023\/07\/21\/governo-da-paraiba-abre-edital-para-contratar-pessoas-juridicas-para-realizar-cirurgias-eletivas\/","title":{"rendered":"Governo da Para\u00edba abre edital para contratar pessoas jur\u00eddicas para realizar cirurgias eletivas"},"content":{"rendered":"   <img src=\"https:\/\/s2.glbimg.com\/Dj6AAn5HEPcMGqLy3DTk5jPQ558=\/i.s3.glbimg.com\/v1\/AUTH_59edd422c0c84a879bd37670ae4f538a\/internal_photos\/bs\/2022\/s\/e\/hBMABkSzajkeSIz7G3lA\/metroplitano.jpeg\" \/><br \/>     Servi\u00e7os s\u00e3o para realiza\u00e7\u00e3o de cirurgias eletivas das especialidades: ortopedia, otorrino, cirurgia ginecol\u00f3gica e geral, bari\u00e1trica e oftalmol\u00f3gica.  Cirurgia no Metropolitano \nPB Sa\u00fade\nA Secretaria de Estado da Sa\u00fade (SES) publicou, na quinta-feira (20), um edital de credenciamento para contrata\u00e7\u00e3o de pessoas jur\u00eddicas para presta\u00e7\u00e3o de servi\u00e7os m\u00e9dicos na realiza\u00e7\u00e3o de cirurgias eletivas. As especialidades contempladas no edital s\u00e3o ortopedia, otorrino, cirurgia ginecol\u00f3gica e geral, bari\u00e1trica e oftalmol\u00f3gica. \nEdital de credenciamento para presta\u00e7\u00e3o de servi\u00e7os m\u00e9dicos na realiza\u00e7\u00e3o de cirurgias eletivas\nAs contrata\u00e7\u00f5es pretendem atender \u00e0 demanda registrada nos sistemas de regula\u00e7\u00e3o Estadual e garantir a qualidade da presta\u00e7\u00e3o de servi\u00e7os aos usu\u00e1rios do Sistema \u00danico de Sa\u00fade (SUS).\nDe acordo com o secret\u00e1rio de Sa\u00fade da Para\u00edba, Jhony Bezerra, a chamada p\u00fablica dar\u00e1 continuidade ao Programa Opera Para\u00edba, contemplando as novas especialidades de cirurgias eletivas. \nO secret\u00e1rio informa ainda que a SES aderiu ao Programa Nacional de Redu\u00e7\u00e3o das Filas de Cirurgias Eletivas, Exames Complementares e Consultas Especializadas do Minist\u00e9rio da Sa\u00fade. Com isso, a secretaria amplia a oferta de cirurgias de alta complexidade.\nComo participar\nO candidatos que desejam participar do processo devem preencher a ficha de requerimento do prestador de servi\u00e7o e toda a documenta\u00e7\u00e3o exigida no edital, comprovando qualifica\u00e7\u00e3o t\u00e9cnica com as seguintes documenta\u00e7\u00f5es: \nAlvar\u00e1 Sanit\u00e1rio expedido pelo \u00f3rg\u00e3o sanit\u00e1rio competente vigente; \nAlvar\u00e1 de funcionamento espec\u00edfico para sua \u00e1rea de atua\u00e7\u00e3o vigente; \nListagem dos profissionais m\u00e9dicos que ir\u00e3o cumprir o contrato e dever\u00e1 conter nome completo dos profissionais e CRM-PB, a \u00e1rea operacional de atua\u00e7\u00e3o e demais documentos exigidos como pr\u00e9-requisito t\u00e9cnico dos profissionais; \nRegistro ou inscri\u00e7\u00e3o de pessoa jur\u00eddica no Conselho Regional de Medicina (CRM), em validade, com indica\u00e7\u00e3o do objeto social compat\u00edvel com o objeto desta contrata\u00e7\u00e3o.\nA documenta\u00e7\u00e3o exigida deve ser entregue na sala da Ger\u00eancia Executiva de Regula\u00e7\u00e3o e Avalia\u00e7\u00e3o da Assist\u00eancia (GERAV), na SES,  de segunda a sexta-feira, no hor\u00e1rio das 8h30 \u00e0s 12h e das 14h \u00e0s 16h. \nO prazo para entrega da documenta\u00e7\u00e3o \u00e9 em 15 dias \u00fateis, ap\u00f3s a data de publica\u00e7\u00e3o.\nAp\u00f3s esse per\u00edodo, o edital permanecer\u00e1 aberto para novos credenciados por tempo indeterminado. A contrata\u00e7\u00e3o depender\u00e1 da necessidade do servi\u00e7o. \nO prazo de vig\u00eancia do contrato ser\u00e1 de 12 meses, podendo ser prorrogado.\nV\u00eddeos mais assistidos do g1 Para\u00edba  ","protected":false},"excerpt":{"rendered":"<p>        Servi\u00e7os s\u00e3o para realiza\u00e7\u00e3o de cirurgias eletivas das especialidades: ortopedia, otorrino, cirurgia ginecol\u00f3gica e geral, bari\u00e1trica e oftalmol\u00f3gica.  Cirurgia no Metropolitano<br \/>\nPB Sa\u00fade<br \/>\nA Secretaria de Estado da Sa\u00fade (SES) publicou, na quint&#8230;<\/p>\n","protected":false},"author":2,"featured_media":0,"comment_status":"closed","ping_status":"closed","sticky":false,"template":"","format":"standard","meta":{"advgb_blocks_editor_width":"","advgb_blocks_columns_visual_guide":"","footnotes":""},"categories":[34],"tags":[35],"class_list":["post-26445","post","type-post","status-publish","format-standard","hentry","category-g1","tag-g1"],"author_meta":{"display_name":"g1 &gt; Para\u00edba","author_link":"https:\/\/sindaopcpb.org.br\/author\/g1-paraiba\/"},"featured_img":null,"coauthors":[],"tax_additional":{"categories":{"linked":["<a href=\"https:\/\/sindaopcpb.org.br\/g1\/\" class=\"advgb-post-tax-term\">G1<\/a>"],"unlinked":["<span class=\"advgb-post-tax-term\">G1<\/span>"]},"tags":{"linked":["<a href=\"https:\/\/sindaopcpb.org.br\/g1\/\" class=\"advgb-post-tax-term\">g1<\/a>"],"unlinked":["<span class=\"advgb-post-tax-term\">g1<\/span>"]}},"comment_count":"0","relative_dates":{"created":"Publicado 3 anos atr\u00e1s","modified":"Atualizado 3 anos atr\u00e1s"},"absolute_dates":{"created":"Publicado em 21 de julho de 2023","modified":"Atualizado em 21 de julho de 2023"},"absolute_dates_time":{"created":"Publicado em 21 de julho de 2023 11:39","modified":"Atualizado em 21 de julho de 2023 11:39"},"featured_img_caption":"","series_order":"","_links":{"self":[{"href":"https:\/\/sindaopcpb.org.br\/index.php\/wp-json\/wp\/v2\/posts\/26445","targetHints":{"allow":["GET"]}}],"collection":[{"href":"https:\/\/sindaopcpb.org.br\/index.php\/wp-json\/wp\/v2\/posts"}],"about":[{"href":"https:\/\/sindaopcpb.org.br\/index.php\/wp-json\/wp\/v2\/types\/post"}],"author":[{"embeddable":true,"href":"https:\/\/sindaopcpb.org.br\/index.php\/wp-json\/wp\/v2\/users\/2"}],"replies":[{"embeddable":true,"href":"https:\/\/sindaopcpb.org.br\/index.php\/wp-json\/wp\/v2\/comments?post=26445"}],"version-history":[{"count":1,"href":"https:\/\/sindaopcpb.org.br\/index.php\/wp-json\/wp\/v2\/posts\/26445\/revisions"}],"predecessor-version":[{"id":26446,"href":"https:\/\/sindaopcpb.org.br\/index.php\/wp-json\/wp\/v2\/posts\/26445\/revisions\/26446"}],"wp:attachment":[{"href":"https:\/\/sindaopcpb.org.br\/index.php\/wp-json\/wp\/v2\/media?parent=26445"}],"wp:term":[{"taxonomy":"category","embeddable":true,"href":"https:\/\/sindaopcpb.org.br\/index.php\/wp-json\/wp\/v2\/categories?post=26445"},{"taxonomy":"post_tag","embeddable":true,"href":"https:\/\/sindaopcpb.org.br\/index.php\/wp-json\/wp\/v2\/tags?post=26445"}],"curies":[{"name":"wp","href":"https:\/\/api.w.org\/{rel}","templated":true}]}}