{"id":26433,"date":"2023-07-21T09:35:11","date_gmt":"2023-07-21T12:35:11","guid":{"rendered":"https:\/\/g1.globo.com\/pb\/paraiba\/especial-publicitario\/fiep\/espaco-da-industria\/noticia\/2023\/07\/21\/aluna-da-faculdade-senai-representara-instituicao-na-etapa-nacional-da-worldskills-na-modalidade-tecnologia-da-moda.ghtml"},"modified":"2023-07-21T09:35:11","modified_gmt":"2023-07-21T12:35:11","slug":"aluna-da-faculdade-senai-representara-instituicao-na-etapa-nacional-da-worldskills-na-modalidade-tecnologia-da-moda","status":"publish","type":"post","link":"https:\/\/sindaopcpb.org.br\/index.php\/2023\/07\/21\/aluna-da-faculdade-senai-representara-instituicao-na-etapa-nacional-da-worldskills-na-modalidade-tecnologia-da-moda\/","title":{"rendered":"Aluna da Faculdade SENAI representar\u00e1 institui\u00e7\u00e3o na etapa nacional da WorldSkills na modalidade Tecnologia da Moda"},"content":{"rendered":"   <img src=\"https:\/\/s2.glbimg.com\/SeAy2NSDaEYPJxFEkllC42yzL0s=\/i.s3.glbimg.com\/v1\/AUTH_59edd422c0c84a879bd37670ae4f538a\/internal_photos\/bs\/2023\/Z\/d\/5veyu9TCWWQ92R32ngBg\/025-imagem-de-capa.jpeg\" \/><br \/>     A Para\u00edba sediar\u00e1 tr\u00eas ocupa\u00e7\u00f5es da seletiva nacional, sendo o \u00fanico das regi\u00f5es Norte e Nordeste a sediar nesta edi\u00e7\u00e3o. FOTO CAPA | A estudante, Let\u00edcia Ferreira, est\u00e1 passando por uma s\u00e9rie de treinamentos para a seletiva que acontece em outubro.\nDivulga\u00e7\u00e3o\/Fiep\nA WorldSkills \u00e9 uma competi\u00e7\u00e3o internacional de educa\u00e7\u00e3o profissional, que re\u00fane jovens de todo o mundo para disputarem medalhas em modalidades que correspondem \u00e0s profiss\u00f5es t\u00e9cnicas da ind\u00fastria e do com\u00e9rcio. O pr\u00f3ximo torneio internacional ser\u00e1 realizado em 2024, na Fran\u00e7a.\nAntes desta etapa final, uma seletiva local \u00e9 realizada nos pa\u00edses participantes, com o objetivo de selecionar os jovens em disputas de educa\u00e7\u00e3o profissional em suas ocupa\u00e7\u00f5es. Os melhores classificados nesta etapa nacional, formar\u00e3o a delega\u00e7\u00e3o brasileira do SENAI na WorldSkills 2024. Estas disputas acontecem na maioria dos estados da federa\u00e7\u00e3o, reunindo alunos e ex-alunos do SENAI. \nO SENAI da Para\u00edba sempre \u00e9 destaque nas modalidades, e este ano ser\u00e1 representado em diversas ocupa\u00e7\u00f5es realizadas por todo o pa\u00eds. Uma delas \u00e9 a de \u201cTecnologia da Moda\u201d, realizada entre os dias 16 e 20 de outubro. A aluna da p\u00f3s-gradua\u00e7\u00e3o em Modelagem Criativa da Faculdade SENAI, Let\u00edcia Ferreira, participar\u00e1 da WorldSkills ao lado da instrutora do Vestu\u00e1rio do SENAI da Para\u00edba, Grayce de Farias.\nA jovem est\u00e1 em processo de prepara\u00e7\u00e3o, em uma maratona de treinamentos semanais, de segunda a sexta-feira. Nesse treino, Let\u00edcia passa por exerc\u00edcios com foco nos m\u00f3dulos que ser\u00e3o realizados na competi\u00e7\u00e3o: Desenho, Modelagem, Cria\u00e7\u00e3o\/Confec\u00e7\u00e3o e Moulage. Segundo a instrutora, Grayce de Farias, est\u00e3o sendo criados looks que comp\u00f5em uma cole\u00e7\u00e3o, atrav\u00e9s de uma modelagem digitalizada. \n\u201cDurante o processo, fazemos estudos de novas t\u00e9cnicas de alfaiataria, desenho, cria\u00e7\u00e3o, modelagem, confec\u00e7\u00e3o e moulage, al\u00e9m de estudarmos o tempo do processo. Temos tamb\u00e9m acompanhamento psicol\u00f3gico, que \u00e9 fundamental para o competidor\u201d, explicou a aluna Let\u00edcia Ferreira. As pe\u00e7as desenvolvidas durante o treinamento foram expostas no 36\u00ba Sal\u00e3o do Artesanato Paraibano, em Campina Grande, no \u00faltimo m\u00eas de junho.\nNa ocupa\u00e7\u00e3o \u201cTecnologia da Moda\u201d, os competidores precisar\u00e3o mostrar suas habilidades referentes \u00e0 cadeia produtiva do Vestu\u00e1rio, demonstrando o entendimento dos estudos antropom\u00e9tricos e de ergonomia para a produ\u00e7\u00e3o de modelagens. Nesse sentido, os participantes precisam idealizar desenhos t\u00e9cnicos, al\u00e9m de estudar as t\u00e9cnicas de montagem das pe\u00e7as. \nA Para\u00edba na etapa nacional\nA Para\u00edba tamb\u00e9m ser\u00e1 representada nas ocupa\u00e7\u00f5es \u201cMec\u00e2nica Industrial\u201d, no Rio de Janeiro, \u201cTecnologia da Moda\u201d, em S\u00e3o Paulo, al\u00e9m de \u201cDesenho Mec\u00e2nico em CAD\u201d, \u201cTecnologias Web\u201d e \u201cDesign Gr\u00e1fico\u201d, essas \u00faltimas realizadas online, e nas modalidades \u201cAplica\u00e7\u00e3o de Revestimentos Cer\u00e2micos\u201d, \u201cInstala\u00e7\u00f5es El\u00e9tricas Prediais\u201d e \u201cSistemas Drywall\u201d, realizadas na Para\u00edba.\nFOTO INTERNA | Em 2022 a Para\u00edba sediou a ocupa\u00e7\u00e3o \u201cDesenho Mec\u00e2nico CAD\u201d em Campina Grande. \nDilvuga\u00e7\u00e3o\/Fiep\nO estado sediar\u00e1 tr\u00eas ocupa\u00e7\u00f5es da seletiva nacional da WorldSkills, sendo o \u00fanico das regi\u00f5es Norte e Nordeste a sediar nesta edi\u00e7\u00e3o. A competi\u00e7\u00e3o ser\u00e1 realizada em Jo\u00e3o Pessoa, no Centro de Educa\u00e7\u00e3o Profissional do SENAI Odilon Ribeiro Coutinho, no m\u00eas de setembro, e reunir\u00e1 jovens de todo o pa\u00eds. Acontecer\u00e3o no estado as ocupa\u00e7\u00f5es de \u201cAplica\u00e7\u00e3o de Revestimentos Cer\u00e2micos\u201d, \u201cInstala\u00e7\u00f5es El\u00e9tricas Prediais\u201d e \u201cSistema Drywall\u201d, todas realizadas entre os dias 25 e 29 de setembro.\nEm 2022, o Centro de Educa\u00e7\u00e3o Profissional Professor Stenio Lopes, em Campina Grande, sediou a seletiva na ocupa\u00e7\u00e3o \u201cDesenho Mec\u00e2nico CAD\u201d, que escolheu um estudante paulista para representar o Brasil no torneio internacional que aconteceria em Shanghai, na China, no final do ano, mas que precisou ser cancelado pela comiss\u00e3o devido \u00e0s restri\u00e7\u00f5es de preven\u00e7\u00e3o e controle da pandemia no pa\u00eds asi\u00e1tico.  ","protected":false},"excerpt":{"rendered":"<p>        A Para\u00edba sediar\u00e1 tr\u00eas ocupa\u00e7\u00f5es da seletiva nacional, sendo o \u00fanico das regi\u00f5es Norte e Nordeste a sediar nesta edi\u00e7\u00e3o. FOTO CAPA | A estudante, Let\u00edcia Ferreira, est\u00e1 passando por uma s\u00e9rie de treinamentos para a seletiva que acontece em outu&#8230;<\/p>\n","protected":false},"author":2,"featured_media":0,"comment_status":"closed","ping_status":"closed","sticky":false,"template":"","format":"standard","meta":{"advgb_blocks_editor_width":"","advgb_blocks_columns_visual_guide":"","footnotes":""},"categories":[34],"tags":[35],"class_list":["post-26433","post","type-post","status-publish","format-standard","hentry","category-g1","tag-g1"],"author_meta":{"display_name":"g1 &gt; Para\u00edba","author_link":"https:\/\/sindaopcpb.org.br\/author\/g1-paraiba\/"},"featured_img":null,"coauthors":[],"tax_additional":{"categories":{"linked":["<a href=\"https:\/\/sindaopcpb.org.br\/g1\/\" class=\"advgb-post-tax-term\">G1<\/a>"],"unlinked":["<span class=\"advgb-post-tax-term\">G1<\/span>"]},"tags":{"linked":["<a href=\"https:\/\/sindaopcpb.org.br\/g1\/\" class=\"advgb-post-tax-term\">g1<\/a>"],"unlinked":["<span class=\"advgb-post-tax-term\">g1<\/span>"]}},"comment_count":"0","relative_dates":{"created":"Publicado 3 anos atr\u00e1s","modified":"Atualizado 3 anos atr\u00e1s"},"absolute_dates":{"created":"Publicado em 21 de julho de 2023","modified":"Atualizado em 21 de julho de 2023"},"absolute_dates_time":{"created":"Publicado em 21 de julho de 2023 09:35","modified":"Atualizado em 21 de julho de 2023 09:35"},"featured_img_caption":"","series_order":"","_links":{"self":[{"href":"https:\/\/sindaopcpb.org.br\/index.php\/wp-json\/wp\/v2\/posts\/26433","targetHints":{"allow":["GET"]}}],"collection":[{"href":"https:\/\/sindaopcpb.org.br\/index.php\/wp-json\/wp\/v2\/posts"}],"about":[{"href":"https:\/\/sindaopcpb.org.br\/index.php\/wp-json\/wp\/v2\/types\/post"}],"author":[{"embeddable":true,"href":"https:\/\/sindaopcpb.org.br\/index.php\/wp-json\/wp\/v2\/users\/2"}],"replies":[{"embeddable":true,"href":"https:\/\/sindaopcpb.org.br\/index.php\/wp-json\/wp\/v2\/comments?post=26433"}],"version-history":[{"count":1,"href":"https:\/\/sindaopcpb.org.br\/index.php\/wp-json\/wp\/v2\/posts\/26433\/revisions"}],"predecessor-version":[{"id":26434,"href":"https:\/\/sindaopcpb.org.br\/index.php\/wp-json\/wp\/v2\/posts\/26433\/revisions\/26434"}],"wp:attachment":[{"href":"https:\/\/sindaopcpb.org.br\/index.php\/wp-json\/wp\/v2\/media?parent=26433"}],"wp:term":[{"taxonomy":"category","embeddable":true,"href":"https:\/\/sindaopcpb.org.br\/index.php\/wp-json\/wp\/v2\/categories?post=26433"},{"taxonomy":"post_tag","embeddable":true,"href":"https:\/\/sindaopcpb.org.br\/index.php\/wp-json\/wp\/v2\/tags?post=26433"}],"curies":[{"name":"wp","href":"https:\/\/api.w.org\/{rel}","templated":true}]}}