{"id":26427,"date":"2023-07-21T09:15:50","date_gmt":"2023-07-21T12:15:50","guid":{"rendered":"https:\/\/wpa.wscom.com.br\/?p=913077"},"modified":"2023-07-21T09:15:50","modified_gmt":"2023-07-21T12:15:50","slug":"32-das-jogadoras-do-brasil-na-copa-do-mundo-feminina-sao-nordestinas-confira-o-perfil","status":"publish","type":"post","link":"https:\/\/sindaopcpb.org.br\/index.php\/2023\/07\/21\/32-das-jogadoras-do-brasil-na-copa-do-mundo-feminina-sao-nordestinas-confira-o-perfil\/","title":{"rendered":"32% das jogadoras do Brasil na Copa do Mundo Feminina s\u00e3o nordestinas; confira o perfil"},"content":{"rendered":"<p>Com grandes expectativas, a Sele\u00e7\u00e3o Brasileira de futebol disputa nos pr\u00f3ximos dias a Copa do Mundo Feminina da FIFA 2023, que est\u00e1 em sua nona edi\u00e7\u00e3o e inicia nesta quinta-feira (20). Buscando a primeira vit\u00f3ria do mundial, 26 jogadoras foram\u00a0<a href=\"https:\/\/www.cbf.com.br\/selecao-brasileira\/noticias\/selecao-feminina\/selecao-brasileira-e-convocada-para-a-copa-do-mundo-feminina-fifa-2023\" rel=\"nofollow noopener\" target=\"_blank\">convocadas pela Confedera\u00e7\u00e3o Brasileira de Futebol (CBF)<\/a>\u00a0para representar o Brasil e 32% delas s\u00e3o de estados da regi\u00e3o Nordeste.<\/p>\n<p>A\u00a0<a href=\"https:\/\/www.agenciatatu.com.br\/\" rel=\"noopener nofollow\" target=\"_blank\">Ag\u00eancia Tatu<\/a>\u00a0analisou o perfil das jogadoras da sele\u00e7\u00e3o brasileira convocadas para a Copa do Mundo e, enquanto oito s\u00e3o nordestinas, 12 (48%) delas s\u00e3o da regi\u00e3o Sudeste. Da regi\u00e3o Norte n\u00e3o h\u00e1 sequer uma jogadora na sele\u00e7\u00e3o. Entre as jogadoras aparece ainda a jogadora Angelina, que nasceu nos Estados Unidos mas se mudou para o Brasil muito cedo, aos dois anos de idade.<\/p>\n<h2>N\u00famero de jogadoras convocadas para a Copa do Mundo Feminina 2023 por regi\u00e3o<\/h2>\n<h3>Jogadoras que nasceram na regi\u00e3o Centro-oeste somam 12% e na regi\u00e3o Sul s\u00e3o 8%.<\/h3>\n<p><img decoding=\"async\" loading=\"lazy\" class=\"\" src=\"https:\/\/ci4.googleusercontent.com\/proxy\/sHn9wwPsyCUQv5zxK4t8kEo-3cFPy0LaaDVvjyEs77AYmH_2gZTQyn9QVrFSJOeYePTRovM77QwUf9pWCmIxnzRsQ7FI8QbpGd5oBCMxYzV8Te07I8MM4UFeKH6WCorwcDpepcQTBlFS-fmWQt41s27OL0a2_iqqeokAClHIpw9IM_PvziZKJnzXo9ZhB8k3xlvlM0k=s0-d-e1-ft#https:\/\/cseprs3.s3.amazonaws.com\/email-editor-files\/d5e4483b-97ac-4135-8593-08da39087ee7\/cfa4f141-e303-43f9-9a37-9e0162ed1b21.png\" width=\"808\" height=\"475\" alt=\"\" title=\"\"><\/p>\n<p>&nbsp;<\/p>\n<p>Quanto \u00e0 idade, a faixa et\u00e1ria mais comum na equipe \u00e9 entre 21 e 24 anos e 25 a 30 anos, representando 34,6% cada faixa. J\u00e1 as jogadoras que possuem entre 18 e 20 anos s\u00e3o apenas duas (7%): a atacante Aline, de 18 anos, e a zagueira Lauren, de 20 anos.<\/p>\n<p>Outra faixa et\u00e1ria menos comum s\u00e3o das jogadoras que possuem 36 anos ou mais, tamb\u00e9m somando duas (7%) no total, sendo elas a zagueira M\u00f4nica, de 36 anos, e a atacante Marta, de 37 anos, alagoana que j\u00e1 foi eleita pela FIFA a melhor jogadora do mundo por seis vezes.<\/p>\n<h2>Idade das jogadoras da sele\u00e7\u00e3o brasileira de futebol<\/h2>\n<h3>Cinco jogadoras do time possuem 23 anos, sendo a idade com mais repeti\u00e7\u00f5es<\/h3>\n<p><img decoding=\"async\" loading=\"lazy\" class=\"\" src=\"https:\/\/ci4.googleusercontent.com\/proxy\/CrAiXexpRpIfYxx6Hn2nz22OKAqjUNpFJHwMUOUGobLm_g-ZNqkLP_54qYi7X9aK2eWiHcpreccAtnAgIf7VjDtTEH0n47jVLc1vIOMR37fkO4kWizd8GteGoMdHlEeBDIMRoGK7IP_gs8BQHovIHOKqGCnaEBukhDnQ4e0ItSOyA9mlwGImB_DuVc2YWBHSjP1-FOA=s0-d-e1-ft#https:\/\/cseprs3.s3.amazonaws.com\/email-editor-files\/d5e4483b-97ac-4135-8593-08da39087ee7\/37eb938c-0599-4ba5-8f8f-c9f794f3bdb0.png\" width=\"787\" height=\"555\" alt=\"\" title=\"\"><\/p>\n<p>&nbsp;<\/p>\n<p>Entre as convocadas, 14 far\u00e3o a estreia em Copas do Mundo e 12 s\u00e3o veteranas. Marta \u00e9 tamb\u00e9m a jogadora que mais participou do mundial, com seis repeti\u00e7\u00f5es, seguida pela goleira B\u00e1rbara, que estar\u00e1 na sua quinta edi\u00e7\u00e3o.<\/p>\n<p><img decoding=\"async\" loading=\"lazy\" class=\"aligncenter wp-image-17943 size-full lazyloaded\" title=\"32% das jogadoras do Brasil na Copa do Mundo Feminina s\u00e3o nordestinas; confira o perfil 3\" src=\"https:\/\/www.agenciatatu.com.br\/wp-content\/uploads\/Bloco_Participacao_em_Copas_de_Cada_Jogadora_-_Tatu.png\" sizes=\"auto, (max-width: 480px) 100vw, 480px\" srcset=\"https:\/\/www.agenciatatu.com.br\/wp-content\/uploads\/Bloco_Participacao_em_Copas_de_Cada_Jogadora_-_Tatu.png 480w, https:\/\/www.agenciatatu.com.br\/wp-content\/uploads\/Bloco_Participacao_em_Copas_de_Cada_Jogadora_-_Tatu-133x300.png 133w, https:\/\/www.agenciatatu.com.br\/wp-content\/uploads\/Bloco_Participacao_em_Copas_de_Cada_Jogadora_-_Tatu-191x431.png 191w, https:\/\/www.agenciatatu.com.br\/wp-content\/uploads\/Bloco_Participacao_em_Copas_de_Cada_Jogadora_-_Tatu-67x150.png 67w, https:\/\/www.agenciatatu.com.br\/wp-content\/uploads\/Bloco_Participacao_em_Copas_de_Cada_Jogadora_-_Tatu-682x1536.png 682w, https:\/\/www.agenciatatu.com.br\/wp-content\/uploads\/Bloco_Participacao_em_Copas_de_Cada_Jogadora_-_Tatu-909x2048.png 909w, https:\/\/www.agenciatatu.com.br\/wp-content\/uploads\/Bloco_Participacao_em_Copas_de_Cada_Jogadora_-_Tatu-150x338.png 150w\" alt=\"Infogr\u00e1fico com o t\u00edtulo &quot;N\u00famero de participa\u00e7\u00e3o em copas de cada jogadora&quot; e subt\u00edtulo &quot; Dados contam tamb\u00e9m com esta Copa do Mundo Feminina de 2023.&quot; Imagens das jogadoras convocadas abaixo e uma bola de futebol ao lado indicando a quantidade de vezes em cada uma participou de copas. \" width=\"480\" height=\"1080\" data-srcset=\"https:\/\/www.agenciatatu.com.br\/wp-content\/uploads\/Bloco_Participacao_em_Copas_de_Cada_Jogadora_-_Tatu.png 480w, https:\/\/www.agenciatatu.com.br\/wp-content\/uploads\/Bloco_Participacao_em_Copas_de_Cada_Jogadora_-_Tatu-133x300.png 133w, https:\/\/www.agenciatatu.com.br\/wp-content\/uploads\/Bloco_Participacao_em_Copas_de_Cada_Jogadora_-_Tatu-191x431.png 191w, https:\/\/www.agenciatatu.com.br\/wp-content\/uploads\/Bloco_Participacao_em_Copas_de_Cada_Jogadora_-_Tatu-67x150.png 67w, https:\/\/www.agenciatatu.com.br\/wp-content\/uploads\/Bloco_Participacao_em_Copas_de_Cada_Jogadora_-_Tatu-682x1536.png 682w, https:\/\/www.agenciatatu.com.br\/wp-content\/uploads\/Bloco_Participacao_em_Copas_de_Cada_Jogadora_-_Tatu-909x2048.png 909w, https:\/\/www.agenciatatu.com.br\/wp-content\/uploads\/Bloco_Participacao_em_Copas_de_Cada_Jogadora_-_Tatu-150x338.png 150w\" data-src=\"https:\/\/www.agenciatatu.com.br\/wp-content\/uploads\/Bloco_Participacao_em_Copas_de_Cada_Jogadora_-_Tatu.png\" data-sizes=\"(max-width: 480px) 100vw, 480px\" \/><\/p>\n<h2><b>Outros dados sobre o mundial<\/b><\/h2>\n<p>A primeira edi\u00e7\u00e3o da Copa do Mundo Feminina da FIFA foi em 1991 e j\u00e1 foram realizadas oito vezes. O torneio ocorre a cada quatro anos, sempre um ano ap\u00f3s o mundial masculino. O mais pr\u00f3ximo que a sele\u00e7\u00e3o brasileira chegou de vencer o mundial foi em 2007, quando disputou a final contra a Alemanha, mas acabou ficando com o t\u00edtulo de vice-campe\u00e3.<\/p>\n<p>O pa\u00eds que mais venceu a Copa do Mundo Feminina foi os Estados Unidos, com quatro vit\u00f3rias (1991, 1999, 2015 e 2019), em seguida, a Alemanha aparece com duas vit\u00f3rias (2003 e 2007), e a Noruega e Jap\u00e3o com uma vit\u00f3ria, cada (1995 e 2011, respectivamente).<\/p>\n<p>No Google Trends \u00e9 poss\u00edvel observar que entre os cinco locais do Brasil que mais registraram interesse no assunto, nos \u00faltimos sete dias, quatro s\u00e3o estados da regi\u00e3o Nordeste, com o Distrito Federal em 1\u00ba lugar nas pesquisas, seguido pela Para\u00edba, Rio Grande do Norte, Sergipe e Cear\u00e1.<\/p>\n<p>A estreia do Brasil na Copa do Mundo Feminina 2023 ser\u00e1 no dia 24 de julho, \u00e0s 8h, contra o Panam\u00e1. Na sequ\u00eancia do Grupo F, a sele\u00e7\u00e3o jogar\u00e1 contra a Fran\u00e7a, no dia 29 de julho, \u00e0s 7h, e fecha a participa\u00e7\u00e3o na primeira fase do mundial com a partida contra a Jamaica, no dia 2 de agosto, \u00e0s 7h.<\/p>\n<p>O post <a rel=\"nofollow noopener\" href=\"https:\/\/wscom.com.br\/32-das-jogadoras-do-brasil-na-copa-do-mundo-feminina-sao-nordestinas-confira-o-perfil\/\" target=\"_blank\">32% das jogadoras do Brasil na Copa do Mundo Feminina s\u00e3o nordestinas; confira o perfil<\/a> apareceu primeiro em <a rel=\"nofollow noopener\" href=\"https:\/\/wscom.com.br\/\" target=\"_blank\">WSCOM<\/a>.<\/p>\n","protected":false},"excerpt":{"rendered":"<p>Com grandes expectativas, a Sele\u00e7\u00e3o Brasileira de futebol disputa nos pr\u00f3ximos dias a Copa do Mundo Feminina da FIFA 2023, que est\u00e1 em sua nona edi\u00e7\u00e3o e inicia nesta quinta-feira (20). Buscando a primeira vit\u00f3ria do mundial, 26 jogadoras foram\u00a0convocadas pela Confedera\u00e7\u00e3o Brasileira de Futebol (CBF)\u00a0para representar o Brasil e 32% delas s\u00e3o de estados [\u2026]<\/p>\n<p>O post <a rel=\"nofollow\" href=\"https:\/\/wscom.com.br\/32-das-jogadoras-do-brasil-na-copa-do-mundo-feminina-sao-nordestinas-confira-o-perfil\/\">32% das jogadoras do Brasil na Copa do Mundo Feminina s\u00e3o nordestinas; confira o perfil<\/a> apareceu primeiro em <a rel=\"nofollow\" href=\"https:\/\/wscom.com.br\/\">WSCOM<\/a>.<\/p>\n","protected":false},"author":49,"featured_media":0,"comment_status":"closed","ping_status":"closed","sticky":false,"template":"","format":"standard","meta":{"advgb_blocks_editor_width":"","advgb_blocks_columns_visual_guide":"","footnotes":""},"categories":[5843,207,79,34,6706],"tags":[35],"class_list":["post-26427","post","type-post","status-publish","format-standard","hentry","category-copa-do-mundo-feminina","category-esporte","category-futebol","category-g1","category-jogadoras-nordestinas","tag-g1"],"author_meta":{"display_name":"Cristiane Cavalcante","author_link":"https:\/\/sindaopcpb.org.br\/author\/cristiane-cavalcante\/"},"featured_img":null,"coauthors":[],"tax_additional":{"categories":{"linked":["<a href=\"https:\/\/sindaopcpb.org.br\/copa-do-mundo-feminina\/\" class=\"advgb-post-tax-term\">copa do mundo feminina<\/a>","<a href=\"https:\/\/sindaopcpb.org.br\/esporte\/\" class=\"advgb-post-tax-term\">Esporte<\/a>","<a href=\"https:\/\/sindaopcpb.org.br\/futebol\/\" class=\"advgb-post-tax-term\">Futebol<\/a>","<a href=\"https:\/\/sindaopcpb.org.br\/g1\/\" class=\"advgb-post-tax-term\">G1<\/a>","<a href=\"https:\/\/sindaopcpb.org.br\/jogadoras-nordestinas\/\" class=\"advgb-post-tax-term\">jogadoras nordestinas<\/a>"],"unlinked":["<span class=\"advgb-post-tax-term\">copa do mundo feminina<\/span>","<span class=\"advgb-post-tax-term\">Esporte<\/span>","<span class=\"advgb-post-tax-term\">Futebol<\/span>","<span class=\"advgb-post-tax-term\">G1<\/span>","<span class=\"advgb-post-tax-term\">jogadoras nordestinas<\/span>"]},"tags":{"linked":["<a href=\"https:\/\/sindaopcpb.org.br\/jogadoras-nordestinas\/\" class=\"advgb-post-tax-term\">g1<\/a>"],"unlinked":["<span class=\"advgb-post-tax-term\">g1<\/span>"]}},"comment_count":"0","relative_dates":{"created":"Publicado 3 anos atr\u00e1s","modified":"Atualizado 3 anos atr\u00e1s"},"absolute_dates":{"created":"Publicado em 21 de julho de 2023","modified":"Atualizado em 21 de julho de 2023"},"absolute_dates_time":{"created":"Publicado em 21 de julho de 2023 09:15","modified":"Atualizado em 21 de julho de 2023 09:15"},"featured_img_caption":"","series_order":"","_links":{"self":[{"href":"https:\/\/sindaopcpb.org.br\/index.php\/wp-json\/wp\/v2\/posts\/26427","targetHints":{"allow":["GET"]}}],"collection":[{"href":"https:\/\/sindaopcpb.org.br\/index.php\/wp-json\/wp\/v2\/posts"}],"about":[{"href":"https:\/\/sindaopcpb.org.br\/index.php\/wp-json\/wp\/v2\/types\/post"}],"author":[{"embeddable":true,"href":"https:\/\/sindaopcpb.org.br\/index.php\/wp-json\/wp\/v2\/users\/49"}],"replies":[{"embeddable":true,"href":"https:\/\/sindaopcpb.org.br\/index.php\/wp-json\/wp\/v2\/comments?post=26427"}],"version-history":[{"count":1,"href":"https:\/\/sindaopcpb.org.br\/index.php\/wp-json\/wp\/v2\/posts\/26427\/revisions"}],"predecessor-version":[{"id":26428,"href":"https:\/\/sindaopcpb.org.br\/index.php\/wp-json\/wp\/v2\/posts\/26427\/revisions\/26428"}],"wp:attachment":[{"href":"https:\/\/sindaopcpb.org.br\/index.php\/wp-json\/wp\/v2\/media?parent=26427"}],"wp:term":[{"taxonomy":"category","embeddable":true,"href":"https:\/\/sindaopcpb.org.br\/index.php\/wp-json\/wp\/v2\/categories?post=26427"},{"taxonomy":"post_tag","embeddable":true,"href":"https:\/\/sindaopcpb.org.br\/index.php\/wp-json\/wp\/v2\/tags?post=26427"}],"curies":[{"name":"wp","href":"https:\/\/api.w.org\/{rel}","templated":true}]}}