{"id":26421,"date":"2023-07-21T09:26:47","date_gmt":"2023-07-21T12:26:47","guid":{"rendered":"https:\/\/wpa.wscom.com.br\/?p=913095"},"modified":"2023-07-21T09:26:47","modified_gmt":"2023-07-21T12:26:47","slug":"lula-tem-quatro-nomes-de-mulheres-sobre-a-mesa-para-a-proxima-vaga-ao-supremo-tribunal-federal","status":"publish","type":"post","link":"https:\/\/sindaopcpb.org.br\/index.php\/2023\/07\/21\/lula-tem-quatro-nomes-de-mulheres-sobre-a-mesa-para-a-proxima-vaga-ao-supremo-tribunal-federal\/","title":{"rendered":"Lula tem quatro nomes de mulheres sobre a mesa para a pr\u00f3xima vaga ao Supremo Tribunal Federal"},"content":{"rendered":"<p>&nbsp;<\/p>\n<p>&nbsp;<\/p>\n<p>O presidente Lula tem mantido discri\u00e7\u00e3o sobre sua prefer\u00eancia para a pr\u00f3xima vaga no Supremo Tribunal Federal (STF), mas est\u00e1 sondando op\u00e7\u00f5es femininas do meio jur\u00eddico. Aliados e integrantes do governo foram encarregados de levantar informa\u00e7\u00f5es sobre algumas candidatas que surgiram para substituir a presidente da corte, Rosa Weber, que se aposenta em outubro,\u00a0segundo informa a jornalista Bela Megale.<\/p>\n<p>A busca por uma mulher para o cargo tem sido refor\u00e7ada por alguns que cercam o presidente, argumentando que \u00e9 essencial aumentar a representatividade feminina na corte. Diante disso, Lula tem solicitado que lhe apresentem nomes que preencham os requisitos necess\u00e1rios para ocupar a vaga, enfatizando a import\u00e2ncia de lealdade e coragem para enfrentar poss\u00edveis press\u00f5es p\u00fablicas.<\/p>\n<p>Atualmente, quatro nomes est\u00e3o sendo cogitados por Lula: Simone Schreiber, desembargadora do TRF-2 conhecida por seu alinhamento garantista; Regina Helena Costa, ministra do STJ e com apoio de figuras importantes do STF; Dora Cavalcanti, advogada com liga\u00e7\u00f5es pr\u00f3ximas ao ex-ministro da Justi\u00e7a M\u00e1rcio Thomaz Bastos; e Fl\u00e1via Rahal, advogada que atuou em casos relevantes para o PT. A principal preocupa\u00e7\u00e3o do presidente \u00e9 encontrar uma candidata com quem possa estabelecer proximidade e confian\u00e7a direta.<\/p>\n<p>A decis\u00e3o de Lula sobre a pr\u00f3xima indicada para o STF \u00e9 aguardada com expectativa e pode ter impacto significativo no equil\u00edbrio e na diversidade da corte. A an\u00e1lise das trajet\u00f3rias e compet\u00eancias das candidatas est\u00e1 em curso, enquanto o cen\u00e1rio pol\u00edtico e jur\u00eddico aguarda ansiosamente a escolha que moldar\u00e1 o futuro do Supremo Tribunal Federal.<\/p>\n<p>O post <a rel=\"nofollow noopener\" href=\"https:\/\/wscom.com.br\/lula-tem-quatro-nomes-de-mulheres-sobre-a-mesa-para-a-proxima-vaga-ao-supremo-tribunal-federal\/\" target=\"_blank\">Lula tem quatro nomes de mulheres sobre a mesa para a pr\u00f3xima vaga ao Supremo Tribunal Federal<\/a> apareceu primeiro em <a rel=\"nofollow noopener\" href=\"https:\/\/wscom.com.br\/\" target=\"_blank\">WSCOM<\/a>.<\/p>\n","protected":false},"excerpt":{"rendered":"<p>\u00a0 \u00a0 O presidente Lula tem mantido discri\u00e7\u00e3o sobre sua prefer\u00eancia para a pr\u00f3xima vaga no Supremo Tribunal Federal (STF), mas est\u00e1 sondando op\u00e7\u00f5es femininas do meio jur\u00eddico. Aliados e integrantes do governo foram encarregados de levantar informa\u00e7\u00f5es sobre algumas candidatas que surgiram para substituir a presidente da corte, Rosa Weber, que se aposenta em [\u2026]<\/p>\n<p>O post <a rel=\"nofollow\" href=\"https:\/\/wscom.com.br\/lula-tem-quatro-nomes-de-mulheres-sobre-a-mesa-para-a-proxima-vaga-ao-supremo-tribunal-federal\/\">Lula tem quatro nomes de mulheres sobre a mesa para a pr\u00f3xima vaga ao Supremo Tribunal Federal<\/a> apareceu primeiro em <a rel=\"nofollow\" href=\"https:\/\/wscom.com.br\/\">WSCOM<\/a>.<\/p>\n","protected":false},"author":42,"featured_media":0,"comment_status":"closed","ping_status":"closed","sticky":false,"template":"","format":"standard","meta":{"advgb_blocks_editor_width":"","advgb_blocks_columns_visual_guide":"","footnotes":""},"categories":[34,2325,278,110,1488,449],"tags":[35],"class_list":["post-26421","post","type-post","status-publish","format-standard","hentry","category-g1","category-indicacao","category-justica","category-lula","category-mulheres","category-stf","tag-g1"],"author_meta":{"display_name":"Rafael Andrade","author_link":"https:\/\/sindaopcpb.org.br\/author\/rafael-andrade\/"},"featured_img":null,"coauthors":[],"tax_additional":{"categories":{"linked":["<a href=\"https:\/\/sindaopcpb.org.br\/g1\/\" class=\"advgb-post-tax-term\">G1<\/a>","<a href=\"https:\/\/sindaopcpb.org.br\/indicacao\/\" class=\"advgb-post-tax-term\">Indica\u00e7\u00e3o<\/a>","<a href=\"https:\/\/sindaopcpb.org.br\/justica\/\" class=\"advgb-post-tax-term\">Justi\u00e7a<\/a>","<a href=\"https:\/\/sindaopcpb.org.br\/lula\/\" class=\"advgb-post-tax-term\">Lula<\/a>","<a href=\"https:\/\/sindaopcpb.org.br\/mulheres\/\" class=\"advgb-post-tax-term\">Mulheres<\/a>","<a href=\"https:\/\/sindaopcpb.org.br\/stf\/\" class=\"advgb-post-tax-term\">STF<\/a>"],"unlinked":["<span class=\"advgb-post-tax-term\">G1<\/span>","<span class=\"advgb-post-tax-term\">Indica\u00e7\u00e3o<\/span>","<span class=\"advgb-post-tax-term\">Justi\u00e7a<\/span>","<span class=\"advgb-post-tax-term\">Lula<\/span>","<span class=\"advgb-post-tax-term\">Mulheres<\/span>","<span class=\"advgb-post-tax-term\">STF<\/span>"]},"tags":{"linked":["<a href=\"https:\/\/sindaopcpb.org.br\/stf\/\" class=\"advgb-post-tax-term\">g1<\/a>"],"unlinked":["<span class=\"advgb-post-tax-term\">g1<\/span>"]}},"comment_count":"0","relative_dates":{"created":"Publicado 3 anos atr\u00e1s","modified":"Atualizado 3 anos atr\u00e1s"},"absolute_dates":{"created":"Publicado em 21 de julho de 2023","modified":"Atualizado em 21 de julho de 2023"},"absolute_dates_time":{"created":"Publicado em 21 de julho de 2023 09:26","modified":"Atualizado em 21 de julho de 2023 09:26"},"featured_img_caption":"","series_order":"","_links":{"self":[{"href":"https:\/\/sindaopcpb.org.br\/index.php\/wp-json\/wp\/v2\/posts\/26421","targetHints":{"allow":["GET"]}}],"collection":[{"href":"https:\/\/sindaopcpb.org.br\/index.php\/wp-json\/wp\/v2\/posts"}],"about":[{"href":"https:\/\/sindaopcpb.org.br\/index.php\/wp-json\/wp\/v2\/types\/post"}],"author":[{"embeddable":true,"href":"https:\/\/sindaopcpb.org.br\/index.php\/wp-json\/wp\/v2\/users\/42"}],"replies":[{"embeddable":true,"href":"https:\/\/sindaopcpb.org.br\/index.php\/wp-json\/wp\/v2\/comments?post=26421"}],"version-history":[{"count":1,"href":"https:\/\/sindaopcpb.org.br\/index.php\/wp-json\/wp\/v2\/posts\/26421\/revisions"}],"predecessor-version":[{"id":26422,"href":"https:\/\/sindaopcpb.org.br\/index.php\/wp-json\/wp\/v2\/posts\/26421\/revisions\/26422"}],"wp:attachment":[{"href":"https:\/\/sindaopcpb.org.br\/index.php\/wp-json\/wp\/v2\/media?parent=26421"}],"wp:term":[{"taxonomy":"category","embeddable":true,"href":"https:\/\/sindaopcpb.org.br\/index.php\/wp-json\/wp\/v2\/categories?post=26421"},{"taxonomy":"post_tag","embeddable":true,"href":"https:\/\/sindaopcpb.org.br\/index.php\/wp-json\/wp\/v2\/tags?post=26421"}],"curies":[{"name":"wp","href":"https:\/\/api.w.org\/{rel}","templated":true}]}}