{"id":26417,"date":"2023-07-21T09:33:19","date_gmt":"2023-07-21T12:33:19","guid":{"rendered":"https:\/\/wpa.wscom.com.br\/?p=913100"},"modified":"2023-07-21T09:33:19","modified_gmt":"2023-07-21T12:33:19","slug":"evangelicos-e-extrema-direita-compram-briga-contra-o-filme-barbie-nao-representa-nossos-valores","status":"publish","type":"post","link":"https:\/\/sindaopcpb.org.br\/index.php\/2023\/07\/21\/evangelicos-e-extrema-direita-compram-briga-contra-o-filme-barbie-nao-representa-nossos-valores\/","title":{"rendered":"Evang\u00e9licos e extrema-direita compram briga contra o filme \u201cBarbie\u201d: \u201cn\u00e3o representa nossos valores\u201d"},"content":{"rendered":"<p>&nbsp;<\/p>\n<p>&nbsp;<\/p>\n<p>Os fundamentalistas est\u00e3o numa cruzada contra o filme estadunidense Barbie, que est\u00e1 sendo exibido nos cinemas. De acordo com os figuras de extrema-direita e tamb\u00e9m evang\u00e9licas, o filme incomoda por representar \u201cvalores LGBTQIA+, defesa de valores progressistas e tamb\u00e9m valores que deturpam o projeto da tradicional fam\u00edlia\u201d.<\/p>\n<p>J\u00e1 nos EUA, setores da extrema-direita tamb\u00e9m declararam guerra contra o filme.<\/p>\n<p>As cr\u00edticas foram parar entre os assuntos mais comentados do Twitter e a maioria dos internautas questionam a intoler\u00e2ncia e preconceito presentes na prega\u00e7\u00e3o.<\/p>\n<p><strong>Veja:<\/strong><\/p>\n<blockquote class=\"twitter-tweet\" data-width=\"550\" data-dnt=\"true\">\n<p lang=\"pt\" dir=\"ltr\">Se barbie est\u00e1 incomodando crente e homem significa que \u00e9 o filme da d\u00e9cada <a href=\"https:\/\/t.co\/zHWRCa5hsE\" rel=\"nofollow\">pic.twitter.com\/zHWRCa5hsE<\/a><\/p>\n<p>&mdash; kler (@gattxvolei) <a href=\"https:\/\/twitter.com\/gattxvolei\/status\/1682330994542616580?ref_src=twsrc%5Etfw\" rel=\"nofollow noopener\" target=\"_blank\">July 21, 2023<\/a><\/p>\n<\/blockquote>\n<p><script async src=\"https:\/\/platform.twitter.com\/widgets.js\" charset=\"utf-8\"><\/script><\/p>\n<blockquote class=\"twitter-tweet\" data-width=\"550\" data-dnt=\"true\">\n<p lang=\"pt\" dir=\"ltr\">Crente \u00e9 o guardi\u00e3o do conservadorismo, que significa a mesma coisa que atraso, arrog\u00e2ncia e lode \u00e0 Idade M\u00e9dia! <a href=\"https:\/\/t.co\/UGMivBUWr6\" rel=\"nofollow\">pic.twitter.com\/UGMivBUWr6<\/a><\/p>\n<p>&mdash; Pobre de Direita (@RidlavSednanref) <a href=\"https:\/\/twitter.com\/RidlavSednanref\/status\/1682268829823520769?ref_src=twsrc%5Etfw\" rel=\"nofollow noopener\" target=\"_blank\">July 21, 2023<\/a><\/p>\n<\/blockquote>\n<p><script async src=\"https:\/\/platform.twitter.com\/widgets.js\" charset=\"utf-8\"><\/script><\/p>\n<blockquote class=\"twitter-tweet\" data-width=\"550\" data-dnt=\"true\">\n<p lang=\"pt\" dir=\"ltr\">Mas era s\u00f3 o que faltava, a Barbie j\u00e1 \u00e9 branca, magra, rica, s\u00f3 faltava ser crente&#8230; <a href=\"https:\/\/t.co\/2ogRlPpqCV\" rel=\"nofollow\">https:\/\/t.co\/2ogRlPpqCV<\/a><\/p>\n<p>&mdash; Aline Passos (@linpjs) <a href=\"https:\/\/twitter.com\/linpjs\/status\/1682199549660495873?ref_src=twsrc%5Etfw\" rel=\"nofollow noopener\" target=\"_blank\">July 21, 2023<\/a><\/p>\n<\/blockquote>\n<p><script async src=\"https:\/\/platform.twitter.com\/widgets.js\" charset=\"utf-8\"><\/script><\/p>\n<p>&nbsp;<\/p>\n<p>O post <a rel=\"nofollow noopener\" href=\"https:\/\/wscom.com.br\/evangelicos-e-extrema-direita-compram-briga-contra-o-filme-barbie-nao-representa-nossos-valores\/\" target=\"_blank\">Evang\u00e9licos e extrema-direita compram briga contra o filme \u201cBarbie\u201d: \u201cn\u00e3o representa nossos valores\u201d<\/a> apareceu primeiro em <a rel=\"nofollow noopener\" href=\"https:\/\/wscom.com.br\/\" target=\"_blank\">WSCOM<\/a>.<\/p>\n","protected":false},"excerpt":{"rendered":"<p>\u00a0 \u00a0 Os fundamentalistas est\u00e3o numa cruzada contra o filme estadunidense Barbie, que est\u00e1 sendo exibido nos cinemas. De acordo com os figuras de extrema-direita e tamb\u00e9m evang\u00e9licas, o filme incomoda por representar \u201cvalores LGBTQIA+, defesa de valores progressistas e tamb\u00e9m valores que deturpam o projeto da tradicional fam\u00edlia\u201d. J\u00e1 nos EUA, setores da extrema-direita [\u2026]<\/p>\n<p>O post <a rel=\"nofollow\" href=\"https:\/\/wscom.com.br\/evangelicos-e-extrema-direita-compram-briga-contra-o-filme-barbie-nao-representa-nossos-valores\/\">Evang\u00e9licos e extrema-direita compram briga contra o filme \u201cBarbie\u201d: \u201cn\u00e3o representa nossos valores\u201d<\/a> apareceu primeiro em <a rel=\"nofollow\" href=\"https:\/\/wscom.com.br\/\">WSCOM<\/a>.<\/p>\n","protected":false},"author":42,"featured_media":0,"comment_status":"closed","ping_status":"closed","sticky":false,"template":"","format":"standard","meta":{"advgb_blocks_editor_width":"","advgb_blocks_columns_visual_guide":"","footnotes":""},"categories":[6635,940,4368,6700,2155,34,5721],"tags":[35],"class_list":["post-26417","post","type-post","status-publish","format-standard","hentry","category-barbie","category-cinema","category-evangelicos","category-extrema-direita","category-filme","category-g1","category-lgbtqia","tag-g1"],"author_meta":{"display_name":"Rafael Andrade","author_link":"https:\/\/sindaopcpb.org.br\/author\/rafael-andrade\/"},"featured_img":null,"coauthors":[],"tax_additional":{"categories":{"linked":["<a href=\"https:\/\/sindaopcpb.org.br\/barbie\/\" class=\"advgb-post-tax-term\">barbie<\/a>","<a href=\"https:\/\/sindaopcpb.org.br\/cinema\/\" class=\"advgb-post-tax-term\">Cinema<\/a>","<a href=\"https:\/\/sindaopcpb.org.br\/evangelicos\/\" class=\"advgb-post-tax-term\">Evang\u00e9licos<\/a>","<a href=\"https:\/\/sindaopcpb.org.br\/extrema-direita\/\" class=\"advgb-post-tax-term\">extrema-direita<\/a>","<a href=\"https:\/\/sindaopcpb.org.br\/filme\/\" class=\"advgb-post-tax-term\">filme<\/a>","<a href=\"https:\/\/sindaopcpb.org.br\/g1\/\" class=\"advgb-post-tax-term\">G1<\/a>","<a href=\"https:\/\/sindaopcpb.org.br\/lgbtqia\/\" class=\"advgb-post-tax-term\">LGBTQIA<\/a>"],"unlinked":["<span class=\"advgb-post-tax-term\">barbie<\/span>","<span class=\"advgb-post-tax-term\">Cinema<\/span>","<span class=\"advgb-post-tax-term\">Evang\u00e9licos<\/span>","<span class=\"advgb-post-tax-term\">extrema-direita<\/span>","<span class=\"advgb-post-tax-term\">filme<\/span>","<span class=\"advgb-post-tax-term\">G1<\/span>","<span class=\"advgb-post-tax-term\">LGBTQIA<\/span>"]},"tags":{"linked":["<a href=\"https:\/\/sindaopcpb.org.br\/lgbtqia\/\" class=\"advgb-post-tax-term\">g1<\/a>"],"unlinked":["<span class=\"advgb-post-tax-term\">g1<\/span>"]}},"comment_count":"0","relative_dates":{"created":"Publicado 3 anos atr\u00e1s","modified":"Atualizado 3 anos atr\u00e1s"},"absolute_dates":{"created":"Publicado em 21 de julho de 2023","modified":"Atualizado em 21 de julho de 2023"},"absolute_dates_time":{"created":"Publicado em 21 de julho de 2023 09:33","modified":"Atualizado em 21 de julho de 2023 09:33"},"featured_img_caption":"","series_order":"","_links":{"self":[{"href":"https:\/\/sindaopcpb.org.br\/index.php\/wp-json\/wp\/v2\/posts\/26417","targetHints":{"allow":["GET"]}}],"collection":[{"href":"https:\/\/sindaopcpb.org.br\/index.php\/wp-json\/wp\/v2\/posts"}],"about":[{"href":"https:\/\/sindaopcpb.org.br\/index.php\/wp-json\/wp\/v2\/types\/post"}],"author":[{"embeddable":true,"href":"https:\/\/sindaopcpb.org.br\/index.php\/wp-json\/wp\/v2\/users\/42"}],"replies":[{"embeddable":true,"href":"https:\/\/sindaopcpb.org.br\/index.php\/wp-json\/wp\/v2\/comments?post=26417"}],"version-history":[{"count":1,"href":"https:\/\/sindaopcpb.org.br\/index.php\/wp-json\/wp\/v2\/posts\/26417\/revisions"}],"predecessor-version":[{"id":26418,"href":"https:\/\/sindaopcpb.org.br\/index.php\/wp-json\/wp\/v2\/posts\/26417\/revisions\/26418"}],"wp:attachment":[{"href":"https:\/\/sindaopcpb.org.br\/index.php\/wp-json\/wp\/v2\/media?parent=26417"}],"wp:term":[{"taxonomy":"category","embeddable":true,"href":"https:\/\/sindaopcpb.org.br\/index.php\/wp-json\/wp\/v2\/categories?post=26417"},{"taxonomy":"post_tag","embeddable":true,"href":"https:\/\/sindaopcpb.org.br\/index.php\/wp-json\/wp\/v2\/tags?post=26417"}],"curies":[{"name":"wp","href":"https:\/\/api.w.org\/{rel}","templated":true}]}}