{"id":26413,"date":"2023-07-21T09:07:38","date_gmt":"2023-07-21T12:07:38","guid":{"rendered":"https:\/\/www.infomoney.com.br\/?p=2192657"},"modified":"2023-07-21T09:07:38","modified_gmt":"2023-07-21T12:07:38","slug":"plenario-da-camara-aprovou-87-propostas-no-1o-semestre-reforma-tributaria-foi-maior-destaque","status":"publish","type":"post","link":"https:\/\/sindaopcpb.org.br\/index.php\/2023\/07\/21\/plenario-da-camara-aprovou-87-propostas-no-1o-semestre-reforma-tributaria-foi-maior-destaque\/","title":{"rendered":"Plen\u00e1rio da C\u00e2mara aprovou 87 propostas no 1\u00ba semestre; reforma tribut\u00e1ria foi maior destaque"},"content":{"rendered":"<p><img loading=\"lazy\" width=\"300\" height=\"200\" src=\"https:\/\/www.infomoney.com.br\/wp-content\/uploads\/2023\/05\/img20230523205237179MED.jpg?fit=300%2C200&amp;quality=70&amp;strip=all\" class=\"attachment-medium size-medium wp-post-image\" alt=\"\" decoding=\"async\" style=\"float:right; margin:0 0 10px 10px;\" srcset=\"https:\/\/www.infomoney.com.br\/wp-content\/uploads\/2023\/05\/img20230523205237179MED.jpg?w=1000&amp;quality=70&amp;strip=all 1000w, https:\/\/www.infomoney.com.br\/wp-content\/uploads\/2023\/05\/img20230523205237179MED.jpg?w=300&amp;quality=70&amp;strip=all 300w, https:\/\/www.infomoney.com.br\/wp-content\/uploads\/2023\/05\/img20230523205237179MED.jpg?w=768&amp;quality=70&amp;strip=all 768w, https:\/\/www.infomoney.com.br\/wp-content\/uploads\/2023\/05\/img20230523205237179MED.jpg?w=150&amp;quality=70&amp;strip=all 150w\" sizes=\"auto, (max-width: 300px) 100vw, 300px\" data-attachment-id=\"2146736\" data-permalink=\"https:\/\/www.infomoney.com.br\/politica\/apesar-de-vitoria-em-arcabouco-fiscal-lula-patina-em-articulacao-politica-no-congresso-e-enfrenta-riscos-com-medidas-provisorias\/attachment\/img20230523205237179med\/\" data-orig-file=\"https:\/\/www.infomoney.com.br\/wp-content\/uploads\/2023\/05\/img20230523205237179MED.jpg?fit=1000%2C667&amp;quality=70&amp;strip=all\" data-orig-size=\"1000,667\" data-comments-opened=\"0\" data-image-meta=\"{&quot;aperture&quot;:&quot;0&quot;,&quot;credit&quot;:&quot;&quot;,&quot;camera&quot;:&quot;&quot;,&quot;caption&quot;:&quot;&quot;,&quot;created_timestamp&quot;:&quot;0&quot;,&quot;copyright&quot;:&quot;&quot;,&quot;focal_length&quot;:&quot;0&quot;,&quot;iso&quot;:&quot;0&quot;,&quot;shutter_speed&quot;:&quot;0&quot;,&quot;title&quot;:&quot;&quot;,&quot;orientation&quot;:&quot;0&quot;}\" data-image-title=\"Plen\u00e1rio da C\u00e2mara dos Deputados\" data-image-description=\"\" data-image-caption=\"&lt;p&gt;O plen\u00e1rio da C\u00e2mara dos Deputados durante sess\u00e3o Deliberativa Extraordin\u00e1ria (Foto: Pablo Valadares\/C\u00e2mara dos Deputados)&lt;\/p&gt;\n\" data-medium-file=\"https:\/\/www.infomoney.com.br\/wp-content\/uploads\/2023\/05\/img20230523205237179MED.jpg?fit=300%2C200&amp;quality=70&amp;strip=all\" data-large-file=\"https:\/\/www.infomoney.com.br\/wp-content\/uploads\/2023\/05\/img20230523205237179MED.jpg?fit=1000%2C667&amp;quality=70&amp;strip=all\" title=\"\"><\/p>\n<p>Ap\u00f3s anos de debate na Casa em v\u00e1rias vers\u00f5es, a C\u00e2mara dos Deputados aprovou neste semestre a reforma tribut\u00e1ria (Proposta de Emenda \u00e0 Constitui\u00e7\u00e3o 45\/19) para simplificar a tributa\u00e7\u00e3o sobre consumo e servi\u00e7os, reunindo tributos estaduais e municipais em um \u00fanico imposto. Outros dois tributos federais tamb\u00e9m s\u00e3o criados para substituir os j\u00e1 existentes. A mat\u00e9ria est\u00e1 agora em an\u00e1lise no Senado.<\/p>\n<p>Tamb\u00e9m na \u00e1rea de economia, os deputados aprovaram projeto de lei complementar (PLP 93\/23) com novas regras para substituir o atual teto de gastos. A ideia \u00e9 garantir corre\u00e7\u00f5es da despesa em raz\u00e3o do crescimento real da receita e do cumprimento de metas de resultado fiscal. A vota\u00e7\u00e3o das mudan\u00e7as feitas pelo Senado \u00e0 proposta ficou para agosto.<\/p>\n<p>Outra mat\u00e9ria pol\u00eamica aprovada foi o projeto (PL 2384\/23) que d\u00e1 ao representante da Fazenda Nacional o voto de desempate no Conselho Administrativo de Recursos Fiscais (Carf), \u00faltima inst\u00e2ncia de julgamento de quest\u00f5es tribut\u00e1rias na administra\u00e7\u00e3o federal. O texto seguiu para exame do Senado.<\/p>\n<p>Ao todo, o Plen\u00e1rio da C\u00e2mara aprovou no primeiro semestre do ano 46 projetos de lei, 17 medidas provis\u00f3rias, 18 projetos de decreto legislativo, 3 projetos de resolu\u00e7\u00e3o, 2 projetos de lei complementar e 1 proposta de emenda \u00e0 Constitui\u00e7\u00e3o (PEC).<\/p>\n<h2><strong>Direitos sociais<\/strong><\/h2>\n<p>V\u00e1rias proposi\u00e7\u00f5es com direitos sociais foram tamb\u00e9m aprovadas, como a que muda os estatutos da Pessoa Idosa e da Pessoa com Defici\u00eancia (PL 4438\/21) para incluir medidas protetivas a serem decretadas pelo juiz no caso de viol\u00eancia ou da imin\u00eancia dela. Essas medidas s\u00e3o semelhantes \u00e0s constantes da Lei Maria da Penha.<\/p>\n<p>Para pessoas com defici\u00eancia permanente ou Transtorno do Espectro Autista (TEA), o Plen\u00e1rio aprovou projeto de lei (PL 507\/23) que torna indeterminado o prazo de validade de laudo atestando essas condi\u00e7\u00f5es.<\/p>\n<p>Por meio da Medida Provis\u00f3ria 1164\/23, j\u00e1 transformada em lei, a C\u00e2mara dos Deputados aprovou a retomada do programa Bolsa Fam\u00edlia, garantindo o valor m\u00ednimo de R$ 600 por fam\u00edlia com renda mensal familiar per capita igual ou menor a R$ 218, al\u00e9m de R$ 150 por crian\u00e7a entre zero e seis anos e R$ 50 para cada integrante familiar gestante, nutriz, crian\u00e7a entre 7 e 12 anos ou adolescente de 12 a 18 anos.<\/p>\n<h2><strong>Educa\u00e7\u00e3o<\/strong><\/h2>\n<p>Na \u00e1rea de educa\u00e7\u00e3o, o destaque ficou por conta do Programa Escola em Tempo Integral (PL 2617\/23), que repassar\u00e1 recursos federais a estados e munic\u00edpios para estimular a abertura de novas matr\u00edculas na educa\u00e7\u00e3o b\u00e1sica com carga hor\u00e1ria de sete horas di\u00e1rias.<\/p>\n<h2><strong>Meio ambiente<\/strong><\/h2>\n<p>Um dos temas objeto de julgamento pelo Supremo Tribunal Federal (STF), o marco temporal da ocupa\u00e7\u00e3o de terras por povos ind\u00edgenas foi proposto com a aprova\u00e7\u00e3o do Projeto de Lei 490\/07, restringindo a demarca\u00e7\u00e3o dessas terras \u00e0quelas j\u00e1 tradicionalmente ocupadas por esses povos em 5 de outubro de 1988, data da promulga\u00e7\u00e3o da nova Constitui\u00e7\u00e3o federal.<\/p>\n<p>J\u00e1 as florestas p\u00fablicas concedidas para explora\u00e7\u00e3o com planos de manejo foram tema da Medida Provis\u00f3ria 1151\/22, convertida na Lei 14.590\/23. As concession\u00e1rias poder\u00e3o explorar outras atividades n\u00e3o madeireiras e aproveitar e comercializar cr\u00e9ditos de carbono.<\/p>\n<h2><strong>Mulher<\/strong><\/h2>\n<p>Quanto aos direitos da mulher, a C\u00e2mara aprovou, por exemplo, projeto que institui uma pens\u00e3o especial aos filhos e outros dependentes menores de 18 anos de mulheres v\u00edtimas de feminic\u00eddio (PL 976\/22) se a renda familiar mensal per capita for igual ou inferior a 25% do sal\u00e1rio m\u00ednimo (R$ 330).<\/p>\n<p>O combate ao ass\u00e9dio sexual e outros crimes sexuais \u00e9 tema do Programa de Preven\u00e7\u00e3o e Enfrentamento ao Ass\u00e9dio Sexual, \u00e0 Viol\u00eancia Sexual e aos demais Crimes contra a Dignidade Sexual. A iniciativa estava prevista na Medida Provis\u00f3ria 1140\/22, aprovada pelos deputados, e convertida na Lei 14.540\/23.<\/p>\n<p>O programa abranger\u00e1 toda a administra\u00e7\u00e3o p\u00fablica direta e indireta, federal, estadual, distrital e municipal, al\u00e9m do ambiente escolar.<\/p>\n<h2><strong>Sa\u00fade<\/strong><\/h2>\n<p>Outro programa nacional, de preven\u00e7\u00e3o da depress\u00e3o, consta do Projeto de Lei 4712\/19. Entre os objetivos da iniciativa, est\u00e3o combater o preconceito social contra as pessoas com depress\u00e3o por meio de diferentes mecanismos e da participa\u00e7\u00e3o de institui\u00e7\u00f5es sociais e outros agentes que atuem na prote\u00e7\u00e3o da sa\u00fade mental.<\/p>\n<p>Por meio da Medida Provis\u00f3ria 1165\/23, convertida na Lei 14.621\/23, a C\u00e2mara dos Deputados aprovou mudan\u00e7as no Programa Mais M\u00e9dicos para permitir a prorroga\u00e7\u00e3o de contratos e criar indeniza\u00e7\u00f5es de incentivo ao exerc\u00edcio da atividade em \u00e1reas de dif\u00edcil fixa\u00e7\u00e3o dos profissionais.<\/p>\n<p>The post <a rel=\"nofollow noopener\" href=\"https:\/\/www.infomoney.com.br\/politica\/plenario-da-camara-aprovou-87-propostas-no-1o-semestre-reforma-tributaria-foi-maior-destaque\/\" target=\"_blank\">Plen\u00e1rio da C\u00e2mara aprovou 87 propostas no 1\u00ba semestre; reforma tribut\u00e1ria foi maior destaque<\/a> appeared first on <a rel=\"nofollow noopener\" href=\"https:\/\/www.infomoney.com.br\/\" target=\"_blank\">InfoMoney<\/a>.<\/p>\n","protected":false},"excerpt":{"rendered":"<p><img loading=\"lazy\" decoding=\"async\" width=\"300\" height=\"200\" src=\"https:\/\/www.infomoney.com.br\/wp-content\/uploads\/2023\/05\/img20230523205237179MED.jpg?fit=300%2C200&amp;quality=70&amp;strip=all\" class=\"attachment-medium size-medium wp-post-image\" alt=\"\" data-attachment-id=\"2146736\" data-permalink=\"https:\/\/www.infomoney.com.br\/politica\/apesar-de-vitoria-em-arcabouco-fiscal-lula-patina-em-articulacao-politica-no-congresso-e-enfrenta-riscos-com-medidas-provisorias\/attachment\/img20230523205237179med\/\" data-orig-file=\"https:\/\/www.infomoney.com.br\/wp-content\/uploads\/2023\/05\/img20230523205237179MED.jpg?fit=1000%2C667&amp;quality=70&amp;strip=all\" data-orig-size=\"1000,667\" data-comments-opened=\"0\" data-image-meta='{\"aperture\":\"0\",\"credit\":\"\",\"camera\":\"\",\"caption\":\"\",\"created_timestamp\":\"0\",\"copyright\":\"\",\"focal_length\":\"0\",\"iso\":\"0\",\"shutter_speed\":\"0\",\"title\":\"\",\"orientation\":\"0\"}' data-image-title=\"Plen\u00e1rio da C\u00e2mara dos Deputados\" data-image-description=\"\" data-image-caption=\"&lt;p&gt;O plen\u00e1rio da C\u00e2mara dos Deputados durante sess\u00e3o Deliberativa Extraordin\u00e1ria (Foto: Pablo Valadares\/C\u00e2mara dos Deputados)&lt;\/p&gt;\n\" data-medium-file=\"https:\/\/www.infomoney.com.br\/wp-content\/uploads\/2023\/05\/img20230523205237179MED.jpg?fit=300%2C200&amp;quality=70&amp;strip=all\" data-large-file=\"https:\/\/www.infomoney.com.br\/wp-content\/uploads\/2023\/05\/img20230523205237179MED.jpg?fit=1000%2C667&amp;quality=70&amp;strip=all\">Arcabou\u00e7o fiscal, mudan\u00e7as no Carf e marco temporal das terras ind\u00edgenas foram outros temas pol\u00eamicos votados pelos deputados<\/p>\n<p>The post <a rel=\"nofollow\" href=\"https:\/\/www.infomoney.com.br\/politica\/plenario-da-camara-aprovou-87-propostas-no-1o-semestre-reforma-tributaria-foi-maior-destaque\/\">Plen\u00e1rio da C\u00e2mara aprovou 87 propostas no 1\u00ba semestre; reforma tribut\u00e1ria foi maior destaque<\/a> appeared first on <a rel=\"nofollow\" href=\"https:\/\/www.infomoney.com.br\/\">InfoMoney<\/a>.<\/p>\n","protected":false},"author":47,"featured_media":0,"comment_status":"closed","ping_status":"closed","sticky":false,"template":"","format":"standard","meta":{"advgb_blocks_editor_width":"","advgb_blocks_columns_visual_guide":"","footnotes":""},"categories":[276,229,34,950,513,47,4310,191],"tags":[35,50],"class_list":["post-26413","post","type-post","status-publish","format-standard","hentry","category-camara-dos-deputados","category-educacao","category-g1","category-meio-ambiente","category-poder-legislativo","category-politica","category-proposta-de-emenda-a-constituicao","category-reforma-tributaria","tag-g1","tag-projeto-de-lei"],"author_meta":{"display_name":"luispereira","author_link":"https:\/\/sindaopcpb.org.br\/author\/luispereira\/"},"featured_img":null,"coauthors":[],"tax_additional":{"categories":{"linked":["<a href=\"https:\/\/sindaopcpb.org.br\/camara-dos-deputados\/\" class=\"advgb-post-tax-term\">C\u00e2mara dos Deputados<\/a>","<a href=\"https:\/\/sindaopcpb.org.br\/educacao\/\" class=\"advgb-post-tax-term\">Educa\u00e7\u00e3o<\/a>","<a href=\"https:\/\/sindaopcpb.org.br\/g1\/\" class=\"advgb-post-tax-term\">G1<\/a>","<a href=\"https:\/\/sindaopcpb.org.br\/meio-ambiente\/\" class=\"advgb-post-tax-term\">Meio Ambiente<\/a>","<a href=\"https:\/\/sindaopcpb.org.br\/poder-legislativo\/\" class=\"advgb-post-tax-term\">Poder Legislativo<\/a>","<a href=\"https:\/\/sindaopcpb.org.br\/politica\/\" class=\"advgb-post-tax-term\">POLITICA<\/a>","<a href=\"https:\/\/sindaopcpb.org.br\/proposta-de-emenda-a-constituicao\/\" class=\"advgb-post-tax-term\">Proposta de Emenda \u00e0 Constitui\u00e7\u00e3o<\/a>","<a href=\"https:\/\/sindaopcpb.org.br\/reforma-tributaria\/\" class=\"advgb-post-tax-term\">reforma tribut\u00e1ria<\/a>"],"unlinked":["<span class=\"advgb-post-tax-term\">C\u00e2mara dos Deputados<\/span>","<span class=\"advgb-post-tax-term\">Educa\u00e7\u00e3o<\/span>","<span class=\"advgb-post-tax-term\">G1<\/span>","<span class=\"advgb-post-tax-term\">Meio Ambiente<\/span>","<span class=\"advgb-post-tax-term\">Poder Legislativo<\/span>","<span class=\"advgb-post-tax-term\">POLITICA<\/span>","<span class=\"advgb-post-tax-term\">Proposta de Emenda \u00e0 Constitui\u00e7\u00e3o<\/span>","<span class=\"advgb-post-tax-term\">reforma tribut\u00e1ria<\/span>"]},"tags":{"linked":["<a href=\"https:\/\/sindaopcpb.org.br\/reforma-tributaria\/\" class=\"advgb-post-tax-term\">g1<\/a>","<a href=\"https:\/\/sindaopcpb.org.br\/reforma-tributaria\/\" class=\"advgb-post-tax-term\">projeto de lei<\/a>"],"unlinked":["<span class=\"advgb-post-tax-term\">g1<\/span>","<span class=\"advgb-post-tax-term\">projeto de lei<\/span>"]}},"comment_count":"0","relative_dates":{"created":"Publicado 3 anos atr\u00e1s","modified":"Atualizado 3 anos atr\u00e1s"},"absolute_dates":{"created":"Publicado em 21 de julho de 2023","modified":"Atualizado em 21 de julho de 2023"},"absolute_dates_time":{"created":"Publicado em 21 de julho de 2023 09:07","modified":"Atualizado em 21 de julho de 2023 09:07"},"featured_img_caption":"","series_order":"","_links":{"self":[{"href":"https:\/\/sindaopcpb.org.br\/index.php\/wp-json\/wp\/v2\/posts\/26413","targetHints":{"allow":["GET"]}}],"collection":[{"href":"https:\/\/sindaopcpb.org.br\/index.php\/wp-json\/wp\/v2\/posts"}],"about":[{"href":"https:\/\/sindaopcpb.org.br\/index.php\/wp-json\/wp\/v2\/types\/post"}],"author":[{"embeddable":true,"href":"https:\/\/sindaopcpb.org.br\/index.php\/wp-json\/wp\/v2\/users\/47"}],"replies":[{"embeddable":true,"href":"https:\/\/sindaopcpb.org.br\/index.php\/wp-json\/wp\/v2\/comments?post=26413"}],"version-history":[{"count":1,"href":"https:\/\/sindaopcpb.org.br\/index.php\/wp-json\/wp\/v2\/posts\/26413\/revisions"}],"predecessor-version":[{"id":26414,"href":"https:\/\/sindaopcpb.org.br\/index.php\/wp-json\/wp\/v2\/posts\/26413\/revisions\/26414"}],"wp:attachment":[{"href":"https:\/\/sindaopcpb.org.br\/index.php\/wp-json\/wp\/v2\/media?parent=26413"}],"wp:term":[{"taxonomy":"category","embeddable":true,"href":"https:\/\/sindaopcpb.org.br\/index.php\/wp-json\/wp\/v2\/categories?post=26413"},{"taxonomy":"post_tag","embeddable":true,"href":"https:\/\/sindaopcpb.org.br\/index.php\/wp-json\/wp\/v2\/tags?post=26413"}],"curies":[{"name":"wp","href":"https:\/\/api.w.org\/{rel}","templated":true}]}}