{"id":26405,"date":"2023-07-21T07:45:57","date_gmt":"2023-07-21T10:45:57","guid":{"rendered":"https:\/\/wpa.wscom.com.br\/?p=913050"},"modified":"2023-07-21T07:45:57","modified_gmt":"2023-07-21T10:45:57","slug":"operacao-paradigma-2-apreende-armas-e-carros-e-prende-tres-homens-na-grande-joao-pessoa","status":"publish","type":"post","link":"https:\/\/sindaopcpb.org.br\/index.php\/2023\/07\/21\/operacao-paradigma-2-apreende-armas-e-carros-e-prende-tres-homens-na-grande-joao-pessoa\/","title":{"rendered":"Opera\u00e7\u00e3o Paradigma 2 apreende armas e carros e prende tr\u00eas homens na grande Jo\u00e3o Pessoa"},"content":{"rendered":"<p>O 2\u00ba dia da Opera\u00e7\u00e3o Paradigma, realizada entre a noite dessa quinta-feira (20) e madrugada desta quarta (21), teve a apreens\u00e3o de tr\u00eas rev\u00f3lveres, sessenta gal\u00f5es com combust\u00edvel sendo transportado de forma irregular, tr\u00eas carros que estavam com registro de roubo e a pris\u00e3o de tr\u00eas acusados, um deles com mandado de pris\u00e3o em aberto. A opera\u00e7\u00e3o tem o objetivo de refor\u00e7ar a seguran\u00e7a na grande Jo\u00e3o Pessoa e conta com uso de drones monitorando os locais, pontos de bloqueio e fiscaliza\u00e7\u00e3o de tr\u00e2nsito em vias, incurs\u00f5es e abordagens nos bairros e comunidades.<\/p>\n<p>As armas foram apreendidas no bairro do Valentina, em Jo\u00e3o Pessoa, onde um acusado de 29 anos foi preso com um rev\u00f3lver, e em Santa Rita, atrav\u00e9s de abordagem a dois suspeitos, de 20 e 30 anos, que foram flagrados cada um com um rev\u00f3lver, no bairro Alto das Populares.<\/p>\n<p>Os carros foram recuperados durante o refor\u00e7o das rondas, sendo dois no bairro Tambay, em Bayeux, e o terceiro no bairro do Valentina, zona sul da Capital. Em Jo\u00e3o Pessoa teve ainda a pris\u00e3o de um procurado da justi\u00e7a, no bairro do Varadouro. Ele estava com mandado em aberto.<\/p>\n<p>E os gal\u00f5es com combust\u00edvel foram apreendidos na frente do Porto de Cabedelo. O combust\u00edvel estava sendo transportando de forma irregular, trazendo riscos.<\/p>\n<p>No primeiro dia da opera\u00e7\u00e3o, entre a noite da quarta-feira (19) e madrugada dessa quinta (20), cinco acusados foram presos e tr\u00eas armas apreendidas, nas cidades de Jo\u00e3o Pessoa, Bayeux e Santa Rita.<\/p>\n<p>As a\u00e7\u00f5es devem continuar no fim de semana.<\/p>\n<p>Confira imagens da opera\u00e7\u00e3o:<\/p>\n<p><img decoding=\"async\" src=\"https:\/\/www.pm.pb.gov.br\/portal\/wp-content\/uploads\/2023\/07\/WhatsApp-Image-2023-07-20-at-10.20.55-PM-800x445.jpeg\" alt=\"\" title=\"\"><\/p>\n<p><img decoding=\"async\" loading=\"lazy\" class=\"wp-image-917468\" src=\"http:\/\/www.pm.pb.gov.br\/portal\/wp-content\/uploads\/2023\/07\/WhatsApp-Image-2023-07-20-at-10.35.54-PM.jpeg\" sizes=\"auto, (max-width: 1200px) 100vw, 1200px\" srcset=\"https:\/\/www.pm.pb.gov.br\/portal\/wp-content\/uploads\/2023\/07\/WhatsApp-Image-2023-07-20-at-10.35.54-PM.jpeg 1200w, https:\/\/www.pm.pb.gov.br\/portal\/wp-content\/uploads\/2023\/07\/WhatsApp-Image-2023-07-20-at-10.35.54-PM-334x445.jpeg 334w, https:\/\/www.pm.pb.gov.br\/portal\/wp-content\/uploads\/2023\/07\/WhatsApp-Image-2023-07-20-at-10.35.54-PM-428x570.jpeg 428w, https:\/\/www.pm.pb.gov.br\/portal\/wp-content\/uploads\/2023\/07\/WhatsApp-Image-2023-07-20-at-10.35.54-PM-768x1024.jpeg 768w, https:\/\/www.pm.pb.gov.br\/portal\/wp-content\/uploads\/2023\/07\/WhatsApp-Image-2023-07-20-at-10.35.54-PM-1152x1536.jpeg 1152w\" alt=\"\" width=\"1200\" height=\"1600\" title=\"\"><\/p>\n<p>&nbsp;<\/p>\n<p><img decoding=\"async\" loading=\"lazy\" class=\"wp-image-917467\" src=\"http:\/\/www.pm.pb.gov.br\/portal\/wp-content\/uploads\/2023\/07\/WhatsApp-Image-2023-07-20-at-10.20.53-PM.jpeg\" sizes=\"auto, (max-width: 1600px) 100vw, 1600px\" srcset=\"https:\/\/www.pm.pb.gov.br\/portal\/wp-content\/uploads\/2023\/07\/WhatsApp-Image-2023-07-20-at-10.20.53-PM.jpeg 1600w, https:\/\/www.pm.pb.gov.br\/portal\/wp-content\/uploads\/2023\/07\/WhatsApp-Image-2023-07-20-at-10.20.53-PM-593x445.jpeg 593w, https:\/\/www.pm.pb.gov.br\/portal\/wp-content\/uploads\/2023\/07\/WhatsApp-Image-2023-07-20-at-10.20.53-PM-760x570.jpeg 760w, https:\/\/www.pm.pb.gov.br\/portal\/wp-content\/uploads\/2023\/07\/WhatsApp-Image-2023-07-20-at-10.20.53-PM-768x576.jpeg 768w, https:\/\/www.pm.pb.gov.br\/portal\/wp-content\/uploads\/2023\/07\/WhatsApp-Image-2023-07-20-at-10.20.53-PM-1536x1152.jpeg 1536w\" alt=\"\" width=\"1600\" height=\"1200\" title=\"\"><\/p>\n<p>O post <a rel=\"nofollow noopener\" href=\"https:\/\/wscom.com.br\/operacao-paradigma-2-apreende-armas-e-carros-e-prende-tres-homens-na-grande-joao-pessoa\/\" target=\"_blank\">Opera\u00e7\u00e3o Paradigma 2 apreende armas e carros e prende tr\u00eas homens na grande Jo\u00e3o Pessoa<\/a> apareceu primeiro em <a rel=\"nofollow noopener\" href=\"https:\/\/wscom.com.br\/\" target=\"_blank\">WSCOM<\/a>.<\/p>\n","protected":false},"excerpt":{"rendered":"<p>O 2\u00ba dia da Opera\u00e7\u00e3o Paradigma, realizada entre a noite dessa quinta-feira (20) e madrugada desta quarta (21), teve a apreens\u00e3o de tr\u00eas rev\u00f3lveres, sessenta gal\u00f5es com combust\u00edvel sendo transportado de forma irregular, tr\u00eas carros que estavam com registro de roubo e a pris\u00e3o de tr\u00eas acusados, um deles com mandado de pris\u00e3o em aberto. [\u2026]<\/p>\n<p>O post <a rel=\"nofollow\" href=\"https:\/\/wscom.com.br\/operacao-paradigma-2-apreende-armas-e-carros-e-prende-tres-homens-na-grande-joao-pessoa\/\">Opera\u00e7\u00e3o Paradigma 2 apreende armas e carros e prende tr\u00eas homens na grande Jo\u00e3o Pessoa<\/a> apareceu primeiro em <a rel=\"nofollow\" href=\"https:\/\/wscom.com.br\/\">WSCOM<\/a>.<\/p>\n","protected":false},"author":49,"featured_media":0,"comment_status":"closed","ping_status":"closed","sticky":false,"template":"","format":"standard","meta":{"advgb_blocks_editor_width":"","advgb_blocks_columns_visual_guide":"","footnotes":""},"categories":[34,767,6698,411,66],"tags":[35],"class_list":["post-26405","post","type-post","status-publish","format-standard","hentry","category-g1","category-grande-joao-pessoa","category-operacao-paradigma-2","category-policia-militar","category-policial","tag-g1"],"author_meta":{"display_name":"Cristiane Cavalcante","author_link":"https:\/\/sindaopcpb.org.br\/author\/cristiane-cavalcante\/"},"featured_img":null,"coauthors":[],"tax_additional":{"categories":{"linked":["<a href=\"https:\/\/sindaopcpb.org.br\/g1\/\" class=\"advgb-post-tax-term\">G1<\/a>","<a href=\"https:\/\/sindaopcpb.org.br\/grande-joao-pessoa\/\" class=\"advgb-post-tax-term\">grande joao pessoa<\/a>","<a href=\"https:\/\/sindaopcpb.org.br\/operacao-paradigma-2\/\" class=\"advgb-post-tax-term\">Opera\u00e7\u00e3o Paradigma 2<\/a>","<a href=\"https:\/\/sindaopcpb.org.br\/policia-militar\/\" class=\"advgb-post-tax-term\">Pol\u00edcia Militar<\/a>","<a href=\"https:\/\/sindaopcpb.org.br\/policial\/\" class=\"advgb-post-tax-term\">Policial<\/a>"],"unlinked":["<span class=\"advgb-post-tax-term\">G1<\/span>","<span class=\"advgb-post-tax-term\">grande joao pessoa<\/span>","<span class=\"advgb-post-tax-term\">Opera\u00e7\u00e3o Paradigma 2<\/span>","<span class=\"advgb-post-tax-term\">Pol\u00edcia Militar<\/span>","<span class=\"advgb-post-tax-term\">Policial<\/span>"]},"tags":{"linked":["<a href=\"https:\/\/sindaopcpb.org.br\/policial\/\" class=\"advgb-post-tax-term\">g1<\/a>"],"unlinked":["<span class=\"advgb-post-tax-term\">g1<\/span>"]}},"comment_count":"0","relative_dates":{"created":"Publicado 3 anos atr\u00e1s","modified":"Atualizado 3 anos atr\u00e1s"},"absolute_dates":{"created":"Publicado em 21 de julho de 2023","modified":"Atualizado em 21 de julho de 2023"},"absolute_dates_time":{"created":"Publicado em 21 de julho de 2023 07:45","modified":"Atualizado em 21 de julho de 2023 07:45"},"featured_img_caption":"","series_order":"","_links":{"self":[{"href":"https:\/\/sindaopcpb.org.br\/index.php\/wp-json\/wp\/v2\/posts\/26405","targetHints":{"allow":["GET"]}}],"collection":[{"href":"https:\/\/sindaopcpb.org.br\/index.php\/wp-json\/wp\/v2\/posts"}],"about":[{"href":"https:\/\/sindaopcpb.org.br\/index.php\/wp-json\/wp\/v2\/types\/post"}],"author":[{"embeddable":true,"href":"https:\/\/sindaopcpb.org.br\/index.php\/wp-json\/wp\/v2\/users\/49"}],"replies":[{"embeddable":true,"href":"https:\/\/sindaopcpb.org.br\/index.php\/wp-json\/wp\/v2\/comments?post=26405"}],"version-history":[{"count":1,"href":"https:\/\/sindaopcpb.org.br\/index.php\/wp-json\/wp\/v2\/posts\/26405\/revisions"}],"predecessor-version":[{"id":26406,"href":"https:\/\/sindaopcpb.org.br\/index.php\/wp-json\/wp\/v2\/posts\/26405\/revisions\/26406"}],"wp:attachment":[{"href":"https:\/\/sindaopcpb.org.br\/index.php\/wp-json\/wp\/v2\/media?parent=26405"}],"wp:term":[{"taxonomy":"category","embeddable":true,"href":"https:\/\/sindaopcpb.org.br\/index.php\/wp-json\/wp\/v2\/categories?post=26405"},{"taxonomy":"post_tag","embeddable":true,"href":"https:\/\/sindaopcpb.org.br\/index.php\/wp-json\/wp\/v2\/tags?post=26405"}],"curies":[{"name":"wp","href":"https:\/\/api.w.org\/{rel}","templated":true}]}}