{"id":26380,"date":"2023-07-20T18:12:57","date_gmt":"2023-07-20T21:12:57","guid":{"rendered":"https:\/\/wpa.wscom.com.br\/?p=913013"},"modified":"2023-07-20T18:12:57","modified_gmt":"2023-07-20T21:12:57","slug":"o-centro-ainda-pulsa-festival-alumio-anuncia-virada-cultural-em-2a-edicao-de-evento-na-area-historica-de-joao-pessoa","status":"publish","type":"post","link":"https:\/\/sindaopcpb.org.br\/index.php\/2023\/07\/20\/o-centro-ainda-pulsa-festival-alumio-anuncia-virada-cultural-em-2a-edicao-de-evento-na-area-historica-de-joao-pessoa\/","title":{"rendered":"O Centro Ainda Pulsa: Festival Alumi\u00f4 anuncia virada cultural em 2\u00aa edi\u00e7\u00e3o de evento na \u00e1rea hist\u00f3rica de Jo\u00e3o Pessoa"},"content":{"rendered":"<p>Foi lan\u00e7ado nesta quinta-feira (20) o formato o formato in\u00e9dito para a segunda edi\u00e7\u00e3o do do FESTIVAL ALUMI\u00d4, que acontecer\u00e1 em setembro de 2023. Uma coletiva de imprensa reuniu jornalistas, idealizadores, produtores e parceiros neta tarde na Vila do Porto, no Centro Hist\u00f3rio da capital.<\/p>\n<p>A segunda edi\u00e7\u00e3o do festival Alumi\u00f4 acontece nos dias 23 e 24 de setembro, e ser\u00e1 realizada no formato in\u00e9dito de virada cultural, no largo de S\u00e3o Frei Pedro Gon\u00e7alves, no Centro hist\u00f3rico.<\/p>\n<p>Em coletiva de imprensa na tarde desta quinta-feira, os produtores culturais e organizadores do evento, Renata Mora e Ramon Suarez, deram detalhes da segunda edi\u00e7\u00e3o do festival que promete iluminar o centro da capital com vida e cultura, como em outros tempos de efervesc\u00eancia do espa\u00e7o.<\/p>\n<p><iframe loading=\"lazy\" title=\"O Centro Ainda Pulsa: Festival Alumi\u00f4 anuncia virada cultural em 2\u00aa edi\u00e7\u00e3o de evento em Jo\u00e3o Pessoa\" width=\"600\" height=\"338\" src=\"https:\/\/www.youtube.com\/embed\/Q-f6l74Jx3E?feature=oembed\" frameborder=\"0\" allow=\"accelerometer; autoplay; clipboard-write; encrypted-media; gyroscope; picture-in-picture; web-share\" allowfullscreen><\/iframe><\/p>\n<p>Segundo a organiza\u00e7\u00e3o do Festival Alumi\u00f4, mais de 20 atra\u00e7\u00f5es j\u00e1 est\u00e3o confirmadas para o evento, entre bandas, djs, e artistas solo que ir\u00e3o se apresentar no palco da primeira virada cultural de Jo\u00e3o Pessoa.<\/p>\n<p>O Alumi\u00f4 contar\u00e1 ainda, al\u00e9m de muita m\u00fasica, com feira de empreendedorismo, oficinas, e debates, para movimentar e dar visibilidade a cultura e o com\u00e9rcio do centro hist\u00f3rico da capital<\/p>\n<p>De acordo com Renata Mora, &#8220;a iniciativa busca dar visibilidade ao local e ter\u00e1 eixos voltados \u00e0 produ\u00e7\u00e3o art\u00edstica paraibana, empreendedorismo, forma\u00e7\u00e3o da cadeia produtiva, e a promo\u00e7\u00e3o do turismo do centro&#8221;.<\/p>\n<p>A a\u00e7\u00e3o \u00e9 uma iniciativa da sociedade civil na inten\u00e7\u00e3o de cuidar e valorizar a regi\u00e3o. A realiza\u00e7\u00e3o do Festival Alumi\u00f4 2023 movimenta a economia da regi\u00e3o, gera empregos, fortalece o turismo e mostra a cultura paraibana rica, forte e pulsante.<\/p>\n<p>&nbsp;<\/p>\n<p>O post <a rel=\"nofollow noopener\" href=\"https:\/\/wscom.com.br\/o-centro-ainda-pulsa-festival-alumio-anuncia-virada-cultural-em-2a-edicao-de-evento-na-area-historica-de-joao-pessoa\/\" target=\"_blank\">O Centro Ainda Pulsa: Festival Alumi\u00f4 anuncia virada cultural em 2\u00aa edi\u00e7\u00e3o de evento na \u00e1rea hist\u00f3rica de Jo\u00e3o Pessoa<\/a> apareceu primeiro em <a rel=\"nofollow noopener\" href=\"https:\/\/wscom.com.br\/\" target=\"_blank\">WSCOM<\/a>.<\/p>\n","protected":false},"excerpt":{"rendered":"<p>Foi lan\u00e7ado nesta quinta-feira (20) o formato o formato in\u00e9dito para a segunda edi\u00e7\u00e3o do do FESTIVAL ALUMI\u00d4, que acontecer\u00e1 em setembro de 2023. Uma coletiva de imprensa reuniu jornalistas, idealizadores, produtores e parceiros neta tarde na Vila do Porto, no Centro Hist\u00f3rio da capital. A segunda edi\u00e7\u00e3o do festival Alumi\u00f4 acontece nos dias 23 [\u2026]<\/p>\n<p>O post <a rel=\"nofollow\" href=\"https:\/\/wscom.com.br\/o-centro-ainda-pulsa-festival-alumio-anuncia-virada-cultural-em-2a-edicao-de-evento-na-area-historica-de-joao-pessoa\/\">O Centro Ainda Pulsa: Festival Alumi\u00f4 anuncia virada cultural em 2\u00aa edi\u00e7\u00e3o de evento na \u00e1rea hist\u00f3rica de Jo\u00e3o Pessoa<\/a> apareceu primeiro em <a rel=\"nofollow\" href=\"https:\/\/wscom.com.br\/\">WSCOM<\/a>.<\/p>\n","protected":false},"author":50,"featured_media":0,"comment_status":"closed","ping_status":"closed","sticky":false,"template":"","format":"standard","meta":{"advgb_blocks_editor_width":"","advgb_blocks_columns_visual_guide":"","footnotes":""},"categories":[6688,3338,170,34,71,6689],"tags":[35],"class_list":["post-26380","post","type-post","status-publish","format-standard","hentry","category-alumio","category-centro","category-cultura","category-g1","category-joao-pessoa","category-virada","tag-g1"],"author_meta":{"display_name":"Wallyson","author_link":"https:\/\/sindaopcpb.org.br\/author\/wallyson\/"},"featured_img":null,"coauthors":[],"tax_additional":{"categories":{"linked":["<a href=\"https:\/\/sindaopcpb.org.br\/alumio\/\" class=\"advgb-post-tax-term\">alumio<\/a>","<a href=\"https:\/\/sindaopcpb.org.br\/centro\/\" class=\"advgb-post-tax-term\">Centro<\/a>","<a href=\"https:\/\/sindaopcpb.org.br\/cultura\/\" class=\"advgb-post-tax-term\">Cultura<\/a>","<a href=\"https:\/\/sindaopcpb.org.br\/g1\/\" class=\"advgb-post-tax-term\">G1<\/a>","<a href=\"https:\/\/sindaopcpb.org.br\/joao-pessoa\/\" class=\"advgb-post-tax-term\">Jo\u00e3o Pessoa<\/a>","<a href=\"https:\/\/sindaopcpb.org.br\/virada\/\" class=\"advgb-post-tax-term\">VIRADA<\/a>"],"unlinked":["<span class=\"advgb-post-tax-term\">alumio<\/span>","<span class=\"advgb-post-tax-term\">Centro<\/span>","<span class=\"advgb-post-tax-term\">Cultura<\/span>","<span class=\"advgb-post-tax-term\">G1<\/span>","<span class=\"advgb-post-tax-term\">Jo\u00e3o Pessoa<\/span>","<span class=\"advgb-post-tax-term\">VIRADA<\/span>"]},"tags":{"linked":["<a href=\"https:\/\/sindaopcpb.org.br\/virada\/\" class=\"advgb-post-tax-term\">g1<\/a>"],"unlinked":["<span class=\"advgb-post-tax-term\">g1<\/span>"]}},"comment_count":"0","relative_dates":{"created":"Publicado 3 anos atr\u00e1s","modified":"Atualizado 3 anos atr\u00e1s"},"absolute_dates":{"created":"Publicado em 20 de julho de 2023","modified":"Atualizado em 20 de julho de 2023"},"absolute_dates_time":{"created":"Publicado em 20 de julho de 2023 18:12","modified":"Atualizado em 20 de julho de 2023 18:12"},"featured_img_caption":"","series_order":"","_links":{"self":[{"href":"https:\/\/sindaopcpb.org.br\/index.php\/wp-json\/wp\/v2\/posts\/26380","targetHints":{"allow":["GET"]}}],"collection":[{"href":"https:\/\/sindaopcpb.org.br\/index.php\/wp-json\/wp\/v2\/posts"}],"about":[{"href":"https:\/\/sindaopcpb.org.br\/index.php\/wp-json\/wp\/v2\/types\/post"}],"author":[{"embeddable":true,"href":"https:\/\/sindaopcpb.org.br\/index.php\/wp-json\/wp\/v2\/users\/50"}],"replies":[{"embeddable":true,"href":"https:\/\/sindaopcpb.org.br\/index.php\/wp-json\/wp\/v2\/comments?post=26380"}],"version-history":[{"count":2,"href":"https:\/\/sindaopcpb.org.br\/index.php\/wp-json\/wp\/v2\/posts\/26380\/revisions"}],"predecessor-version":[{"id":26384,"href":"https:\/\/sindaopcpb.org.br\/index.php\/wp-json\/wp\/v2\/posts\/26380\/revisions\/26384"}],"wp:attachment":[{"href":"https:\/\/sindaopcpb.org.br\/index.php\/wp-json\/wp\/v2\/media?parent=26380"}],"wp:term":[{"taxonomy":"category","embeddable":true,"href":"https:\/\/sindaopcpb.org.br\/index.php\/wp-json\/wp\/v2\/categories?post=26380"},{"taxonomy":"post_tag","embeddable":true,"href":"https:\/\/sindaopcpb.org.br\/index.php\/wp-json\/wp\/v2\/tags?post=26380"}],"curies":[{"name":"wp","href":"https:\/\/api.w.org\/{rel}","templated":true}]}}