{"id":26374,"date":"2023-07-20T18:20:57","date_gmt":"2023-07-20T21:20:57","guid":{"rendered":"https:\/\/www.infomoney.com.br\/?p=2193018"},"modified":"2023-07-20T18:20:57","modified_gmt":"2023-07-20T21:20:57","slug":"procuradoria-pede-arquivamento-de-acao-da-cpmi-contra-mauro-cid","status":"publish","type":"post","link":"https:\/\/sindaopcpb.org.br\/index.php\/2023\/07\/20\/procuradoria-pede-arquivamento-de-acao-da-cpmi-contra-mauro-cid\/","title":{"rendered":"Procuradoria pede arquivamento de a\u00e7\u00e3o da CPMI contra Mauro Cid"},"content":{"rendered":"<p><img loading=\"lazy\" width=\"300\" height=\"225\" src=\"https:\/\/www.infomoney.com.br\/wp-content\/uploads\/2023\/07\/lula5227-31.jpg?fit=300%2C225&amp;quality=70&amp;strip=all\" class=\"attachment-medium size-medium wp-post-image\" alt=\"\" decoding=\"async\" style=\"float:right; margin:0 0 10px 10px;\" srcset=\"https:\/\/www.infomoney.com.br\/wp-content\/uploads\/2023\/07\/lula5227-31.jpg?w=1024&amp;quality=70&amp;strip=all 1024w, https:\/\/www.infomoney.com.br\/wp-content\/uploads\/2023\/07\/lula5227-31.jpg?w=300&amp;quality=70&amp;strip=all 300w, https:\/\/www.infomoney.com.br\/wp-content\/uploads\/2023\/07\/lula5227-31.jpg?w=768&amp;quality=70&amp;strip=all 768w, https:\/\/www.infomoney.com.br\/wp-content\/uploads\/2023\/07\/lula5227-31.jpg?w=150&amp;quality=70&amp;strip=all 150w\" sizes=\"auto, (max-width: 300px) 100vw, 300px\" data-attachment-id=\"2184515\" data-permalink=\"https:\/\/www.infomoney.com.br\/politica\/ex-ajudante-de-ordens-de-bolsonaro-permanece-em-silencio-em-depoimento-a-cpi-do-8-de-janeiro\/attachment\/lula5227-31\/\" data-orig-file=\"https:\/\/www.infomoney.com.br\/wp-content\/uploads\/2023\/07\/lula5227-31.jpg?fit=1024%2C768&amp;quality=70&amp;strip=all\" data-orig-size=\"1024,768\" data-comments-opened=\"0\" data-image-meta=\"{&quot;aperture&quot;:&quot;4.5&quot;,&quot;credit&quot;:&quot;Lula Marques\\\/ Ag\\u00eancia Brasil&quot;,&quot;camera&quot;:&quot;Canon EOS-1D X&quot;,&quot;caption&quot;:&quot;Bras\\u00edlia (DF) 11\\\/07\\\/2023  Depoimento para CPMI do golpe do tenente-coronel Mauro C\\u00e9sar Barbosa Cid, ex-ajudante-de-ordens do ent\\u00e3o presidente Jair Bolsonaro.Foto Lula Marques\\\/ Ag\\u00eancia Brasil.&quot;,&quot;created_timestamp&quot;:&quot;1689074134&quot;,&quot;copyright&quot;:&quot;Ag\\u00eancia Brasil\\\/EBC&quot;,&quot;focal_length&quot;:&quot;300&quot;,&quot;iso&quot;:&quot;2500&quot;,&quot;shutter_speed&quot;:&quot;0.005&quot;,&quot;title&quot;:&quot;&quot;,&quot;orientation&quot;:&quot;0&quot;}\" data-image-title=\"Mauro Cid na CPMI do 8 de Janeiro\" data-image-description=\"\" data-image-caption=\"&lt;p&gt;Bras\u00edlia (DF) 11\/07\/2023  Depoimento para CPMI do golpe do tenente-coronel Mauro C\u00e9sar Barbosa Cid, ex-ajudante-de-ordens do ent\u00e3o presidente Jair Bolsonaro.Foto Lula Marques\/ Ag\u00eancia Brasil.&lt;\/p&gt;\n\" data-medium-file=\"https:\/\/www.infomoney.com.br\/wp-content\/uploads\/2023\/07\/lula5227-31.jpg?fit=300%2C225&amp;quality=70&amp;strip=all\" data-large-file=\"https:\/\/www.infomoney.com.br\/wp-content\/uploads\/2023\/07\/lula5227-31.jpg?fit=1024%2C768&amp;quality=70&amp;strip=all\" title=\"\"><\/p>\n<p>A Procuradoria da Rep\u00fablica no Distrito Federal defendeu nesta quinta-feira (20) o arquivamento da den\u00fancia apresentada pela Comiss\u00e3o Parlamentar Mista de Inqu\u00e9rito (CPMI) dos atos golpistas de 8 de janeiro contra Mauro Cid, ex-ajudante de ordens de Jair Bolsonaro.<\/p>\n<p>No in\u00edcio deste m\u00eas, a comiss\u00e3o entrou com uma a\u00e7\u00e3o contra Cid ap\u00f3s ele prestar depoimento e se negar a responder perguntas que n\u00e3o o incriminariam. Para os parlamentares da comiss\u00e3o, o ex-ajudante teria cometido &#8220;abuso do direito ao sil\u00eancio&#8221; ao rejeitar informar at\u00e9 sua idade.<\/p>\n<p>Ao analisar o caso, o procurador Caio Vaez Dias entendeu que Mauro Cid n\u00e3o cometeu nenhum crime e pediu o arquivamento do processo. Caber\u00e1 \u00e0 10\u00aa Vara Federal decidir a quest\u00e3o.<\/p>\n<p>Antes do depoimento, uma liminar da ministra C\u00e1rmen L\u00facia, do Supremo Tribunal Federal (STF), garantiu a Mauro Cid o direito de ficar em sil\u00eancio diante de perguntas que pudessem incrimin\u00e1-lo.<\/p>\n<p>O ex-ajudante de ordens foi chamado para depor ap\u00f3s a divulga\u00e7\u00e3o de mensagens apreendidas pela Pol\u00edcia Federal (PF) em seu celular na investiga\u00e7\u00e3o sobre supostas fraudes nos cart\u00f5es de vacina de Bolsonaro.<\/p>\n<p>De acordo com relat\u00f3rio de investiga\u00e7\u00e3o da Pol\u00edcia Federal, as mensagens evidenciam que Cid reuniu documentos para dar suporte jur\u00eddico \u00e0 execu\u00e7\u00e3o de um golpe de Estado.<\/p>\n<h2><strong>Defesa<\/strong><\/h2>\n<p>Procurado pela <em>Ag\u00eancia Brasil<\/em>, o advogado Bernardo Fenelon, representante de Mauro Cid, declarou que o Minist\u00e9rio P\u00fablico agiu de &#8220;maneira precisa e em conson\u00e2ncia com ordenamento jur\u00eddico&#8221; ao pedir o arquivamento.<\/p>\n<p>Em nota, o defensor disse que a continuidade da representa\u00e7\u00e3o da CPI seria &#8220;uma criminaliza\u00e7\u00e3o do direito constitucional ao sil\u00eancio&#8221;.<\/p>\n<p>&#8220;Ningu\u00e9m pode ser constrangido a responder algo que possa eventualmente lhe prejudicar, tendo em vista que isto configura, indubitavelmente, a base do princ\u00edpio humanit\u00e1rio do nemo tenetur se detegere &#8211; (a n\u00e3o obriga\u00e7\u00e3o de constituir provas contra si mesmo ), historicamente conquistado para afastar abusos do poder punitivo estatal&#8221;, afirmou.<\/p>\n<p>The post <a rel=\"nofollow noopener\" href=\"https:\/\/www.infomoney.com.br\/politica\/procuradoria-pede-arquivamento-de-acao-da-cpmi-contra-mauro-cid\/\" target=\"_blank\">Procuradoria pede arquivamento de a\u00e7\u00e3o da CPMI contra Mauro Cid<\/a> appeared first on <a rel=\"nofollow noopener\" href=\"https:\/\/www.infomoney.com.br\/\" target=\"_blank\">InfoMoney<\/a>.<\/p>\n","protected":false},"excerpt":{"rendered":"<p><img loading=\"lazy\" decoding=\"async\" width=\"300\" height=\"225\" src=\"https:\/\/www.infomoney.com.br\/wp-content\/uploads\/2023\/07\/lula5227-31.jpg?fit=300%2C225&amp;quality=70&amp;strip=all\" class=\"attachment-medium size-medium wp-post-image\" alt=\"\" data-attachment-id=\"2184515\" data-permalink=\"https:\/\/www.infomoney.com.br\/politica\/ex-ajudante-de-ordens-de-bolsonaro-permanece-em-silencio-em-depoimento-a-cpi-do-8-de-janeiro\/attachment\/lula5227-31\/\" data-orig-file=\"https:\/\/www.infomoney.com.br\/wp-content\/uploads\/2023\/07\/lula5227-31.jpg?fit=1024%2C768&amp;quality=70&amp;strip=all\" data-orig-size=\"1024,768\" data-comments-opened=\"0\" data-image-meta='{\"aperture\":\"4.5\",\"credit\":\"Lula Marques\\\/ Ag\\u00eancia Brasil\",\"camera\":\"Canon EOS-1D X\",\"caption\":\"Bras\\u00edlia (DF) 11\\\/07\\\/2023  Depoimento para CPMI do golpe do tenente-coronel Mauro C\\u00e9sar Barbosa Cid, ex-ajudante-de-ordens do ent\\u00e3o presidente Jair Bolsonaro.Foto Lula Marques\\\/ Ag\\u00eancia Brasil.\",\"created_timestamp\":\"1689074134\",\"copyright\":\"Ag\\u00eancia Brasil\\\/EBC\",\"focal_length\":\"300\",\"iso\":\"2500\",\"shutter_speed\":\"0.005\",\"title\":\"\",\"orientation\":\"0\"}' data-image-title=\"Mauro Cid na CPMI do 8 de Janeiro\" data-image-description=\"\" data-image-caption=\"&lt;p&gt;Bras\u00edlia (DF) 11\/07\/2023  Depoimento para CPMI do golpe do tenente-coronel Mauro C\u00e9sar Barbosa Cid, ex-ajudante-de-ordens do ent\u00e3o presidente Jair Bolsonaro.Foto Lula Marques\/ Ag\u00eancia Brasil.&lt;\/p&gt;\n\" data-medium-file=\"https:\/\/www.infomoney.com.br\/wp-content\/uploads\/2023\/07\/lula5227-31.jpg?fit=300%2C225&amp;quality=70&amp;strip=all\" data-large-file=\"https:\/\/www.infomoney.com.br\/wp-content\/uploads\/2023\/07\/lula5227-31.jpg?fit=1024%2C768&amp;quality=70&amp;strip=all\">Procurador respons\u00e1vel diz que ex-ajudante de ordem n\u00e3o cometeu crime<\/p>\n<p>The post <a rel=\"nofollow\" href=\"https:\/\/www.infomoney.com.br\/politica\/procuradoria-pede-arquivamento-de-acao-da-cpmi-contra-mauro-cid\/\">Procuradoria pede arquivamento de a\u00e7\u00e3o da CPMI contra Mauro Cid<\/a> appeared first on <a rel=\"nofollow\" href=\"https:\/\/www.infomoney.com.br\/\">InfoMoney<\/a>.<\/p>\n","protected":false},"author":44,"featured_media":0,"comment_status":"closed","ping_status":"closed","sticky":false,"template":"","format":"standard","meta":{"advgb_blocks_editor_width":"","advgb_blocks_columns_visual_guide":"","footnotes":""},"categories":[358,1306,34,2144,47],"tags":[35],"class_list":["post-26374","post","type-post","status-publish","format-standard","hentry","category-ataque-em-brasilia","category-cpmi","category-g1","category-mauro-cid","category-politica","tag-g1"],"author_meta":{"display_name":"Ag\u00eancia Brasil","author_link":"https:\/\/sindaopcpb.org.br\/author\/agencia-brasil\/"},"featured_img":null,"coauthors":[],"tax_additional":{"categories":{"linked":["<a href=\"https:\/\/sindaopcpb.org.br\/ataque-em-brasilia\/\" class=\"advgb-post-tax-term\">Ataque em Bras\u00edlia<\/a>","<a href=\"https:\/\/sindaopcpb.org.br\/cpmi\/\" class=\"advgb-post-tax-term\">CPMI<\/a>","<a href=\"https:\/\/sindaopcpb.org.br\/g1\/\" class=\"advgb-post-tax-term\">G1<\/a>","<a href=\"https:\/\/sindaopcpb.org.br\/mauro-cid\/\" class=\"advgb-post-tax-term\">Mauro Cid<\/a>","<a href=\"https:\/\/sindaopcpb.org.br\/politica\/\" class=\"advgb-post-tax-term\">POLITICA<\/a>"],"unlinked":["<span class=\"advgb-post-tax-term\">Ataque em Bras\u00edlia<\/span>","<span class=\"advgb-post-tax-term\">CPMI<\/span>","<span class=\"advgb-post-tax-term\">G1<\/span>","<span class=\"advgb-post-tax-term\">Mauro Cid<\/span>","<span class=\"advgb-post-tax-term\">POLITICA<\/span>"]},"tags":{"linked":["<a href=\"https:\/\/sindaopcpb.org.br\/politica\/\" class=\"advgb-post-tax-term\">g1<\/a>"],"unlinked":["<span class=\"advgb-post-tax-term\">g1<\/span>"]}},"comment_count":"0","relative_dates":{"created":"Publicado 3 anos atr\u00e1s","modified":"Atualizado 3 anos atr\u00e1s"},"absolute_dates":{"created":"Publicado em 20 de julho de 2023","modified":"Atualizado em 20 de julho de 2023"},"absolute_dates_time":{"created":"Publicado em 20 de julho de 2023 18:20","modified":"Atualizado em 20 de julho de 2023 18:20"},"featured_img_caption":"","series_order":"","_links":{"self":[{"href":"https:\/\/sindaopcpb.org.br\/index.php\/wp-json\/wp\/v2\/posts\/26374","targetHints":{"allow":["GET"]}}],"collection":[{"href":"https:\/\/sindaopcpb.org.br\/index.php\/wp-json\/wp\/v2\/posts"}],"about":[{"href":"https:\/\/sindaopcpb.org.br\/index.php\/wp-json\/wp\/v2\/types\/post"}],"author":[{"embeddable":true,"href":"https:\/\/sindaopcpb.org.br\/index.php\/wp-json\/wp\/v2\/users\/44"}],"replies":[{"embeddable":true,"href":"https:\/\/sindaopcpb.org.br\/index.php\/wp-json\/wp\/v2\/comments?post=26374"}],"version-history":[{"count":1,"href":"https:\/\/sindaopcpb.org.br\/index.php\/wp-json\/wp\/v2\/posts\/26374\/revisions"}],"predecessor-version":[{"id":26375,"href":"https:\/\/sindaopcpb.org.br\/index.php\/wp-json\/wp\/v2\/posts\/26374\/revisions\/26375"}],"wp:attachment":[{"href":"https:\/\/sindaopcpb.org.br\/index.php\/wp-json\/wp\/v2\/media?parent=26374"}],"wp:term":[{"taxonomy":"category","embeddable":true,"href":"https:\/\/sindaopcpb.org.br\/index.php\/wp-json\/wp\/v2\/categories?post=26374"},{"taxonomy":"post_tag","embeddable":true,"href":"https:\/\/sindaopcpb.org.br\/index.php\/wp-json\/wp\/v2\/tags?post=26374"}],"curies":[{"name":"wp","href":"https:\/\/api.w.org\/{rel}","templated":true}]}}